{"id":275952,"date":"2022-02-18T16:58:43","date_gmt":"2022-02-18T16:58:43","guid":{"rendered":"https:\/\/dimensionturistica.com\/es\/?p=275952"},"modified":"2022-02-18T16:58:44","modified_gmt":"2022-02-18T16:58:44","slug":"presentado-el-costa-brava-mediterranean-foods-2022","status":"publish","type":"post","link":"https:\/\/dimensionturistica.com\/es\/presentado-el-costa-brava-mediterranean-foods-2022\/","title":{"rendered":"Presentado el Costa Brava Mediterranean Foods 2022"},"content":{"rendered":"<p> <br \/>\n<\/p>\n<div>\n<div id=\"attachment_323300\" style=\"width: 630px\" class=\"wp-caption alignnone\"><a target=\"_blank\" href=\"http:\/\/www.ciclo21.com\/wp-content\/uploads\/2022\/02\/IMG_7027.jpg\" rel=\"noopener\"><img decoding=\"async\" class=\"wp-image-323300 size-large\" src=\"http:\/\/www.ciclo21.com\/wp-content\/uploads\/2022\/02\/IMG_7027-1024x683.jpg\" alt=\"\" width=\"620\" height=\"414\" srcset=\"https:\/\/www.ciclo21.com\/wp-content\/uploads\/2022\/02\/IMG_7027-1024x683.jpg 1024w, https:\/\/www.ciclo21.com\/wp-content\/uploads\/2022\/02\/IMG_7027-300x200.jpg 300w, https:\/\/www.ciclo21.com\/wp-content\/uploads\/2022\/02\/IMG_7027-768x512.jpg 768w, https:\/\/www.ciclo21.com\/wp-content\/uploads\/2022\/02\/IMG_7027-600x400.jpg 600w\" sizes=\"(max-width: 620px) 100vw, 620px\"\/><\/a><\/p>\n<p class=\"wp-caption-text\">Presentaci\u00f3n Costa Brava Mediterranean Meals\u00a0\u00a9\u00a0\u00c0lex Mart\u00ednez Rangel<\/p>\n<\/div>\n<p><strong>Redacci\u00f3n \/\u00a0<a target=\"_blank\" href=\"https:\/\/www.ciclo21.com\/\" rel=\"noopener\">Ciclo 21<\/a><\/strong><\/p>\n<p style=\"text-align: justify;\">El equipo femenino <strong>Costa Brava Mediterranean Meals<\/strong> celebr\u00f3 el domingo 13 de febrero su presentaci\u00f3n de cara a la temporada 2022 en Sant Feliu de Gu\u00edxols, en el marco de la concentraci\u00f3n realizada durante el fin de semana.<\/p>\n<p style=\"text-align: justify;\">En la puesta de largo se recordaron los inicios de la escuadra de <strong>Santa Cristina de Aro<\/strong> desde su nacimiento en 2016, el paso de la campeona ol\u00edmpica <a target=\"_blank\" href=\"https:\/\/www.ciclo21.com\/tokio-2020-feminas-fondo-kiesenhofer\/\" rel=\"noopener\"><strong>Anna Kiesenhofer<\/strong><\/a> por el conjunto blanquinegro y los diferentes triunfos del equipo, como por ejemplo las victorias finales en dos Copas de Espa\u00f1a, cinco copas catalanas y cinco campeonatos de Catalu\u00f1a, todos ellos en carretera.<\/p>\n<p style=\"text-align: justify;\">En la presentaci\u00f3n estuvieron presentes Jordi Ca\u00f1igueral (directivo de Costa Brava Mediterranean Meals), M\u00aa Lourdes Fuentes (alcaldesa de Santa Cristina d\u2019Aro), Anna Bux\u00f3 (regidora de deportes de Santa Cristina d\u2019Aro), Joaquim Vilaplana (presidente de la <strong>Federaci\u00f3 Catalana Ciclisme<\/strong>), Carles Ferrer (vicepresidente de la Federaci\u00f3 Catalana Ciclisme y delegado territorial de Girona) y Anna Juli\u00e0 (\u00abcap de la Representaci\u00f3 Territorial d\u2019Esports a Girona de la Generalitat de Catalunya\u00bb), quien entreg\u00f3 un <strong>reconocimiento de j\u00f3venes promesas<\/strong> tanto al equipo como a Luc\u00eda Garc\u00eda.<\/p>\n<p style=\"text-align: justify;\">La temporada pasada el Costa Brava Mediterranean Meals consigui\u00f3 alzarse con el triunfo remaining de la <a target=\"_blank\" href=\"https:\/\/www.ciclo21.com\/copa-espana-feminas-2021-noja\/\" rel=\"noopener\"><strong>Copa de Espa\u00f1a<\/strong><\/a> en categor\u00eda cadete con <strong>Laia Bosch<\/strong>, ciclista que tambi\u00e9n se impuso en la Copa Catalana, en la Vuelta a Cantabria y se proclam\u00f3 campeona de Catalu\u00f1a en ruta y en contrarreloj, adem\u00e1s de lograr la medalla de bronce en los nacionales de crono. Por su parte, <strong>Luc\u00eda Garc\u00eda<\/strong> fue <a target=\"_blank\" href=\"https:\/\/www.ciclo21.com\/campeonato-espana-junior-carretera-2021-romeo-fernandez\/\" rel=\"noopener\"><strong>subcampeona de Espa\u00f1a en ruta<\/strong><\/a> y particip\u00f3 en los Campeonatos de Europa en Trento (Italia).<\/p>\n<p style=\"text-align: justify;\">El <strong>Membership Ciclista Ataraxia<\/strong> mantiene la estructura formada por una escuela y equipos cadete, j\u00fanior y \u00e9lite-sub 23. Los equipos de competici\u00f3n cuentan con un calendario que abarca carreras internacionales, nacionales y regionales, lo que les permite lucir en diferentes territorios y modalidades de ciclismo, como en carretera, pista y ciclo-cross.<\/p>\n<p style=\"text-align: justify;\">El equipo cadete est\u00e1 formado por N\u00faria Hidalgo (Girona), Tania Pozo (Barcelona), Irene Reina (Baleares) e Irune S\u00e1nchez (Barcelona). La escuadra j\u00fanior presenta a Carla Albareda (Barcelona), Laia Bosch (Barcelona), Anaraida Caro (Sevilla), Luc\u00eda Garc\u00eda (Girona), Sof\u00eda Gonz\u00e1lez (Argentina) y Nayhara Monserrat (Baleares). Integran el conjunto \u00e9lite-sub 23 Johanna Noelia Bracco (Uruguay), Txell Claret (Girona), Liliana Jesus (Portugal), Ana Bel\u00e9n Maruny (Sevilla) y Sophie-Jo Wylie (Gales). Por su parte, Pilar Maci\u00e1n (Castell\u00f3n) lucir\u00e1 el maillot blanquinegro en la categor\u00eda m\u00e1ster.<\/p>\n<p style=\"text-align: justify;\">Finalmente, constituyen el cuerpo t\u00e9cnico del Costa Brava Mediterranean Meals Felisario Exp\u00f3sito (director m\u00e1nager), Irene Pijuan (t\u00e9cnico), Jes\u00fas Casc\u00f3n (director deportivo), Jos\u00e9 Mar\u00eda Lara (auxiliar), Raquel Mu\u00f1oz (auxiliar) y Josep Bosch (mec\u00e1nico).<\/p>\n<\/div>\n<p><script>window.___gcfg = {lang: 'en-US'};\n\t(function(w, d, s) {\n\t  function go(){\n\t\tvar js, fjs = d.getElementsByTagName(s)[0], load = function(url, id) {\n\t\t  if (d.getElementById(id)) {return;}\n\t\t  js = d.createElement(s); js.src = url; js.id = id;\n\t\t  fjs.parentNode.insertBefore(js, fjs);\n\t\t};\n\t\tload('\/\/connect.facebook.net\/en\/all.js#xfbml=1', 'fbjssdk');\n\t\tload('https:\/\/apis.google.com\/js\/plusone.js', 'gplus1js');\n\t\tload('\/\/platform.twitter.com\/widgets.js', 'tweetjs');\n\t  }\n\t  if (w.addEventListener) { w.addEventListener(\"load\", go, false); }\n\t  else if (w.attachEvent) { w.attachEvent(\"onload\",go); }\n\t}(window, document, 'script'));<\/script><br \/>\n<br \/><\/p>\n<p><em> \u2018 The preceding article may include information circulated by third parties \u2019 <\/em><\/p>\n<p><em> \u2018 Some details of this article were extracted from the following source www.ciclo21.com \u2019 <\/em><\/p>\n","protected":false},"excerpt":{"rendered":"<p>Presentaci\u00f3n Costa Brava Mediterranean Meals\u00a0\u00a9\u00a0\u00c0lex Mart\u00ednez Rangel Redacci\u00f3n \/\u00a0Ciclo 21 El equipo femenino Costa Brava Mediterranean Meals celebr\u00f3 el domingo 13 de febrero su presentaci\u00f3n de cara a la temporada 2022 en Sant Feliu de Gu\u00edxols, en el marco de la concentraci\u00f3n realizada durante el fin de semana. En la puesta de largo se recordaron [&hellip;]<\/p>\n","protected":false},"author":2,"featured_media":275953,"comment_status":"open","ping_status":"closed","sticky":false,"template":"","format":"standard","meta":{"om_disable_all_campaigns":false,"jnews-multi-image_gallery":[],"jnews_single_post":[],"jnews_primary_category":[],"jnews_social_meta":[],"footnotes":""},"categories":[43],"tags":[],"class_list":["post-275952","post","type-post","status-publish","format-standard","has-post-thumbnail","hentry","category-gourmet"],"_links":{"self":[{"href":"https:\/\/dimensionturistica.com\/es\/wp-json\/wp\/v2\/posts\/275952","targetHints":{"allow":["GET"]}}],"collection":[{"href":"https:\/\/dimensionturistica.com\/es\/wp-json\/wp\/v2\/posts"}],"about":[{"href":"https:\/\/dimensionturistica.com\/es\/wp-json\/wp\/v2\/types\/post"}],"author":[{"embeddable":true,"href":"https:\/\/dimensionturistica.com\/es\/wp-json\/wp\/v2\/users\/2"}],"replies":[{"embeddable":true,"href":"https:\/\/dimensionturistica.com\/es\/wp-json\/wp\/v2\/comments?post=275952"}],"version-history":[{"count":0,"href":"https:\/\/dimensionturistica.com\/es\/wp-json\/wp\/v2\/posts\/275952\/revisions"}],"wp:featuredmedia":[{"embeddable":true,"href":"https:\/\/dimensionturistica.com\/es\/wp-json\/wp\/v2\/media\/275953"}],"wp:attachment":[{"href":"https:\/\/dimensionturistica.com\/es\/wp-json\/wp\/v2\/media?parent=275952"}],"wp:term":[{"taxonomy":"category","embeddable":true,"href":"https:\/\/dimensionturistica.com\/es\/wp-json\/wp\/v2\/categories?post=275952"},{"taxonomy":"post_tag","embeddable":true,"href":"https:\/\/dimensionturistica.com\/es\/wp-json\/wp\/v2\/tags?post=275952"}],"curies":[{"name":"wp","href":"https:\/\/api.w.org\/{rel}","templated":true}]}}