{"id":274924,"date":"2022-02-16T15:53:36","date_gmt":"2022-02-16T15:53:36","guid":{"rendered":"https:\/\/dimensionturistica.com\/es\/?p=274924"},"modified":"2022-02-16T15:53:37","modified_gmt":"2022-02-16T15:53:37","slug":"empresarios-de-playa-del-carmen-temen-que-sargazo-cause-bajo-turismo","status":"publish","type":"post","link":"https:\/\/dimensionturistica.com\/es\/empresarios-de-playa-del-carmen-temen-que-sargazo-cause-bajo-turismo\/","title":{"rendered":"Empresarios de Playa del Carmen temen que sargazo cause bajo turismo"},"content":{"rendered":"<p> <br \/>\n<\/p>\n<div id=\"cuerpo-nota\">\n<p><strong>Empresarios de Playa del Carmen<\/strong>\u00a0manifiestan su preocupaci\u00f3n ante el pr\u00f3ximo <strong>recale de sargazo<\/strong> en este destino tur\u00edstico, aunque el almirante Alejandro L\u00f3pez Zenteno, Coordinador Nacional de la Estrategia para la Atenci\u00f3n del Sargazo, inform\u00f3 que desde noviembre pasado, todos los equipos y herramientas fueron sometidos a mantenimiento, por lo que esperan que est\u00e9n a tiempo para cuando comience el arribo del alga.<\/p>\n<p><strong>Semana Santa<\/strong> del 2021 fue una temporada problem\u00e1tica para el sector tur\u00edstico debido a que se registr\u00f3 un gran recale de sargazo y pese al trabajo coordinado de diversas autoridades, no fue suficiente, pues las aguas coloration turquesa del Mar Caribe se tornaron chocolatosas debido a la talofita, impactando econ\u00f3micamente los ingresos del <strong>sector tur\u00edstico en la Riviera Maya<\/strong>.<\/p>\n<aside class=\"htmlinline\"\/>\n<aside class=\"relacionadas con-foto\">\n<h5>Noticias Relacionadas<\/h5>\n<\/aside>\n<p>Es por ello que, algunos trabajadores y encargados de clubes de playa as\u00ed como empresarios, expresaron su preocupaci\u00f3n ante la pr\u00f3xima temporada vacacional de Semana Santa.<\/p>\n<p><img decoding=\"async\" alt=\"\" height=\"432\" src=\"https:\/\/www.poresto.net\/u\/fotografias\/m\/2021\/3\/19\/f768x1-62440_62567_5050.jpg\" width=\"768\"\/><\/p>\n<aside class=\"htmlinline\"\/>\n<aside class=\"relacionadas con-foto\">\n<h5>Noticias Relacionadas<\/h5>\n<\/aside>\n<p>Aunque saben que el arribo del alga ya est\u00e1 agendado en el calendario, consideran que los gobiernos y el sector tur\u00edstico, deber\u00edan coordinarse para que esto no afecte ese momento de reactivaci\u00f3n econ\u00f3mica.<\/p>\n<p>\u201cSin lugar a dudas aquellas semanas fueron terribles, pues la esper\u00e1bamos con ansias y s\u00f3lo recibimos poco turismo; algunos amigos que son de agencias de viaje tuvieron cancelaciones, pues los turistas esperaban ver el mar azul, pero las playas estaban llenas de alga y el olor a podrido no los dejaba comer\u201d, puntualiz\u00f3 Gerardo \u201cN\u201d.<\/p>\n<p>Por ello, en su momento, Alejandro L\u00f3pez Zenteno dijo que desde noviembre pasado, al cerrar la temporada 2021, todos los equipos y herramientas fueron sometidos a mantenimiento.<\/p>\n<p>Las lanchas costeras se concentraron en el centro de operaciones de Chetumal, el buque sargacero \u201cNatans\u201d fue trasladado al astillero de Coatzacoalcos, y a las barreras se les someti\u00f3 a lavado, cambio de herrajes y revisi\u00f3n de las faldas, entre otros trabajos.\n<\/p>\n<p><img decoding=\"async\" alt=\"\" height=\"575\" src=\"https:\/\/www.poresto.net\/u\/fotografias\/m\/2021\/8\/27\/f768x1-120690_120817_5050.jpg\" width=\"768\"\/>\n<\/p>\n<p>L\u00f3pez Zenteno asegur\u00f3 que han tenido reuniones de coordinaci\u00f3n con los Gobiernos Estatal y Municipales para informarles la configuraci\u00f3n de las <strong>barreras antisargazo en Playa del Carmen<\/strong> de\u00a0este a\u00f1o, sobre los sitios de transferencia para la disposici\u00f3n del sargazo, para continuar avanzando en la posibilidad de generar un valor agregado y para que se introduzca en alguna cadena productiva de Quintana Roo.\n<\/p>\n<p>El almirante explic\u00f3 que el sargazo, como fen\u00f3meno pure, tiene un crecimiento provocado por la temperatura del agua; en invierno, las aguas son m\u00e1s fr\u00edas y no hay tanta producci\u00f3n del alga. Cuando entren la primavera y el verano, habr\u00e1 m\u00e1s sargazo.\n<\/p>\n<p>Anticip\u00f3 que im\u00e1genes de la Universidad del Sur de Florida muestran que las cantidades de sargazo en el Oc\u00e9ano Atl\u00e1ntico y en el Caribe Mexicano podr\u00edan ser similares a las de 2020.\n<\/p>\n<p>S\u00edguenos en <a rel=\"nofollow noopener\" target=\"_blank\" href=\"https:\/\/bit.ly\/PorEstoGoogleNews\">Google News<\/a> y recibe la mejor informaci\u00f3n.\n<\/p>\n<p>CG\n<\/p>\n<\/div>\n<p><script>\n      window.fbAsyncInit = function() {\n        FB.init({\n          appId      : '{292213061927134}',\n          status     : true,\n\t\t  version:  'v2.7',\n          xfbml      : true\n        });\nFB.Event.subscribe('comment.create', function (response) {grabacom_compa(316853)});\t\nFB.Event.subscribe('comment.remove',  function (response) {grabacom_compa(316853)});\t\nFB.Event.subscribe('edge.create',  function (response) {grabacom_compa(316853)});\nFB.Event.subscribe('edge.remove',  function (response) {grabacom_compa(316853)});\n      };\n(function(d, s, id) {\n  var js, fjs = d.getElementsByTagName(s)[0];\n  if (d.getElementById(id)) return;\n  js = d.createElement(s); js.id = id;\n  js.src = \"\/\/connect.facebook.net\/es_LA\/sdk.js#xfbml=1&version=v2.7&appId=292213061927134\";\n  fjs.parentNode.insertBefore(js, fjs);\n}(document, 'script', 'facebook-jssdk'));\n    <\/script><br \/>\n<br \/><\/p>\n<p><em> &#8221; Fuentes www.poresto.net &#8221; <\/em><\/p>\n","protected":false},"excerpt":{"rendered":"<p>Empresarios de Playa del Carmen\u00a0manifiestan su preocupaci\u00f3n ante el pr\u00f3ximo recale de sargazo en este destino tur\u00edstico, aunque el almirante Alejandro L\u00f3pez Zenteno, Coordinador Nacional de la Estrategia para la Atenci\u00f3n del Sargazo, inform\u00f3 que desde noviembre pasado, todos los equipos y herramientas fueron sometidos a mantenimiento, por lo que esperan que est\u00e9n a tiempo [&hellip;]<\/p>\n","protected":false},"author":4,"featured_media":274925,"comment_status":"open","ping_status":"closed","sticky":false,"template":"","format":"standard","meta":{"om_disable_all_campaigns":false,"jnews-multi-image_gallery":[],"jnews_single_post":[],"jnews_primary_category":[],"jnews_social_meta":[],"footnotes":""},"categories":[40],"tags":[40860,1064,40861],"class_list":["post-274924","post","type-post","status-publish","format-standard","has-post-thumbnail","hentry","category-industria","tag-empresarios-de-playa-del-carmen","tag-quintana-roo","tag-sargazo-en-playa-del-carmen"],"_links":{"self":[{"href":"https:\/\/dimensionturistica.com\/es\/wp-json\/wp\/v2\/posts\/274924","targetHints":{"allow":["GET"]}}],"collection":[{"href":"https:\/\/dimensionturistica.com\/es\/wp-json\/wp\/v2\/posts"}],"about":[{"href":"https:\/\/dimensionturistica.com\/es\/wp-json\/wp\/v2\/types\/post"}],"author":[{"embeddable":true,"href":"https:\/\/dimensionturistica.com\/es\/wp-json\/wp\/v2\/users\/4"}],"replies":[{"embeddable":true,"href":"https:\/\/dimensionturistica.com\/es\/wp-json\/wp\/v2\/comments?post=274924"}],"version-history":[{"count":0,"href":"https:\/\/dimensionturistica.com\/es\/wp-json\/wp\/v2\/posts\/274924\/revisions"}],"wp:featuredmedia":[{"embeddable":true,"href":"https:\/\/dimensionturistica.com\/es\/wp-json\/wp\/v2\/media\/274925"}],"wp:attachment":[{"href":"https:\/\/dimensionturistica.com\/es\/wp-json\/wp\/v2\/media?parent=274924"}],"wp:term":[{"taxonomy":"category","embeddable":true,"href":"https:\/\/dimensionturistica.com\/es\/wp-json\/wp\/v2\/categories?post=274924"},{"taxonomy":"post_tag","embeddable":true,"href":"https:\/\/dimensionturistica.com\/es\/wp-json\/wp\/v2\/tags?post=274924"}],"curies":[{"name":"wp","href":"https:\/\/api.w.org\/{rel}","templated":true}]}}