{"id":274866,"date":"2022-02-16T15:02:03","date_gmt":"2022-02-16T15:02:03","guid":{"rendered":"https:\/\/dimensionturistica.com\/es\/?p=274866"},"modified":"2022-02-16T15:02:04","modified_gmt":"2022-02-16T15:02:04","slug":"la-hoteleria-impulso-la-recuperacion-turistica-de-colombia-en-2021","status":"publish","type":"post","link":"https:\/\/dimensionturistica.com\/es\/la-hoteleria-impulso-la-recuperacion-turistica-de-colombia-en-2021\/","title":{"rendered":"La hoteler\u00eda impuls\u00f3 la recuperaci\u00f3n tur\u00edstica de Colombia en 2021"},"content":{"rendered":"<p> <br \/>\n<\/p>\n<div>\n<p>El Ministerio de Comercio, Industria y Turismo (Mincomercio) de <a rel=\"nofollow noopener\" target=\"_blank\" href=\"https:\/\/www.hosteltur.com\/tag\/colombia\" title=\"Colombia \">Colombia <\/a>present\u00f3 los n\u00fameros finales de 2021 en relaci\u00f3n a la <a rel=\"nofollow noopener\" target=\"_blank\" href=\"https:\/\/www.hosteltur.com\/tag\/ocupacion-hotelera\" title=\"ocupaci\u00f3n hotelera\">ocupaci\u00f3n hotelera<\/a> en el pa\u00eds y asegur\u00f3 que este sector fue clave para impulsar la reactivaci\u00f3n en el pa\u00eds, especialmente hacia el remaining del a\u00f1o. Aunque el promedio anual de cuartos ocupados fue del 40,8%, muy por debajo del whole de 2019, la efficiency de diciembre fue una de las mejores, con un 54,4%, por encima del \u00faltimo diciembre prepand\u00e9mico.<\/p>\n<\/div>\n<div>\n<p>Cada vez aparecen m\u00e1s signos que dan cuenta del <strong>proceso de reactivaci\u00f3n que verifica el turismo de Colombia<\/strong>. Adem\u00e1s de ser uno de los pa\u00edses con mayor recuperaci\u00f3n de su conectividad; el dom\u00e9stico vivi\u00f3 un fin de a\u00f1o con vol\u00famenes similares a los de la \u201cvieja normalidad\u201d; un emisivo vibrante fue la principal fuente de ox\u00edgeno para las agencias de viajes, que recuperaron un 64% de sus ingresos; y ahora se suman a esta ecuaci\u00f3n los<strong> positivos datos de la hoteler\u00eda<\/strong>.<\/p>\n<p>Bas\u00e1ndose en datos del <a rel=\"nofollow noopener\" target=\"_blank\" title=\"DANE\" href=\"https:\/\/www.hosteltur.com\/tag\/dane\">DANE<\/a>, el organismo estad\u00edstico colombiano, y en el an\u00e1lisis de la Oficina de Estudios Econ\u00f3micos del Ministerio de Comercio, Industria y Turismo (Mincomercio), esta cartera inform\u00f3 que <strong>2021 termin\u00f3 con una alta ocupaci\u00f3n hotelera<\/strong>.<\/p>\n<div class=\"wysiwyg-photo\"><img decoding=\"async\" title=\"\" src=\"https:\/\/static.hosteltur.com\/app\/public\/uploads\/img\/articles\/2022\/02\/16\/L_113943_ocupacion-col1.jpg\" alt=\"\" data-id=\"235669\"\/> <\/p>\n<p>Colombia cerr\u00f3 2021 con una ocupaci\u00f3n hotelera del 40,8%, pero en diciembre marc\u00f3 un 54,4%<\/p>\n<\/p><\/div>\n<blockquote>\n<p>De acuerdo a lo informado, entre enero y diciembre del a\u00f1o pasado, la ocupaci\u00f3n promedio en los alojamientos colombianos fue del 40,8%, cifra baja en comparaci\u00f3n con 2019, uno a\u00f1o r\u00e9cord para el turismo colombiano. Sin embargo, adem\u00e1s de ser 10,9 puntos porcentuales mayor al resultado de 2020, cerr\u00f3 con un estupendo diciembre: tuvo una ocupaci\u00f3n del 54,4%, 4,6 puntos por encima de diciembre de 2019.<\/p>\n<\/blockquote>\n<p>Asimismo, dentro hubo desempe\u00f1os muy por encima del promedio nacional. A lo largo del a\u00f1o pasado la ocupaci\u00f3n en <strong>San Andr\u00e9s fue del 63,2%; en Cartagena, del 51,7%; y en el Caribe, del 46,5%<\/strong>.<\/p>\n<p>Y<strong> tambi\u00e9n hubo una mejora en los ingresos de los hoteles, con un 100,2% de incremento versus 2020<\/strong> que, claro est\u00e1, fue un a\u00f1o para el olvido para el turismo mundial. Pero la cartera colombiana resalt\u00f3 los casos de San Andr\u00e9s y Providencia, con un alza del 176,9%; y el Golfo de Morrosquillo y Sabana, con un 131,8%.<\/p>\n<blockquote>\n<p>\u201cEstas cifran confirman que la recuperaci\u00f3n del turismo en el pa\u00eds avanza con pasos firmes y que las pol\u00edticas, estrategias y proyectos que hemos liderado desde el Gobierno nacional afianzan al sector como un gran dinamizador de la econom\u00eda colombiana\u201d, afirm\u00f3 al respecto la ministra de Comercio, Industria y Turismo, Mar\u00eda Ximena Lombana.<\/p>\n<\/blockquote>\n<p>Volviendo puntualmente a <strong>diciembre<\/strong> de 2021, los<strong> ingresos hoteleros tambi\u00e9n mostraron una variaci\u00f3n positiva respecto al mismo mes de 2020 y 2021: un 101,3%, y un 2,4%, respectivamente<\/strong>. En tanto, el private ocupado creci\u00f3 un 25,7% en diciembre en comparaci\u00f3n con 2020.<\/p>\n<\/div>\n\n<p><em> &#8221; Fuentes www.hosteltur.com &#8221; <\/em><\/p>\n","protected":false},"excerpt":{"rendered":"<p>El Ministerio de Comercio, Industria y Turismo (Mincomercio) de Colombia present\u00f3 los n\u00fameros finales de 2021 en relaci\u00f3n a la ocupaci\u00f3n hotelera en el pa\u00eds y asegur\u00f3 que este sector fue clave para impulsar la reactivaci\u00f3n en el pa\u00eds, especialmente hacia el remaining del a\u00f1o. Aunque el promedio anual de cuartos ocupados fue del 40,8%, [&hellip;]<\/p>\n","protected":false},"author":4,"featured_media":274867,"comment_status":"open","ping_status":"closed","sticky":false,"template":"","format":"standard","meta":{"om_disable_all_campaigns":false,"jnews-multi-image_gallery":[],"jnews_single_post":[],"jnews_primary_category":[],"jnews_social_meta":[],"footnotes":""},"categories":[40],"tags":[771,55,715,1149],"class_list":["post-274866","post","type-post","status-publish","format-standard","has-post-thumbnail","hentry","category-industria","tag-colombia","tag-coronavirus","tag-economia","tag-ocupacion-hotelera"],"_links":{"self":[{"href":"https:\/\/dimensionturistica.com\/es\/wp-json\/wp\/v2\/posts\/274866","targetHints":{"allow":["GET"]}}],"collection":[{"href":"https:\/\/dimensionturistica.com\/es\/wp-json\/wp\/v2\/posts"}],"about":[{"href":"https:\/\/dimensionturistica.com\/es\/wp-json\/wp\/v2\/types\/post"}],"author":[{"embeddable":true,"href":"https:\/\/dimensionturistica.com\/es\/wp-json\/wp\/v2\/users\/4"}],"replies":[{"embeddable":true,"href":"https:\/\/dimensionturistica.com\/es\/wp-json\/wp\/v2\/comments?post=274866"}],"version-history":[{"count":0,"href":"https:\/\/dimensionturistica.com\/es\/wp-json\/wp\/v2\/posts\/274866\/revisions"}],"wp:featuredmedia":[{"embeddable":true,"href":"https:\/\/dimensionturistica.com\/es\/wp-json\/wp\/v2\/media\/274867"}],"wp:attachment":[{"href":"https:\/\/dimensionturistica.com\/es\/wp-json\/wp\/v2\/media?parent=274866"}],"wp:term":[{"taxonomy":"category","embeddable":true,"href":"https:\/\/dimensionturistica.com\/es\/wp-json\/wp\/v2\/categories?post=274866"},{"taxonomy":"post_tag","embeddable":true,"href":"https:\/\/dimensionturistica.com\/es\/wp-json\/wp\/v2\/tags?post=274866"}],"curies":[{"name":"wp","href":"https:\/\/api.w.org\/{rel}","templated":true}]}}