{"id":274709,"date":"2022-02-16T07:21:13","date_gmt":"2022-02-16T07:21:13","guid":{"rendered":"https:\/\/dimensionturistica.com\/es\/?p=274709"},"modified":"2022-02-16T07:21:14","modified_gmt":"2022-02-16T07:21:14","slug":"incrementan-muertes-por-covid-19-en-corea-del-sur-eu-cancelaria-viajes-al-pais-asiatico","status":"publish","type":"post","link":"https:\/\/dimensionturistica.com\/es\/incrementan-muertes-por-covid-19-en-corea-del-sur-eu-cancelaria-viajes-al-pais-asiatico\/","title":{"rendered":"Incrementan muertes por Covid-19 en Corea del Sur; EU cancelar\u00eda viajes al pa\u00eds asi\u00e1tico"},"content":{"rendered":"<p> <br \/>\n<\/p>\n<div>\n<p> <span class=\"escrito\">Escrito en <\/span> <span class=\"seccion\">MUNDO<\/span> <span class=\"el\">el<\/span> <time class=\"fecha-time\" itemprop=\"datePublished\" datetime=\"2022-2-15T16:55:00\">15\/2\/2022 \u00b7 16:55 hs<\/time> <\/p>\n<\/p><\/div>\n<div>\n<p><strong>Se\u00fal, Corea del Sur.-\u00a0<\/strong>Este martes, 15 de febrero, las autoridades sanitarias de <strong>Corea del Sur<\/strong> informaron un incremento en muertes por<strong> Covid-19<\/strong>, esto durante la nueva ola de <strong>\u00d3micron <\/strong>que azota al pa\u00eds. Por su parte, <strong>Estados Unidos<\/strong> aconsej\u00f3 a los viajeros evitar ir al pa\u00eds asi\u00e1tico.\u00a0<\/p>\n<p><a rel=\"nofollow noopener\" target=\"_blank\" href=\"https:\/\/news.google.com\/publications\/CAAqBwgKMM35hQsw876DAw?hl=es-419&amp;gl=MX&amp;ceid=MX:es-419\"><em><strong>Da clic aqu\u00ed y descubre m\u00e1s informaci\u00f3n de Tribuna Sonora en nuestra p\u00e1gina de Google News<\/strong><\/em><\/a><\/p>\n<p>De acuerdo con informaci\u00f3n de la <strong>Agencia de Prevenci\u00f3n y Management de Enfermedades de Corea<\/strong> (<strong>KDCA<\/strong>), este mismo d\u00eda se registraron alrededor de 61 defunciones, esta ser\u00eda la cifra m\u00e1s alta reportada desde el mes de enero, con un whole de 74, cuando la naci\u00f3n se encontraba lidiando con los estragos de la<strong> variante Delta<\/strong>.\u00a0<\/p>\n<p>Si bien, <strong>\u00d3micron <\/strong>es conocida por tener un menor indice de letalidad, la realidad es que el Gobierno Surcoreano se encuentra preocupado porque la infecci\u00f3n trigger estragos a mayor escala, por lo que no descartan un aumento en hospitalizaciones y muertes por la <strong>enfermedad<\/strong>.\u00a0<\/p>\n<p>Seg\u00fan informaci\u00f3n de la KDCA, Corea del Sur ha contabilizado un whole de 57 mil 177 casos, es decir 12 veces m\u00e1s de lo que se registr\u00f3 el mes de enero, este hecho provoc\u00f3 que \u00d3micron se convirtiera en la variante dominante.\u00a0<\/p>\n<p>Fuentes: Related Press Information\u00a0<\/p>\n<\/p><\/div>\n\n<p><em> &#8221; Fuentes www.tribuna.com.mx &#8221; <\/em><\/p>\n","protected":false},"excerpt":{"rendered":"<p>Escrito en MUNDO el 15\/2\/2022 \u00b7 16:55 hs Se\u00fal, Corea del Sur.-\u00a0Este martes, 15 de febrero, las autoridades sanitarias de Corea del Sur informaron un incremento en muertes por Covid-19, esto durante la nueva ola de \u00d3micron que azota al pa\u00eds. Por su parte, Estados Unidos aconsej\u00f3 a los viajeros evitar ir al pa\u00eds asi\u00e1tico.\u00a0 [&hellip;]<\/p>\n","protected":false},"author":4,"featured_media":274710,"comment_status":"open","ping_status":"closed","sticky":false,"template":"","format":"standard","meta":{"om_disable_all_campaigns":false,"jnews-multi-image_gallery":[],"jnews_single_post":[],"jnews_primary_category":[],"jnews_social_meta":[],"footnotes":""},"categories":[39],"tags":[1975,2606,55,510,797],"class_list":["post-274709","post","type-post","status-publish","format-standard","has-post-thumbnail","hentry","category-viajes","tag-contagios","tag-corea-del-sur","tag-coronavirus","tag-covid-19","tag-mundo"],"_links":{"self":[{"href":"https:\/\/dimensionturistica.com\/es\/wp-json\/wp\/v2\/posts\/274709","targetHints":{"allow":["GET"]}}],"collection":[{"href":"https:\/\/dimensionturistica.com\/es\/wp-json\/wp\/v2\/posts"}],"about":[{"href":"https:\/\/dimensionturistica.com\/es\/wp-json\/wp\/v2\/types\/post"}],"author":[{"embeddable":true,"href":"https:\/\/dimensionturistica.com\/es\/wp-json\/wp\/v2\/users\/4"}],"replies":[{"embeddable":true,"href":"https:\/\/dimensionturistica.com\/es\/wp-json\/wp\/v2\/comments?post=274709"}],"version-history":[{"count":0,"href":"https:\/\/dimensionturistica.com\/es\/wp-json\/wp\/v2\/posts\/274709\/revisions"}],"wp:featuredmedia":[{"embeddable":true,"href":"https:\/\/dimensionturistica.com\/es\/wp-json\/wp\/v2\/media\/274710"}],"wp:attachment":[{"href":"https:\/\/dimensionturistica.com\/es\/wp-json\/wp\/v2\/media?parent=274709"}],"wp:term":[{"taxonomy":"category","embeddable":true,"href":"https:\/\/dimensionturistica.com\/es\/wp-json\/wp\/v2\/categories?post=274709"},{"taxonomy":"post_tag","embeddable":true,"href":"https:\/\/dimensionturistica.com\/es\/wp-json\/wp\/v2\/tags?post=274709"}],"curies":[{"name":"wp","href":"https:\/\/api.w.org\/{rel}","templated":true}]}}