{"id":273563,"date":"2022-02-13T22:47:09","date_gmt":"2022-02-13T22:47:09","guid":{"rendered":"https:\/\/dimensionturistica.com\/es\/?p=273563"},"modified":"2022-02-13T22:47:09","modified_gmt":"2022-02-13T22:47:09","slug":"noticias-cartagena-buque-colombiano-llega-a-brasil-a-crucero","status":"publish","type":"post","link":"https:\/\/dimensionturistica.com\/es\/noticias-cartagena-buque-colombiano-llega-a-brasil-a-crucero\/","title":{"rendered":"Noticias Cartagena: Buque Colombiano llega a Brasil a crucero"},"content":{"rendered":"<p> <br \/>\n<\/p>\n<p>\n                      En complete fueron 21 d\u00edas de navegaci\u00f3n, surcando full avante las aguas del oc\u00e9ano Atl\u00e1ntic\n                  <\/p>\n<div>\n<p>Los 71 Marinos de Colombia que hacen parte de la tripulaci\u00f3n del Buque ARC \u201c20 de Julio\u201d junto a los 25 futuros oficiales de la Escuela Naval de Cadetes \u201cAlmirante Padilla\u201d, llegaron este pasado viernes a aguas brasileras, luego de recorrer 3.982 millas n\u00e1uticas desde la ciudad de Cartagena de Indias <strong>para participar en el crucero de Velas Latinoam\u00e9rica 2022.<\/strong><\/p>\n<p><strong>En complete fueron 21 d\u00edas de navegaci\u00f3n, surcando full avante las aguas del oc\u00e9ano Atl\u00e1ntic<\/strong>o, en los que los guardiamarinas desarrollaron su crucero de entrenamiento guiados por la tripulaci\u00f3n, con un riguroso entrenamiento y capacitaciones te\u00f3rico pr\u00e1cticas en procedimientos operacionales, maniobras, management de aver\u00edas, guardias de mar, puerto y fondeo entre otras actividades.<\/p>\n<p>Lea Aqu\u00ed:\u00a0<a rel=\"nofollow noopener\" target=\"_blank\" href=\"https:\/\/www.alertacaribe.com\/noticias\/bolivar\/inicia-produccion-de-pelicula-extranjera-y-habra-afectaciones-la-altura-de-bazurto\">Inicia producci\u00f3n de pel\u00edcula extranjera y habr\u00e1 afectaciones a la altura de Bazurto &#8211; Pie de La Popa<\/a><\/p>\n<p>Durante la navegaci\u00f3n se realiz\u00f3 tambi\u00e9n el alistamiento de diferentes representaciones musicales, art\u00edsticas y folcl\u00f3ricas de todas las regiones colombianas para dar a conocer en los diferentes puertos nuestra riqueza cultural en el marco del encuentro naval m\u00e1s grande de Latinoam\u00e9rica.<\/p>\n<p>\u00a0El d\u00eda de hoy, el buque ARC \u201c20 de Julio\u201d de la Armada de Colombia junto al Cisne Blanco de Brasil, Libertad y Bernardo Houssay de Argentina, Guayas de Ecuador, Uni\u00f3n de Per\u00fa y Capit\u00e1n Miranda de Uruguay, realizaron\u00a0una parada\u00a0 frente a la Escuela Naval en R\u00edo de Janeiro y posteriormente<strong> el d\u00eda de ma\u00f1ana lunes 14 part\u00edcipara\u00a0en la ceremonia de apertura para dar inicio oficialmente al encuentro.<\/strong><\/p>\n<p>Lea tambi\u00e9n:\u00a0<a rel=\"nofollow noopener\" target=\"_blank\" href=\"https:\/\/www.alertacaribe.com\/noticias\/bolivar\/este-lunes-mototaxistas-pediran-nuevamente-al-alcalde-que-elimine-el-viernes-sin\">Este lunes, Mototaxistas pedir\u00e1n nuevamente al alcalde que elimine el \u201cViernes sin Moto\u201d en Cartagena<\/a><\/p>\n<p><strong>El\u00a0Almirante Gabriel Alfonso P\u00e9rez Garc\u00e9s, Comandante de la Armada de Colombia estar\u00e1 presente en el desfile naval <\/strong>junto a los Comandantes de las marinas participantes para recibir a las diferentes tripulaciones que participar\u00e1n en esta traves\u00eda que se extiende por Latinoam\u00e9rica.<\/p>\n<p>\n\u00a0<\/p>\n<\/div>\n\n<p><em> &#8221; Fuentes www.alertacaribe.com &#8221; <\/em><\/p>\n","protected":false},"excerpt":{"rendered":"<p>En complete fueron 21 d\u00edas de navegaci\u00f3n, surcando full avante las aguas del oc\u00e9ano Atl\u00e1ntic Los 71 Marinos de Colombia que hacen parte de la tripulaci\u00f3n del Buque ARC \u201c20 de Julio\u201d junto a los 25 futuros oficiales de la Escuela Naval de Cadetes \u201cAlmirante Padilla\u201d, llegaron este pasado viernes a aguas brasileras, luego de [&hellip;]<\/p>\n","protected":false},"author":4,"featured_media":273564,"comment_status":"open","ping_status":"closed","sticky":false,"template":"","format":"standard","meta":{"om_disable_all_campaigns":false,"jnews-multi-image_gallery":[],"jnews_single_post":[],"jnews_primary_category":[],"jnews_social_meta":[],"footnotes":""},"categories":[41],"tags":[1824,40692,1756,40693],"class_list":["post-273563","post","type-post","status-publish","format-standard","has-post-thumbnail","hentry","category-cruceros","tag-brasil","tag-buque-arc-20-de-julio","tag-cartagena","tag-velas-latinoamerica-2022"],"_links":{"self":[{"href":"https:\/\/dimensionturistica.com\/es\/wp-json\/wp\/v2\/posts\/273563","targetHints":{"allow":["GET"]}}],"collection":[{"href":"https:\/\/dimensionturistica.com\/es\/wp-json\/wp\/v2\/posts"}],"about":[{"href":"https:\/\/dimensionturistica.com\/es\/wp-json\/wp\/v2\/types\/post"}],"author":[{"embeddable":true,"href":"https:\/\/dimensionturistica.com\/es\/wp-json\/wp\/v2\/users\/4"}],"replies":[{"embeddable":true,"href":"https:\/\/dimensionturistica.com\/es\/wp-json\/wp\/v2\/comments?post=273563"}],"version-history":[{"count":0,"href":"https:\/\/dimensionturistica.com\/es\/wp-json\/wp\/v2\/posts\/273563\/revisions"}],"wp:featuredmedia":[{"embeddable":true,"href":"https:\/\/dimensionturistica.com\/es\/wp-json\/wp\/v2\/media\/273564"}],"wp:attachment":[{"href":"https:\/\/dimensionturistica.com\/es\/wp-json\/wp\/v2\/media?parent=273563"}],"wp:term":[{"taxonomy":"category","embeddable":true,"href":"https:\/\/dimensionturistica.com\/es\/wp-json\/wp\/v2\/categories?post=273563"},{"taxonomy":"post_tag","embeddable":true,"href":"https:\/\/dimensionturistica.com\/es\/wp-json\/wp\/v2\/tags?post=273563"}],"curies":[{"name":"wp","href":"https:\/\/api.w.org\/{rel}","templated":true}]}}