{"id":270046,"date":"2022-02-05T19:20:07","date_gmt":"2022-02-05T19:20:07","guid":{"rendered":"https:\/\/dimensionturistica.com\/es\/?p=270046"},"modified":"2022-02-05T19:20:07","modified_gmt":"2022-02-05T19:20:07","slug":"mirabaud-apuesta-por-fusiones-en-viscofan-vidrala-y-ebro-foods","status":"publish","type":"post","link":"https:\/\/dimensionturistica.com\/es\/mirabaud-apuesta-por-fusiones-en-viscofan-vidrala-y-ebro-foods\/","title":{"rendered":"Mirabaud apuesta por fusiones en Viscofan, Vidrala y Ebro Foods"},"content":{"rendered":"<p> <br \/>\n<\/p>\n<div>\n<p><strong><a target=\"_blank\" href=\"https:\/\/www.finanzas.com\/finanzas-personales\/el-jefe-de-analisis-de-mirabaud-ficha-por-banco-santander.html\" data-type=\"post\" data-id=\"962783\" rel=\"noopener\">Mirbaud Equity Research<\/a><\/strong> estima que, dentro de un contexto de mercado exigente, <strong><a target=\"_blank\" href=\"https:\/\/www.finanzas.com\/ibex-35\/viscofan-resultados-continuistas-que-confirman-la-solidez-tras-la-pandemia.html\" data-type=\"post\" data-id=\"363473\" rel=\"noopener\">Viscofan<\/a><\/strong>, <strong><a target=\"_blank\" href=\"https:\/\/www.finanzas.com\/trading\/vidrala-busca-salir-de-la-crisis-apuntando-a-maximos-historicos_20085381_102.html\" data-type=\"post\" data-id=\"2915\" rel=\"noopener\">Vidrala<\/a>\u00a0<\/strong>y <strong><a target=\"_blank\" href=\"https:\/\/www.finanzas.com\/mercado-continuo\/ebro-foods-cocina-un-nuevo-dividendo-extraordinario_20114837_102.html\" data-type=\"post\" data-id=\"326\" rel=\"noopener\">Ebro Foods<\/a><\/strong> est\u00e1n en disposici\u00f3n de acometer operaciones corporativas que permitan reforzar su posicionamiento precise.<\/p>\n<p>La firma de inversi\u00f3n entiende que las tres compa\u00f1\u00edas est\u00e1n en \u201cuna mejor posici\u00f3n relativa que muchos de sus competidores\u201d y que pueden usar su <strong>\u201cs\u00f3lida\u201d situaci\u00f3n financiera para lanzarse a procesos de fusiones y adquisiciones<\/strong>, seg\u00fan el \u00faltimo informe de Mirabaud sobre el sector espa\u00f1ol de alimentaci\u00f3n y bebidas.<\/p>\n<p>Las tres cotizadas del Mercado Continuo est\u00e1n acostumbradas a usar su liquidez para expandirse a trav\u00e9s de la concentraci\u00f3n sectorial y el analista de Mirabaud especialista en el sector,<strong> Manuel Lorente<\/strong>, estima que, pese a sus capacidades de crecimiento, hay que mostrar \u201cprudencia\u201d a la hora de tomar una posici\u00f3n en estos valores.<\/p>\n<h3><strong>Dif\u00edcil contexto de mercado<\/strong><\/h3>\n<p>\u201cEn el actual entorno de mercado va a ser complicado que<strong> se ponga de manifiesto la profunda reestructuraci\u00f3n<\/strong> llevada a cabo por Ebro en el segmento de pasta seca\u201d, comenta el experto.<\/p>\n<p>Respecto a Vidrala cree que, a pesar de sus s\u00f3lidos fundamentales, \u201c<strong>el mometum de resultados seguir\u00e1 pesando a corto plazo<\/strong>\u201d. En cuanto a Viscofan, observa \u201c<strong>un <em>risk-reward<\/em> m\u00e1s atractivo que en ocasiones previas<\/strong>\u201d, estima Lorente.<\/p>\n<p>Como puntos a favor para las tres apunta a que no se percibe que el nivel de producci\u00f3n del sector se haya visto muy afectado por disrupciones en la cadena de suministros.<\/p>\n<p>\u201cYa sea por su naturaleza local m\u00e1s pegada al cliente (Vidrala) o por el liderazgo, posicionamiento y elevad\u00edsimo grado de diversificaci\u00f3n de su cadena de producci\u00f3n (Viscofan o Ebro), el sector se est\u00e1 manejando bien en este aspecto\u201d, considera el analista de Mirabaud.<\/p>\n<h3><strong>Problemas con la inflaci\u00f3n y los costos<\/strong><\/h3>\n<p>La demanda tambi\u00e9n ayuda pues <strong>los dinamismos de vol\u00famenes pospandemia \u201chan estado en l\u00ednea o incluso por encima de las expectativas<\/strong> iniciales de algunas compa\u00f1\u00edas llegando incluso a plantear incrementos de capacidad en Viscofan, Ebro Food y Vidrala\u201d, comenta Lorente.<\/p>\n<p>Con este marco, la prudencia de Mirabaud con los tres valores se debe a la inflaci\u00f3n pues, si bien van a incrementar el precio de sus productos para compensarla, la \u201cvirulencia de la subida de algunas materias primeras\u201d hace que la visibilidad para este a\u00f1o sea limitada.<\/p>\n<p>Lorente apunta tambi\u00e9n a que el sector \u201c<strong>sigue en una perpetua b\u00fasqueda de aligerar costes y\/o mejorar la eficiencia <\/strong>de sus procesos y nuestro entendimiento es que no ser\u00e1 un gran <em>driver<\/em> de protecci\u00f3n de margen en el a\u00f1o 2022\u201d, remacha Lorente.<\/p>\n<\/div>\n\n<p><em> \u2018 The preceding article may include information circulated by third parties \u2019 <\/em><\/p>\n<p><em> \u2018 Some details of this article were extracted from the following source www.finanzas.com \u2019 <\/em><\/p>\n","protected":false},"excerpt":{"rendered":"<p>Mirbaud Equity Research estima que, dentro de un contexto de mercado exigente, Viscofan, Vidrala\u00a0y Ebro Foods est\u00e1n en disposici\u00f3n de acometer operaciones corporativas que permitan reforzar su posicionamiento precise. La firma de inversi\u00f3n entiende que las tres compa\u00f1\u00edas est\u00e1n en \u201cuna mejor posici\u00f3n relativa que muchos de sus competidores\u201d y que pueden usar su \u201cs\u00f3lida\u201d [&hellip;]<\/p>\n","protected":false},"author":2,"featured_media":270047,"comment_status":"open","ping_status":"closed","sticky":false,"template":"","format":"standard","meta":{"om_disable_all_campaigns":false,"jnews-multi-image_gallery":[],"jnews_single_post":[],"jnews_primary_category":[],"jnews_social_meta":[],"footnotes":""},"categories":[43],"tags":[],"class_list":["post-270046","post","type-post","status-publish","format-standard","has-post-thumbnail","hentry","category-gourmet"],"_links":{"self":[{"href":"https:\/\/dimensionturistica.com\/es\/wp-json\/wp\/v2\/posts\/270046","targetHints":{"allow":["GET"]}}],"collection":[{"href":"https:\/\/dimensionturistica.com\/es\/wp-json\/wp\/v2\/posts"}],"about":[{"href":"https:\/\/dimensionturistica.com\/es\/wp-json\/wp\/v2\/types\/post"}],"author":[{"embeddable":true,"href":"https:\/\/dimensionturistica.com\/es\/wp-json\/wp\/v2\/users\/2"}],"replies":[{"embeddable":true,"href":"https:\/\/dimensionturistica.com\/es\/wp-json\/wp\/v2\/comments?post=270046"}],"version-history":[{"count":0,"href":"https:\/\/dimensionturistica.com\/es\/wp-json\/wp\/v2\/posts\/270046\/revisions"}],"wp:featuredmedia":[{"embeddable":true,"href":"https:\/\/dimensionturistica.com\/es\/wp-json\/wp\/v2\/media\/270047"}],"wp:attachment":[{"href":"https:\/\/dimensionturistica.com\/es\/wp-json\/wp\/v2\/media?parent=270046"}],"wp:term":[{"taxonomy":"category","embeddable":true,"href":"https:\/\/dimensionturistica.com\/es\/wp-json\/wp\/v2\/categories?post=270046"},{"taxonomy":"post_tag","embeddable":true,"href":"https:\/\/dimensionturistica.com\/es\/wp-json\/wp\/v2\/tags?post=270046"}],"curies":[{"name":"wp","href":"https:\/\/api.w.org\/{rel}","templated":true}]}}