{"id":268522,"date":"2022-02-02T10:02:24","date_gmt":"2022-02-02T10:02:24","guid":{"rendered":"https:\/\/dimensionturistica.com\/es\/?p=268522"},"modified":"2022-02-02T10:02:24","modified_gmt":"2022-02-02T10:02:24","slug":"ada-cosmetics-y-balmain-hair-couture-cosmetica-de-lujo-para-el-sector-hotelero","status":"publish","type":"post","link":"https:\/\/dimensionturistica.com\/es\/ada-cosmetics-y-balmain-hair-couture-cosmetica-de-lujo-para-el-sector-hotelero\/","title":{"rendered":"Ada Cosmetics y Balmain Hair Couture: cosm\u00e9tica de lujo para el sector hotelero"},"content":{"rendered":"<p> <br \/>\n<\/p>\n<div>\n<div class=\"wysiwyg-photo\"><img decoding=\"async\" src=\"https:\/\/static.hosteltur.com\/app\/public\/uploads\/img\/releases\/2022\/02\/02\/L_105317_balmain-foto.jpg\" alt=\"Imagen nota de prensa Hosteltur\" width=\"646\" height=\"497\"\/><\/div>\n<p>Febrero 2022 &#8211; Balmain Hair Couture lleva m\u00e1s de 45 a\u00f1os elaborando productos de cuidado capilar y estilismo inspirados en las \u00faltimas tendencias de la pasarela. La marca tambi\u00e9n es todo un icono de la gama cosm\u00e9tica hotelera m\u00e1s selecta.<\/p>\n<p>Desde principios de 2020, Balmain Hair Couture y Ada Cosmetics abastecen con gran \u00e9xito a los hoteles Gran Hyatt con la exclusiva cosm\u00e9tica Balmain. Ahora, ambas casas ampl\u00edan su colaboraci\u00f3n a partir de 2022 y prev\u00e9n embellecer las estancias de los hu\u00e9spedes de hoteles de lujo de todo el mundo. Otro colaborador de Balmain se encargar\u00e1 tambi\u00e9n de atender a los hoteles de Australia, Nueva Zelanda y Polinesia.<\/p>\n<p>\u00abLa excelencia y una calidad sin limitaciones son nuestro criterio\u00bb, afirma Steward Guliker, Ceo de Balmain Hair, \u00abalgo que tambi\u00e9n se aplica a la hora de escoger a nuestros colaboradores. Por ello apreciamos enormemente que sea ADA Cosmetics el socio l\u00edder y competente que nos acompa\u00f1e a nivel mundial\u00bb.<\/p>\n<p>Gerd von Podewils, Cmo del Grupo ADA, se muestra encantado de reforzar la colaboraci\u00f3n con Balmain: \u00abNos sentimos orgullosos y afortunados de poder escribir un nuevo cap\u00edtulo de nuestra colaboraci\u00f3n con un socio tan exclusivo como Balmain. Las l\u00edneas de cuidado de la marca conjugan elegancia, savoir-vivre y stylish parisino; permiten a los hoteleros agasajar a sus hu\u00e9spedes con exquisitos productos cosm\u00e9ticos\u00bb.<\/p>\n<p>Los estrechos lazos que Ada Cosmetics mantiene con el sector hotelero, su fuerte compromiso en el desarrollo de soluciones de dispensadores sostenibles y seguros y su estructura de comercializaci\u00f3n a nivel mundial constituyen las mejores premisas para lograr un \u00e9xito conjunto, afirma von Podewils. www.ada-cosmetics.com<\/p>\n<\/p><\/div>\n\n<p><em> &#8221; Fuentes www.hosteltur.com &#8221; <\/em><\/p>\n","protected":false},"excerpt":{"rendered":"<p>Febrero 2022 &#8211; Balmain Hair Couture lleva m\u00e1s de 45 a\u00f1os elaborando productos de cuidado capilar y estilismo inspirados en las \u00faltimas tendencias de la pasarela. La marca tambi\u00e9n es todo un icono de la gama cosm\u00e9tica hotelera m\u00e1s selecta. Desde principios de 2020, Balmain Hair Couture y Ada Cosmetics abastecen con gran \u00e9xito a [&hellip;]<\/p>\n","protected":false},"author":4,"featured_media":268523,"comment_status":"open","ping_status":"closed","sticky":false,"template":"","format":"standard","meta":{"om_disable_all_campaigns":false,"jnews-multi-image_gallery":[],"jnews_single_post":[],"jnews_primary_category":[],"jnews_social_meta":[],"footnotes":""},"categories":[39],"tags":[1140],"class_list":["post-268522","post","type-post","status-publish","format-standard","has-post-thumbnail","hentry","category-viajes","tag-hoteles-y-alojamientos"],"_links":{"self":[{"href":"https:\/\/dimensionturistica.com\/es\/wp-json\/wp\/v2\/posts\/268522","targetHints":{"allow":["GET"]}}],"collection":[{"href":"https:\/\/dimensionturistica.com\/es\/wp-json\/wp\/v2\/posts"}],"about":[{"href":"https:\/\/dimensionturistica.com\/es\/wp-json\/wp\/v2\/types\/post"}],"author":[{"embeddable":true,"href":"https:\/\/dimensionturistica.com\/es\/wp-json\/wp\/v2\/users\/4"}],"replies":[{"embeddable":true,"href":"https:\/\/dimensionturistica.com\/es\/wp-json\/wp\/v2\/comments?post=268522"}],"version-history":[{"count":0,"href":"https:\/\/dimensionturistica.com\/es\/wp-json\/wp\/v2\/posts\/268522\/revisions"}],"wp:featuredmedia":[{"embeddable":true,"href":"https:\/\/dimensionturistica.com\/es\/wp-json\/wp\/v2\/media\/268523"}],"wp:attachment":[{"href":"https:\/\/dimensionturistica.com\/es\/wp-json\/wp\/v2\/media?parent=268522"}],"wp:term":[{"taxonomy":"category","embeddable":true,"href":"https:\/\/dimensionturistica.com\/es\/wp-json\/wp\/v2\/categories?post=268522"},{"taxonomy":"post_tag","embeddable":true,"href":"https:\/\/dimensionturistica.com\/es\/wp-json\/wp\/v2\/tags?post=268522"}],"curies":[{"name":"wp","href":"https:\/\/api.w.org\/{rel}","templated":true}]}}