{"id":268326,"date":"2022-02-01T20:27:11","date_gmt":"2022-02-01T20:27:11","guid":{"rendered":"https:\/\/dimensionturistica.com\/es\/?p=268326"},"modified":"2022-02-01T20:27:11","modified_gmt":"2022-02-01T20:27:11","slug":"en-la-septima-edicion-del-smart-city-expo-latam-congress-se-busca-promover-la-activacion-y-aceleracion-de-proyectos-y-acciones-en-pro-de-las-ciudades-latinoamericanas-desde-la-tecnologia-y-la-innovac","status":"publish","type":"post","link":"https:\/\/dimensionturistica.com\/es\/en-la-septima-edicion-del-smart-city-expo-latam-congress-se-busca-promover-la-activacion-y-aceleracion-de-proyectos-y-acciones-en-pro-de-las-ciudades-latinoamericanas-desde-la-tecnologia-y-la-innovac\/","title":{"rendered":"En la s\u00e9ptima edici\u00f3n del Smart City Expo Latam Congress se busca promover la activaci\u00f3n y aceleraci\u00f3n de proyectos  y acciones en pro de las ciudades Latinoamericanas desde la tecnolog\u00eda y la innovaci\u00f3n"},"content":{"rendered":"<p><img decoding=\"async\" class=\"size-medium wp-image-268328\" src=\"https:\/\/dimensionturistica.com\/es\/wp-content\/uploads\/2022\/02\/SEMATRE3-300x184.jpg\" alt=\"\" width=\"300\" height=\"184\" srcset=\"https:\/\/dimensionturistica.com\/es\/wp-content\/uploads\/2022\/02\/SEMATRE3-300x184.jpg 300w, https:\/\/dimensionturistica.com\/es\/wp-content\/uploads\/2022\/02\/SEMATRE3-768x472.jpg 768w, https:\/\/dimensionturistica.com\/es\/wp-content\/uploads\/2022\/02\/SEMATRE3-750x461.jpg 750w, https:\/\/dimensionturistica.com\/es\/wp-content\/uploads\/2022\/02\/SEMATRE3.jpg 850w\" sizes=\"(max-width: 300px) 100vw, 300px\" \/><\/p>\n<p>Cada d\u00eda las ciudades crecen y con ellas, los retos para quienes las habitan se acrecientan y se presentan con mayor frecuencia, amenazando el desarrollo de nuestros territorios.<br \/>\nPara afrontar y contrarrestar el impacto de estos desaf\u00edos a los que se enfrenta Am\u00e9rica Latina y el Caribe, Smart City Expo LATAM Congress, es el evento que se ha convertido en la plataforma de colaboraci\u00f3n e implementaci\u00f3n de las acciones que, a trav\u00e9s de tecnolog\u00eda e innovaci\u00f3n, se requieren para la transformaci\u00f3n y evoluci\u00f3n de nuestra regi\u00f3n.<br \/>\nBajo el eje rector \u201cACTIVAR, ACTUAR, ACELERAR\u201d, el evento l\u00edder de ciudades inteligentes de Am\u00e9rica Latina invita a todos los gobiernos, empresas del sector privado, instituciones, medios de comunicaci\u00f3n y ciudadanos de la regi\u00f3n y del mundo, a involucrarse y participar en esta s\u00e9ptima edici\u00f3n para ser parte de las acciones que se est\u00e1n implementando para contribuir a la regeneraci\u00f3n de las ciudades de Am\u00e9rica Latina y el Caribe.<br \/>\nA partir del 7 y hasta el 9 de junio, en su formato presencial y por tercera ocasi\u00f3n teniendo a la ciudad de M\u00e9rida, Yucat\u00e1n como anfitri\u00f3n y al Centro de Convenciones Siglo XXI como recinto sede, bajo los m\u00e1s estrictos protocolos de bioseguridad, se llevar\u00e1 a cabo un programa de congreso que contar\u00e1 con m\u00e1s de 300 conferencistas y una zona expositiva de 10,000 m2 que dar\u00e1 lugar a m\u00e1s de 200 instituciones, empresas y m\u00e1s de 55 medios de comunicaci\u00f3n.<br \/>\nAdem\u00e1s, como parte del programa del congreso ser\u00e1 presentada \u201cLa Revoluci\u00f3n de la Proximidad\u201d, un side event liderado por La Universidad Sorbona de Par\u00eds y Carlos Moreno, Director Cient\u00edfico de la C\u00e1tedra \u201cEmprendimiento, Territorio, Innovaci\u00f3n\u201d de la instituci\u00f3n, quien es tambi\u00e9n un referente del concepto de \u201cLas ciudades de los 15 minutos\u201d.<br \/>\nPor su parte, en su formato virtual, a llevarse a cabo los d\u00edas 14, 15 y 16 de junio, se realizar\u00e1 una<\/p>\n<p><img decoding=\"async\" class=\"size-medium wp-image-268329\" src=\"https:\/\/dimensionturistica.com\/es\/wp-content\/uploads\/2022\/02\/SMARTE.1-300x182.jpg\" alt=\"\" width=\"300\" height=\"182\" srcset=\"https:\/\/dimensionturistica.com\/es\/wp-content\/uploads\/2022\/02\/SMARTE.1-300x182.jpg 300w, https:\/\/dimensionturistica.com\/es\/wp-content\/uploads\/2022\/02\/SMARTE.1-768x465.jpg 768w, https:\/\/dimensionturistica.com\/es\/wp-content\/uploads\/2022\/02\/SMARTE.1-750x454.jpg 750w, https:\/\/dimensionturistica.com\/es\/wp-content\/uploads\/2022\/02\/SMARTE.1.jpg 850w\" sizes=\"(max-width: 300px) 100vw, 300px\" \/><\/p>\n<p>retransmisi\u00f3n de los contenidos en un formato que permita una total experiencia al visitante virtual para acceder al programa del congreso, realizar networking y generar oportunidades de vinculaci\u00f3n v\u00eda remota con asistentes de toda Am\u00e9rica Latina.<br \/>\nEste a\u00f1o el programa del congreso abordar\u00e1 principalmente 7 tem\u00e1ticas: Transformaci\u00f3n Digital, Sociedad Conectada, Cambio clim\u00e1tico y ciudades resilientes, Movilidad y Urbanismo Sustentable, Ciudades que Cuidan, iWater y Legislaci\u00f3n y Financiamiento.<br \/>\nTambi\u00e9n por 5a. ocasi\u00f3n se realizar\u00e1 la celebraci\u00f3n de los LATAM Smart City Awards, para reconocer a los proyectos que, con innovaci\u00f3n y tecnolog\u00eda, han transformado las ciudades de la regi\u00f3n.<br \/>\nLos interesados en registrar su proyecto podr\u00e1n hacerlo a partir del 21 de febrero en www.smartcityexpolatam.com, en alguna de las 4 categor\u00edas de premiaci\u00f3n:<br \/>\nCiudad LATAM, Transformaci\u00f3n digital, Desarrollo urbano sostenible y movilidad y Sociedad equitativa y colaborativa.<br \/>\nSe invita a empresas, gobiernos, instituciones, academia, investigadores, ONGs y start-ups a inscribir los proyectos implementados o en etapa de implementaci\u00f3n en ciudad(es) de Am\u00e9rica Latina.<br \/>\nSmart City Expo Latam Congress 2022, se ha convertido en el pivote del ecosistema de evoluci\u00f3n urbana y territorial de Latinoam\u00e9rica, encargado de promover iniciativas, soluciones y acciones que permitan regenerar nuestras ciudades y territorios. Particularmente desde su iniciativa Alianza Smart Latam y en conjunto con ONU-Habitat, el Smart City Expo LATAM Congress incentiva la implementaci\u00f3n de proyectos estrat\u00e9gicos en colaboraci\u00f3n con algunas ciudades y territorios que ya toman estos liderazgos como Antioquia, Cali, Guadalajara, Miraflores (Lima, Per\u00fa), Quer\u00e9taro, R\u00edo de Janeiro y por supuesto Yucat\u00e1n. Para mayor informaci\u00f3n de la Alianza Smarta Latam visite<br \/>\nwww.alianzasmartlatam.org<br \/>\nInvitamos a estar pendientes de nuestras redes sociales: Twitter e Instagram como @SmartCityLATAM, Facebook y Linkedin a trav\u00e9s de Smart City Expo Latam Congress, y en nuestra p\u00e1gina web www.smartcityexpolatam.com para conocer y estar pendientes de las fechas de inicio de registro y convocatorias.<\/p>\n","protected":false},"excerpt":{"rendered":"<p>Cada d\u00eda las ciudades crecen y con ellas, los retos para quienes las habitan se acrecientan y se presentan con mayor frecuencia, amenazando el desarrollo de nuestros territorios. Para afrontar y contrarrestar el impacto de estos desaf\u00edos a los que se enfrenta Am\u00e9rica Latina y el Caribe, Smart City Expo LATAM Congress, es el evento [&hellip;]<\/p>\n","protected":false},"author":1,"featured_media":268330,"comment_status":"open","ping_status":"closed","sticky":false,"template":"","format":"standard","meta":{"om_disable_all_campaigns":false,"jnews-multi-image_gallery":[],"jnews_single_post":{"source_name":"","source_url":"","via_name":"","via_url":"","override_template":"0","override":[{"template":"1","single_blog_custom":"","parallax":"1","fullscreen":"1","layout":"right-sidebar","sidebar":"default-sidebar","second_sidebar":"default-sidebar","sticky_sidebar":"1","share_position":"top","share_float_style":"share-monocrhome","show_share_counter":"1","show_view_counter":"1","show_featured":"1","show_post_meta":"1","show_post_author":"1","show_post_author_image":"1","show_post_date":"1","post_date_format":"default","post_date_format_custom":"Y\/m\/d","show_post_category":"1","show_post_reading_time":"0","post_reading_time_wpm":"300","show_zoom_button":"0","zoom_button_out_step":"2","zoom_button_in_step":"3","show_post_tag":"1","show_prev_next_post":"1","show_popup_post":"1","number_popup_post":"1","show_author_box":"0","show_post_related":"0","show_inline_post_related":"0"}],"override_image_size":"0","image_override":[{"single_post_thumbnail_size":"crop-500","single_post_gallery_size":"crop-500"}],"trending_post":"0","trending_post_position":"meta","trending_post_label":"Trending","sponsored_post":"0","sponsored_post_label":"Sponsored by","sponsored_post_name":"","sponsored_post_url":"","sponsored_post_logo_enable":"0","sponsored_post_logo":"","sponsored_post_desc":"","disable_ad":"0"},"jnews_primary_category":{"id":""},"jnews_social_meta":{"fb_title":"","fb_description":"","fb_image":"","twitter_title":"","twitter_description":"","twitter_image":""},"footnotes":""},"categories":[40],"tags":[],"class_list":["post-268326","post","type-post","status-publish","format-standard","has-post-thumbnail","hentry","category-industria"],"_links":{"self":[{"href":"https:\/\/dimensionturistica.com\/es\/wp-json\/wp\/v2\/posts\/268326","targetHints":{"allow":["GET"]}}],"collection":[{"href":"https:\/\/dimensionturistica.com\/es\/wp-json\/wp\/v2\/posts"}],"about":[{"href":"https:\/\/dimensionturistica.com\/es\/wp-json\/wp\/v2\/types\/post"}],"author":[{"embeddable":true,"href":"https:\/\/dimensionturistica.com\/es\/wp-json\/wp\/v2\/users\/1"}],"replies":[{"embeddable":true,"href":"https:\/\/dimensionturistica.com\/es\/wp-json\/wp\/v2\/comments?post=268326"}],"version-history":[{"count":0,"href":"https:\/\/dimensionturistica.com\/es\/wp-json\/wp\/v2\/posts\/268326\/revisions"}],"wp:featuredmedia":[{"embeddable":true,"href":"https:\/\/dimensionturistica.com\/es\/wp-json\/wp\/v2\/media\/268330"}],"wp:attachment":[{"href":"https:\/\/dimensionturistica.com\/es\/wp-json\/wp\/v2\/media?parent=268326"}],"wp:term":[{"taxonomy":"category","embeddable":true,"href":"https:\/\/dimensionturistica.com\/es\/wp-json\/wp\/v2\/categories?post=268326"},{"taxonomy":"post_tag","embeddable":true,"href":"https:\/\/dimensionturistica.com\/es\/wp-json\/wp\/v2\/tags?post=268326"}],"curies":[{"name":"wp","href":"https:\/\/api.w.org\/{rel}","templated":true}]}}