{"id":268065,"date":"2022-02-01T08:22:28","date_gmt":"2022-02-01T08:22:28","guid":{"rendered":"https:\/\/dimensionturistica.com\/es\/?p=268065"},"modified":"2022-02-01T08:22:28","modified_gmt":"2022-02-01T08:22:28","slug":"los-socios-del-restaurante-disfrutar-abriran-en-barcelona-su-segundo-compartir","status":"publish","type":"post","link":"https:\/\/dimensionturistica.com\/es\/los-socios-del-restaurante-disfrutar-abriran-en-barcelona-su-segundo-compartir\/","title":{"rendered":"Los socios del restaurante Disfrutar abrir\u00e1n en Barcelona su segundo Compartir"},"content":{"rendered":"<p> <br \/>\n<\/p>\n<div>\n<p data-gtm-element-container=\"modulo-texto-link\" class=\"paragraph\">La concept no ha surgido, como tantas iniciativas gastron\u00f3micas, durante el viacrucis de la pandemia, sino que viene de lejos. De hecho, recuerdan Oriol Castro, Eduard Xatruch y Mateu Casa\u00f1as,  que cuando  tras a\u00f1os de complicidad en la cocina de El Bulli y despu\u00e9s  de abrir   en 2012  en Cadaqu\u00e9s su primer  negocio juntos,  Compartir, decidieron dar el salto a Barcelona. \u201cEl nuevo restaurante iba  a llamarse Compartir Barcelona\u201d. Pero pronto se dieron  cuenta de que aquella  concept de platillos en el centro de la mesa  no period lo que se llevaban entre manos para el nuevo establecimiento en la capital catalana y decidieron que necesitaban otro nombre.\u00a0<\/p>\n<p><span class=\"content-ad-module  hidden-ad\"><\/p>\n<p><span class=\"content-ad visible-xs roba-container  hidden-ad\"><span class=\"ad-unit roba\"><\/p>\n<p>                <\/span><\/span><span class=\"content-ad visible-md irr-container  hidden-ad\"><span class=\"ad-unit irr\"><\/p>\n<p>                <\/span><\/span><span class=\"content-html\"><span class=\"intext-md hidden-xs hidden-md\"\/><\/span><\/span><\/p>\n<p data-gtm-element-container=\"modulo-texto-link\" class=\"paragraph\">Se llamar\u00eda Disfrutar y requerir\u00eda un equipo amplio para una propuesta de alt\u00edsima gastronom\u00eda que en poco tiempo se convirti\u00f3 en un referente mundial  (es el n\u00famero cinco en la lista de The World\u2019s 50 Greatest Eating places 2021) y donde ahora mismo cuentan con m\u00e1s de 60 empleados para 40 comensales  a los que, explican, quieren ofrecer lo mejor de lo mejor.<\/p>\n<figure class=\"composite-image image-container \" data-gtm-element-container=\"button-gallery\"><picture><source media=\"(min-width: 638px)\" data-srcset=\"https:\/\/www.lavanguardia.com\/files\/content_image_desktop_filter\/uploads\/2022\/01\/28\/61f40af92e01f.png\"><source media=\"(min-width: 480px)\" data-srcset=\"https:\/\/www.lavanguardia.com\/files\/content_image_intermediate_filter\/uploads\/2022\/01\/28\/61f40af92e01f.png\"><img decoding=\"async\" data-full-src=\"https:\/\/www.lavanguardia.com\/uploads\/2022\/01\/28\/61f40af92e01f.png\" alt=\"Compartir 2\" src=\"https:\/\/www.lavanguardia.com\/files\/content_image_mobile_filter\/uploads\/2022\/01\/28\/61f40af92e01f.png\" class=\"lazy\"\/><\/source><\/source><\/picture><figcaption class=\"figure-caption\">\n<p class=\"caption-title \">Render de  una de las salas del  native, por donde se accede\u00a0<\/p>\n<p>                    <span class=\"caption-author \">El Equipo Creativo<\/span><\/p>\n<\/figcaption><\/figure>\n<figure class=\"composite-image image-container \" data-gtm-element-container=\"button-gallery\"><picture><source media=\"(min-width: 638px)\" data-srcset=\"https:\/\/www.lavanguardia.com\/files\/content_image_desktop_filter\/uploads\/2022\/01\/28\/61f40b07d6bb1.png\"><source media=\"(min-width: 480px)\" data-srcset=\"https:\/\/www.lavanguardia.com\/files\/content_image_intermediate_filter\/uploads\/2022\/01\/28\/61f40b07d6bb1.png\"><img decoding=\"async\" data-full-src=\"https:\/\/www.lavanguardia.com\/uploads\/2022\/01\/28\/61f40b07d6bb1.png\" alt=\"Compartir 2\" src=\"https:\/\/www.lavanguardia.com\/files\/content_image_mobile_filter\/uploads\/2022\/01\/28\/61f40b07d6bb1.png\" class=\"lazy\"\/><\/source><\/source><\/picture><figcaption class=\"figure-caption\">\n<p class=\"caption-title \">Render de la segunda sala\u00a0<\/p>\n<p>                    <span class=\"caption-author \">El Equipo Creativo<\/span><\/p>\n<\/figcaption><\/figure>\n<p data-gtm-element-container=\"modulo-texto-link\" class=\"paragraph\">Con esa misma voluntad han decidido cumplir con la asignatura pendiente de abrir su segundo Compartir en Barcelona, donde arrancar\u00e1n con 14 personas en sala, 14 en cocina y 4 en la limpieza . Lo hacen, explica Eduard Xatruch, cuando \u201cesta ciudad fant\u00e1stica est\u00e1 empezando a resurgir  y necesita que todos empujemos para seguir avanzando\u201d.<\/p>\n<p><span class=\"content-ad-module  hidden-ad\"><\/p>\n<p><span class=\"content-ad visible-xs irr-container  hidden-ad\"><span class=\"ad-unit irr\"><\/p>\n<p>                <\/span><\/span><span class=\"content-html\"><span class=\"intext-xs hidden-xs hidden-md\"\/><\/span><\/span><span class=\"content-related content-border content-related-default \" data-gtm-element-container=\"modulo-noticias-relacionadas\"><\/p>\n<p>    <span class=\"module-details\"><br \/>\n        <span class=\"module-supra-title\"><\/p>\n<p>        <span>Lee tambi\u00e9n<\/span><\/span><\/p>\n<p>    <span class=\"module-author \">Aurora Segura<\/span><\/span><\/p>\n<figure class=\"image-container\"><picture><source media=\"(min-width: 480px)\" data-srcset=\"https:\/\/www.lavanguardia.com\/files\/image_80_83\/files\/fp\/uploads\/2022\/01\/18\/61e6aa1b5f5d6.r_d.439-220.jpeg\"><img decoding=\"async\" data-full-src=\"https:\/\/www.lavanguardia.com\/uploads\/2022\/01\/18\/61e6aa1b5f5d6.jpeg\" alt=\"Una lata de at\u00fan en aceite de oliva\" src=\"https:\/\/www.lavanguardia.com\/files\/image_104_108\/files\/fp\/uploads\/2022\/01\/18\/61e6aa1b5f5d6.r_d.439-220.jpeg\" class=\"lazy\"\/><\/source><\/picture><\/figure>\n<p><\/span><\/p>\n<p data-gtm-element-container=\"modulo-texto-link\" class=\"paragraph\">Han elegido  un espl\u00e9ndido  native de 500 metros cuadrados en el Eixample, situado en el n\u00famero  225 de la calle Val\u00e8ncia, muy cerca de rambla Catalunya, que en su d\u00eda ocup\u00f3 el restaurante Cornelia. Y emprenden el proyecto incorporando a un cuarto miembro en el equipo, Nil Dulcet, que trabaj\u00f3 con ellos en El Bulli  y a quien  ficharon cuando abrieron en Cadaqu\u00e9s.  Dulcet, pieza clave tambi\u00e9n en la cocina del Disfrutar, no s\u00f3lo entra como socio sino que estar\u00e1 al frente del nuevo restaurante, que tienen previsto abrir a finales de abril, cuando finalicen las obras que est\u00e1n a punto de empezar, para dar vida a un interiorismo que han confiado nuevamente a Equipo Creativo (quienes idearon Disfrutar), y que se inspira totalmente en Cadaqu\u00e9s y en  la mediterraneidad.\u00a0<\/p>\n<p><span class=\"content-subtitle \"><\/p>\n<h3 class=\"subtitle\">El interiorismo, de El Equipo Creativo, se inspira en Cadaqu\u00e9s y en el paisaje y cultura mediterr\u00e1neos<\/h3>\n<p><\/span><\/p>\n<p data-gtm-element-container=\"modulo-texto-link\" class=\"paragraph\">\u201cEstoy esperando ese primera ladrillo con la misma ilusi\u00f3n que el primer plato que saldr\u00e1 de la cocina\u201d, explica Nil Dulcet, quien asegura que est\u00e1 tan ilusionado como sus socios y maestros. \u201cLes agradezco infinitamente que hayan confiado en mi y estoy emocionado ante el reto que afrontamos\u201d.\u00a0<\/p>\n<p><span class=\"content-ad-module  hidden-ad\"><\/p>\n<p><span class=\"content-ad visible-xs roba-container  hidden-ad\"><span class=\"ad-unit roba\"><\/p>\n<p>                <\/span><\/span><\/span><\/p>\n<p data-gtm-element-container=\"modulo-texto-link\" class=\"paragraph\">La propuesta culinaria ser\u00e1 hermana de la de Cadaqu\u00e9s, aunque explica Eduard Xatruch que \u201caqu\u00ed disponemos de m\u00e1s espacio de cocina y de un horno Josper que nos permitir\u00e1 jugar un poco m\u00e1s con el producto\u201d. La concept, a\u00f1ade Oriol Castro, es ir sacando nuevos platos que combinaremos con otros m\u00e1s antiguos de Cadaqu\u00e9s y, sobre todo, \u201ctener una propuesta que se adapte a una clientela que pueda repetir\u201d.\u00a0Clientes, cube Xatruch, \u201cque tal vez vendr\u00e1n a mediod\u00eda para una comida de trabajo y que volver\u00e1n la misma semana por la noche para comer con la pareja o amigos y que, si les apetece, podr\u00e1n elegir una propuesta m\u00e1s de d\u00eda a d\u00eda o hacerse un homenaje cuando la ocasi\u00f3n lo requiera\u201d.\u00a0<\/p>\n<figure class=\"composite-image image-container \" data-gtm-element-container=\"button-gallery\"><picture><source media=\"(min-width: 638px)\" data-srcset=\"https:\/\/www.lavanguardia.com\/files\/content_image_desktop_filter\/uploads\/2022\/01\/28\/61f40b0c37c17.jpeg\"><source media=\"(min-width: 480px)\" data-srcset=\"https:\/\/www.lavanguardia.com\/files\/content_image_intermediate_filter\/uploads\/2022\/01\/28\/61f40b0c37c17.jpeg\"><img decoding=\"async\" data-full-src=\"https:\/\/www.lavanguardia.com\/uploads\/2022\/01\/28\/61f40b0c37c17.jpeg\" alt=\"Compartir 2\" src=\"https:\/\/www.lavanguardia.com\/files\/content_image_mobile_filter\/uploads\/2022\/01\/28\/61f40b0c37c17.jpeg\" class=\"lazy\"\/><\/source><\/source><\/picture><figcaption class=\"figure-caption\">\n<p class=\"caption-title \">Nil Dulcet, Mateu Casa\u00f1as, Eduard Xatruch y Oriol Castro\u00a0<\/p>\n<p>                    <span class=\"caption-author \">Llibert Teixid\u00f3<\/span><\/p>\n<\/figcaption><\/figure>\n<p data-gtm-element-container=\"modulo-texto-link\" class=\"paragraph\">El native cuenta con dos entradas, una de ellas con zona de recepci\u00f3n, de modo que dibuja una U invertida en cuya base hay varios espacios reservados abiertos y que atraviesa de un comedor a otro la zona de bodega . El hecho de haber esperado a este momento para elegir el native les ha permitido, explica Oriol Castro, \u201ctener en cuenta aspectos necesarios hoy en d\u00eda como la luminosidad, la amplitud o contar con una terraza generosa\u201d.<\/p>\n<p><span class=\"content-ad-module  hidden-ad\"><\/p>\n<p><span class=\"content-ad visible-xs roba-container  hidden-ad\"><span class=\"ad-unit roba\"><\/p>\n<p>                <\/span><\/span><\/span><span class=\"content-ad-module  hidden-ad\"><\/p>\n<p><span class=\"content-ad visible-xs roba-container  hidden-ad\"><span class=\"ad-unit roba\"><\/p>\n<p>                <\/span><\/span><\/span>\n<\/div>\n<p><script type=\"script\/gg\">\n  gg.didomi.doWhenConsent(!window.didomiBypass, 'c:facebooka-frU9M5JY', function () {\n  !function(f,b,e,v,n,t,s)\n  {if(f.fbq)return;n=f.fbq=function()\n  {n.callMethod? n.callMethod.apply(n,arguments):n.queue.push(arguments)};\n  if(!f._fbq)f._fbq=n;n.push=n;n.loaded=!0;n.version='2.0';\n  n.queue=[];t=b.createElement(e);t.async=!0;\n  t.src=v;s=b.getElementsByTagName(e)[0];\n  s.parentNode.insertBefore(t,s)}(window, document,'script',\n  'https:\/\/connect.facebook.net\/en_US\/fbevents.js');\n  fbq('init', '316167066837274');\n  fbq('track', 'PageView');\n  });\n<\/script><br \/>\n<br \/><\/p>\n<p><em> \u2018 The preceding article may include information circulated by third parties \u2019 <\/em><\/p>\n<p><em> \u2018 Some details of this article were extracted from the following source www.lavanguardia.com \u2019 <\/em><\/p>\n","protected":false},"excerpt":{"rendered":"<p>La concept no ha surgido, como tantas iniciativas gastron\u00f3micas, durante el viacrucis de la pandemia, sino que viene de lejos. De hecho, recuerdan Oriol Castro, Eduard Xatruch y Mateu Casa\u00f1as, que cuando tras a\u00f1os de complicidad en la cocina de El Bulli y despu\u00e9s de abrir en 2012 en Cadaqu\u00e9s su primer negocio juntos, Compartir, [&hellip;]<\/p>\n","protected":false},"author":2,"featured_media":268066,"comment_status":"open","ping_status":"closed","sticky":false,"template":"","format":"standard","meta":{"om_disable_all_campaigns":false,"jnews-multi-image_gallery":[],"jnews_single_post":[],"jnews_primary_category":[],"jnews_social_meta":[],"footnotes":""},"categories":[43],"tags":[],"class_list":["post-268065","post","type-post","status-publish","format-standard","has-post-thumbnail","hentry","category-gourmet"],"_links":{"self":[{"href":"https:\/\/dimensionturistica.com\/es\/wp-json\/wp\/v2\/posts\/268065","targetHints":{"allow":["GET"]}}],"collection":[{"href":"https:\/\/dimensionturistica.com\/es\/wp-json\/wp\/v2\/posts"}],"about":[{"href":"https:\/\/dimensionturistica.com\/es\/wp-json\/wp\/v2\/types\/post"}],"author":[{"embeddable":true,"href":"https:\/\/dimensionturistica.com\/es\/wp-json\/wp\/v2\/users\/2"}],"replies":[{"embeddable":true,"href":"https:\/\/dimensionturistica.com\/es\/wp-json\/wp\/v2\/comments?post=268065"}],"version-history":[{"count":0,"href":"https:\/\/dimensionturistica.com\/es\/wp-json\/wp\/v2\/posts\/268065\/revisions"}],"wp:featuredmedia":[{"embeddable":true,"href":"https:\/\/dimensionturistica.com\/es\/wp-json\/wp\/v2\/media\/268066"}],"wp:attachment":[{"href":"https:\/\/dimensionturistica.com\/es\/wp-json\/wp\/v2\/media?parent=268065"}],"wp:term":[{"taxonomy":"category","embeddable":true,"href":"https:\/\/dimensionturistica.com\/es\/wp-json\/wp\/v2\/categories?post=268065"},{"taxonomy":"post_tag","embeddable":true,"href":"https:\/\/dimensionturistica.com\/es\/wp-json\/wp\/v2\/tags?post=268065"}],"curies":[{"name":"wp","href":"https:\/\/api.w.org\/{rel}","templated":true}]}}