{"id":266518,"date":"2022-01-28T05:36:14","date_gmt":"2022-01-28T05:36:14","guid":{"rendered":"https:\/\/dimensionturistica.com\/es\/?p=266518"},"modified":"2022-01-28T05:36:15","modified_gmt":"2022-01-28T05:36:15","slug":"ljs-ratxo-apuesta-por-el-mercado-americano","status":"publish","type":"post","link":"https:\/\/dimensionturistica.com\/es\/ljs-ratxo-apuesta-por-el-mercado-americano\/","title":{"rendered":"LJs Ratx\u00f3 apuesta por el mercado americano"},"content":{"rendered":"<p> <br \/>\n<\/p>\n<div>\n<p>28 de enero de 2022. Mallorca no es ninguna desconocida para las celebrities americanas. Algunos como Michael Douglas tienen casa propia; otros como Grace Kelly, Cary Grant, Charles Chaplin o el recientemente fallecido Sidney Poitier, entre muchos otros, la eligieron en su d\u00eda como lugar de vacaciones; y hasta cuatro presidentes de Estados Unidos (Richard Nixon, Jimmy Carter, George Bush y Invoice Clinton) y una primera dama (Michelle Obama) la han visitado. <\/p>\n<p>Pero este verano, gracias al vuelo directo que United Airways comercializar\u00e1 entre Nueva York y Palma de Mallorca, muchos otros americanos podr\u00e1n descubrir los atractivos que la isla tiene para el segmento del lujo, y para los amantes del turismo sostenible, dos aspectos en los que Mallorca ha mejorado much\u00edsimo en los \u00faltimos a\u00f1os, protagonizando poco a poco un cambio de modelo, y pasando del turismo de masas a un turismo m\u00e1s selecto, que valora la esencia paisaj\u00edstica, cultural y gastron\u00f3mica de la que en su d\u00eda fue conocida como la perla del Mediterr\u00e1neo. <\/p>\n<p>Por ello, ha llegado el momento de impulsar la promoci\u00f3n en ese destino emisor, y <strong>LJs Ratx\u00f3<\/strong> ha decidido hacerlo de la mano de una empresa boutique, con gran experiencia en el sector, como The Muse Assortment, con base en Nueva York, y gran conocedora del mercado de lujo internacional y, especialmente, el americano. El acuerdo suscrito entre ambos contempla la realizaci\u00f3n de distintas acciones de advertising y ventas, que contribuyan a dar a conocer a LJs Ratx\u00f3 a los mejores profesionales de MICE, ocio de lujo y entretenimiento de alta gama, y que lo posicionen como uno de los hoteles de lujo sostenible m\u00e1s importantes del Mediterr\u00e1neo y, por supuesto, de Mallorca. <\/p>\n<div class=\"wysiwyg-photo\"><img decoding=\"async\" src=\"https:\/\/static.hosteltur.com\/app\/public\/uploads\/img\/releases\/2022\/01\/28\/L_062902_ratxo-004mid.jpg\" alt=\"Imagen nota de prensa Hosteltur\" width=\"1971\" height=\"1476\"\/><\/div>\n<p>Seg\u00fan Morana Menzel, Gross sales supervisor de LJs Ratx\u00f3, \u201c<em>creemos que LJs Ratx\u00f3 es un producto que puede ser muy bien valorado por el mercado americano, ya que une los elementos que el turismo de lujo busca mayoritariamente: instalaciones \u00fanicas, servicio de calidad, una pol\u00edtica de sostenibilidad muy honesta, que forma parte del adn del proyecto, y un entorno absolutamente privilegiado, entre otros. Estamos muy orgullosos de lo que ofrecemos, y estamos seguros de que The Muse Collection nos va a aportar todo el know how, su gran profesionalidad y sus excelentes contactos para darlo a conocer como LJs Ratx\u00f3 se merece<\/em>\u201d. <\/p>\n<p>Seg\u00fan Vivian Chambers, fundadora de The Muse Assortment, \u201c<em>es un honor contar en nuestro portfolio con un eco luxury retreat tan maravilloso como LJs Ratx\u00f3, que encaja a la perfecci\u00f3n con el tipo de hotel destino que interesa a los profesionales del turismo de lujo con los que trabajamos. Estamos seguros de que va a tener mucho \u00e9xito en el mercado norteamericano, y que muchos turistas de los Estados Unidos decidir\u00e1n viajar a Mallorca para conocerlo<\/em>\u201d. <\/p>\n<div class=\"wysiwyg-photo\"><img decoding=\"async\" src=\"https:\/\/static.hosteltur.com\/app\/public\/uploads\/img\/releases\/2022\/01\/28\/L_062918_ratxo-resort-mallorca-by-theory4com-05-copia.jpg\" alt=\"Imagen nota de prensa Hosteltur\" width=\"1020\" height=\"765\"\/><\/div>\n<p><strong>Acerca de The Muse Assortment<\/strong>:<\/p>\n<p>The Muse Assortment es una firma boutique de representaci\u00f3n de ventas y advertising con sede en la ciudad de Nueva York, que est\u00e1 especializada en los segmentos de mercado MICE, ocio de lujo y entretenimiento de alta gama en Am\u00e9rica del Norte. Representan a hoteles, villas, yates y empresas de gesti\u00f3n de destinos en algunos de los destinos m\u00e1s solicitados del mundo. Con un equipo dedicado y altamente experimentado de profesionales de ventas de hospitalidad, los clientes de The Muse Assortment tienen garantizada una visibilidad constante en uno de los mercados m\u00e1s din\u00e1micos e importantes del mundo.<\/p>\n<p>Vivian Chambers, fundadora de The Muse Assortment, comenz\u00f3 su carrera en JP Morgan Chase despu\u00e9s de graduarse en finanzas. Trabaj\u00f3 con personas de alto patrimonio neto y sus familias, aconsej\u00e1ndoles sobre inversiones y adquisiciones financieras. Pronto descubri\u00f3 que su pasi\u00f3n estaba en la industria hotelera y poco despu\u00e9s se uni\u00f3 a The Main Lodges of the World, Ltd. Vivian fue elementary para mantener la marca LHW y crear conciencia de mercado para su cartera de hoteles. La determinaci\u00f3n, el impulso implacable y el compromiso de Vivian con sus clientes no tienen rival en la industria. Sus relaciones con consorcios de viajes clave y tomadores de decisiones sirven como un activo invaluable para hoteles independientes en todo el mundo.<\/p>\n<p><strong>Acerca de LJs Ratx\u00f3<\/strong>:<\/p>\n<p>El ratx\u00f3 que canaliza el agua proveniente de la Sierra, desemboca en las profundidades del valle generando vida, y convirti\u00e9ndose en el hilo conductor de este proyecto \u00fanico de lujo sostenible, ubicado en una espectacular finca del Siglo XIV, que ocupa 2,6 millones de metros cuadrados de terreno. Como si de un pueblo de monta\u00f1a se tratase, LJs Ratx\u00f3 (Mallorca) emerge uniendo distintos edificios de arquitectura native, revestidos de la tradicional piedra vista mallorquina, en los que se ubican las 25 habitaciones de entre 25 y 80 metros cuadrados del lodge, todas ellas con terraza o jard\u00edn, un atributo imprescindible para poder gozar de tanta belleza; y las m\u00e1s exclusivas con piscina privada propia.<\/p>\n<p>Un mobiliario r\u00fastico de Can Garanya, y dise\u00f1os absolutamente mediterr\u00e1neos como la tela de aguas, el cristal soplado, los envases de barro de Terracuita, las l\u00e1mparas elaboradas con madera proveniente de la finca, el restaurante Roots regentado por la chef Mar\u00eda Salinas, y un acogedor y ecol\u00f3gico spa, aportan un plus de autenticidad a un establecimiento que se presenta como referente de la Mallorca m\u00e1s aut\u00e9ntica. Con un plan de gesti\u00f3n sostenible international, de \u00e1mbito 360\u00ba, aspira a convertirse muy pronto en el lodge de lujo m\u00e1s ecol\u00f3gico del Mediterr\u00e1neo.<\/p>\n<\/p><\/div>\n\n<p><em> &#8221; Fuentes www.hosteltur.com &#8221; <\/em><\/p>\n","protected":false},"excerpt":{"rendered":"<p>28 de enero de 2022. Mallorca no es ninguna desconocida para las celebrities americanas. Algunos como Michael Douglas tienen casa propia; otros como Grace Kelly, Cary Grant, Charles Chaplin o el recientemente fallecido Sidney Poitier, entre muchos otros, la eligieron en su d\u00eda como lugar de vacaciones; y hasta cuatro presidentes de Estados Unidos (Richard [&hellip;]<\/p>\n","protected":false},"author":4,"featured_media":266519,"comment_status":"open","ping_status":"closed","sticky":false,"template":"","format":"standard","meta":{"om_disable_all_campaigns":false,"jnews-multi-image_gallery":[],"jnews_single_post":[],"jnews_primary_category":[],"jnews_social_meta":[],"footnotes":""},"categories":[39],"tags":[1140],"class_list":["post-266518","post","type-post","status-publish","format-standard","has-post-thumbnail","hentry","category-viajes","tag-hoteles-y-alojamientos"],"_links":{"self":[{"href":"https:\/\/dimensionturistica.com\/es\/wp-json\/wp\/v2\/posts\/266518","targetHints":{"allow":["GET"]}}],"collection":[{"href":"https:\/\/dimensionturistica.com\/es\/wp-json\/wp\/v2\/posts"}],"about":[{"href":"https:\/\/dimensionturistica.com\/es\/wp-json\/wp\/v2\/types\/post"}],"author":[{"embeddable":true,"href":"https:\/\/dimensionturistica.com\/es\/wp-json\/wp\/v2\/users\/4"}],"replies":[{"embeddable":true,"href":"https:\/\/dimensionturistica.com\/es\/wp-json\/wp\/v2\/comments?post=266518"}],"version-history":[{"count":0,"href":"https:\/\/dimensionturistica.com\/es\/wp-json\/wp\/v2\/posts\/266518\/revisions"}],"wp:featuredmedia":[{"embeddable":true,"href":"https:\/\/dimensionturistica.com\/es\/wp-json\/wp\/v2\/media\/266519"}],"wp:attachment":[{"href":"https:\/\/dimensionturistica.com\/es\/wp-json\/wp\/v2\/media?parent=266518"}],"wp:term":[{"taxonomy":"category","embeddable":true,"href":"https:\/\/dimensionturistica.com\/es\/wp-json\/wp\/v2\/categories?post=266518"},{"taxonomy":"post_tag","embeddable":true,"href":"https:\/\/dimensionturistica.com\/es\/wp-json\/wp\/v2\/tags?post=266518"}],"curies":[{"name":"wp","href":"https:\/\/api.w.org\/{rel}","templated":true}]}}