{"id":266366,"date":"2022-01-27T22:17:37","date_gmt":"2022-01-27T22:17:37","guid":{"rendered":"https:\/\/dimensionturistica.com\/es\/?p=266366"},"modified":"2022-01-27T22:17:38","modified_gmt":"2022-01-27T22:17:38","slug":"noticias-cartagena-ingreso-de-cruceros","status":"publish","type":"post","link":"https:\/\/dimensionturistica.com\/es\/noticias-cartagena-ingreso-de-cruceros\/","title":{"rendered":"Noticias Cartagena: ingreso de cruceros"},"content":{"rendered":"<p> <br \/>\n<\/p>\n<p>\n                      Seg\u00fan las cifras, 24 cruceros dejaron de ingresar a Cartagena, durante la \u00faltima recalada.\n                  <\/p>\n<div>\n<p>La ministra de Industria y Comercio, Maria Jimena Lombana, dio a conocer que, junto al Ministerio de Salud, <strong>acordaron los nuevos protocolos que deben cumplir los cruceros para su desembarque en Cartagena.<\/strong><\/p>\n<p>La flexibilidad se da con la determinaci\u00f3n de recibir, ya no solo pruebas PCR, sino de ant\u00edgenos, m\u00e1s el carn\u00e9 de vacunaci\u00f3n, <strong>\u201cLa modificaci\u00f3n que hicimos es, antes exig\u00edamos carn\u00e9 y prueba PCR. En el caso de la PCR, debe ser tiene que 72 de anticipaci\u00f3n y si es ant\u00edgeno, debe ser de 48 horas de anticipaci\u00f3n\u201d.<\/strong>\u00a0<\/p>\n<p><strong>Lea tambi\u00e9n:\u00a0<\/strong><a rel=\"nofollow noopener\" target=\"_blank\" href=\"https:\/\/www.alertacaribe.com\/noticias\/bolivar\/piden-plan-de-emergencia-ante-rompimientos-de-tubos-de-aguas-de-cartagena\">Piden plan de emergencia ante rompimientos de tubos de Aguas de Cartagena<\/a><\/p>\n<p>As\u00ed mismo explic\u00f3 que, en el caso de presentarse casos de Covid-19, \u201csigue aplic\u00e1ndose con base a un porcentaje de contagios, se toma la decisi\u00f3n de bajar o no.<strong> Esto se da descuerdo a unos est\u00e1ndares internacionales\u201d.<\/strong><\/p>\n<p>Para el Gobierno Nacional, <strong>esto \u00a0permitir\u00e1 que se lively la recalada de crucero en Cartagena,<\/strong> \u201cuna programaci\u00f3n de 55 recaladas para esta temporada del 2022\u201d<\/p>\n<p>\u201c<strong>Tuvimos 23 cancelaciones por estas medidas<\/strong>, sin embargo la ten\u00edamos que tomar durante la temporada de vacaciones de Cartagena, que fue un \u00e9xito durante diciembre y se extender\u00e1 hasta enero\u201d, detall\u00f3 la ministra.<\/p>\n<p>Agreg\u00f3, \u201cEsperamos que est\u00e1 decisi\u00f3n vaya en beneficio de la ciudad, <strong>ya no en el beneficio de la reactivaci\u00f3n del turismo, sino en el creciente o del sector del turismos<\/strong>\u201d.<\/p>\n<\/div>\n\n<p><em> &#8221; Fuentes www.alertacaribe.com &#8221; <\/em><\/p>\n","protected":false},"excerpt":{"rendered":"<p>Seg\u00fan las cifras, 24 cruceros dejaron de ingresar a Cartagena, durante la \u00faltima recalada. La ministra de Industria y Comercio, Maria Jimena Lombana, dio a conocer que, junto al Ministerio de Salud, acordaron los nuevos protocolos que deben cumplir los cruceros para su desembarque en Cartagena. La flexibilidad se da con la determinaci\u00f3n de recibir, [&hellip;]<\/p>\n","protected":false},"author":4,"featured_media":266367,"comment_status":"open","ping_status":"closed","sticky":false,"template":"","format":"standard","meta":{"om_disable_all_campaigns":false,"jnews-multi-image_gallery":[],"jnews_single_post":[],"jnews_primary_category":[],"jnews_social_meta":[],"footnotes":""},"categories":[41],"tags":[1756,510,543],"class_list":["post-266366","post","type-post","status-publish","format-standard","has-post-thumbnail","hentry","category-cruceros","tag-cartagena","tag-covid-19","tag-cruceros"],"_links":{"self":[{"href":"https:\/\/dimensionturistica.com\/es\/wp-json\/wp\/v2\/posts\/266366","targetHints":{"allow":["GET"]}}],"collection":[{"href":"https:\/\/dimensionturistica.com\/es\/wp-json\/wp\/v2\/posts"}],"about":[{"href":"https:\/\/dimensionturistica.com\/es\/wp-json\/wp\/v2\/types\/post"}],"author":[{"embeddable":true,"href":"https:\/\/dimensionturistica.com\/es\/wp-json\/wp\/v2\/users\/4"}],"replies":[{"embeddable":true,"href":"https:\/\/dimensionturistica.com\/es\/wp-json\/wp\/v2\/comments?post=266366"}],"version-history":[{"count":0,"href":"https:\/\/dimensionturistica.com\/es\/wp-json\/wp\/v2\/posts\/266366\/revisions"}],"wp:featuredmedia":[{"embeddable":true,"href":"https:\/\/dimensionturistica.com\/es\/wp-json\/wp\/v2\/media\/266367"}],"wp:attachment":[{"href":"https:\/\/dimensionturistica.com\/es\/wp-json\/wp\/v2\/media?parent=266366"}],"wp:term":[{"taxonomy":"category","embeddable":true,"href":"https:\/\/dimensionturistica.com\/es\/wp-json\/wp\/v2\/categories?post=266366"},{"taxonomy":"post_tag","embeddable":true,"href":"https:\/\/dimensionturistica.com\/es\/wp-json\/wp\/v2\/tags?post=266366"}],"curies":[{"name":"wp","href":"https:\/\/api.w.org\/{rel}","templated":true}]}}