{"id":265911,"date":"2022-01-27T03:04:25","date_gmt":"2022-01-27T03:04:25","guid":{"rendered":"https:\/\/dimensionturistica.com\/es\/?p=265911"},"modified":"2022-01-27T03:04:26","modified_gmt":"2022-01-27T03:04:26","slug":"daniel-nino-de-mazatlan-suena-con-un-dia-subirse-a-un-crucero-y-va-a-la-puntilla-a-decirles-adios","status":"publish","type":"post","link":"https:\/\/dimensionturistica.com\/es\/daniel-nino-de-mazatlan-suena-con-un-dia-subirse-a-un-crucero-y-va-a-la-puntilla-a-decirles-adios\/","title":{"rendered":"Daniel, ni\u00f1o de Mazatl\u00e1n, sue\u00f1a con un d\u00eda subirse a un crucero y va a La Puntilla a decirles adi\u00f3s"},"content":{"rendered":"<p> <br \/>\n<\/p>\n<div itemprop=\"text\">\n<div class=\"paragraph\" mlnid=\"idcon=1654816;order=6.0\">\n<p>A pesar de que la mayor\u00eda de los d\u00edas en los que arriba un crucero a Mazatl\u00e1n, Daniel acude a despedirlo, nunca le dejan de sorprender estos nav\u00edos, y alg\u00fan d\u00eda sue\u00f1a con subirse a uno.<\/p>\n<p>El ni\u00f1o es llevado por su mam\u00e1, Carmen, a la Virgen de la Puntilla para que vea a los grandes barcos zarpar de Mazatl\u00e1n d\u00eda con d\u00eda.<\/p>\n<\/p><\/div>\n<div class=\"paragraph\" mlnid=\"idcon=1654823;order=10.0\">\n<p>Nunca deja de sorprenderse, cube adi\u00f3s a los pocos turistas que saludan desde el barco, esperando \u00e9l alg\u00fan d\u00eda poder saludar desde arriba.<\/p>\n<p>Cuando comienza a salir humo es el momento favorito de Daniel, porque es cuando el nav\u00edo se pondr\u00e1 en marcha y saldr\u00e1 de Mazatl\u00e1n, y\u00e9ndose a otro destino.<\/p>\n<\/p><\/div>\n<div class=\"paragraph\" mlnid=\"idcon=1654827;order=14.0\">\n<p>Carmen comenta que a su peque\u00f1o le gusta mucho el venir a despedir a los barcos, desde que comenzaron a arribar trata de llevarlo cuando dejan el puerto, ya que en las ma\u00f1anas le es complicado traerlo, pero las luces de los cruceros hace m\u00e1s espectacular la imagen, y esto sucede cuando el sol se oculta en Mazatl\u00e1n.<\/p>\n<\/p><\/div>\n<div class=\"paragraph\" mlnid=\"idcon=1654831;order=18.0\">\n<p>El nav\u00edo que Daniel vio partir hoy fue el Carnival Panorama, se dirig\u00eda a los Cabos, sin embargo, esto no solo es llamativo para \u00e9l, dado que son decenas de personas las que acuden a ver este espect\u00e1culo, que estuvo alejado de Mazatl\u00e1n por varios a\u00f1os.<\/p>\n<\/p><\/div>\n<div class=\"paragraph\" mlnid=\"idcon=1654835;order=22.0\">\n<p>Carmen comenta que cada que pueda lo traer\u00e1 a despedir a los barcos, y que espera que alg\u00fan d\u00eda se cumpla el sue\u00f1o de su hijo de subirse a uno de esos imponentes cruceros, que a pesar de su magnitud, se\u00f1ala, que no le da nada de miedo a su ni\u00f1o.<\/p>\n<\/p><\/div><\/div>\n\n<p><em> &#8221; Fuentes www.noroeste.com.mx &#8221; <\/em><\/p>\n","protected":false},"excerpt":{"rendered":"<p>A pesar de que la mayor\u00eda de los d\u00edas en los que arriba un crucero a Mazatl\u00e1n, Daniel acude a despedirlo, nunca le dejan de sorprender estos nav\u00edos, y alg\u00fan d\u00eda sue\u00f1a con subirse a uno. El ni\u00f1o es llevado por su mam\u00e1, Carmen, a la Virgen de la Puntilla para que vea a los [&hellip;]<\/p>\n","protected":false},"author":4,"featured_media":265912,"comment_status":"open","ping_status":"closed","sticky":false,"template":"","format":"standard","meta":{"om_disable_all_campaigns":false,"jnews-multi-image_gallery":[],"jnews_single_post":[],"jnews_primary_category":[],"jnews_social_meta":[],"footnotes":""},"categories":[41],"tags":[18734],"class_list":["post-265911","post","type-post","status-publish","format-standard","has-post-thumbnail","hentry","category-cruceros","tag-antonio-olazabal"],"_links":{"self":[{"href":"https:\/\/dimensionturistica.com\/es\/wp-json\/wp\/v2\/posts\/265911","targetHints":{"allow":["GET"]}}],"collection":[{"href":"https:\/\/dimensionturistica.com\/es\/wp-json\/wp\/v2\/posts"}],"about":[{"href":"https:\/\/dimensionturistica.com\/es\/wp-json\/wp\/v2\/types\/post"}],"author":[{"embeddable":true,"href":"https:\/\/dimensionturistica.com\/es\/wp-json\/wp\/v2\/users\/4"}],"replies":[{"embeddable":true,"href":"https:\/\/dimensionturistica.com\/es\/wp-json\/wp\/v2\/comments?post=265911"}],"version-history":[{"count":0,"href":"https:\/\/dimensionturistica.com\/es\/wp-json\/wp\/v2\/posts\/265911\/revisions"}],"wp:featuredmedia":[{"embeddable":true,"href":"https:\/\/dimensionturistica.com\/es\/wp-json\/wp\/v2\/media\/265912"}],"wp:attachment":[{"href":"https:\/\/dimensionturistica.com\/es\/wp-json\/wp\/v2\/media?parent=265911"}],"wp:term":[{"taxonomy":"category","embeddable":true,"href":"https:\/\/dimensionturistica.com\/es\/wp-json\/wp\/v2\/categories?post=265911"},{"taxonomy":"post_tag","embeddable":true,"href":"https:\/\/dimensionturistica.com\/es\/wp-json\/wp\/v2\/tags?post=265911"}],"curies":[{"name":"wp","href":"https:\/\/api.w.org\/{rel}","templated":true}]}}