{"id":265627,"date":"2022-01-26T14:16:22","date_gmt":"2022-01-26T14:16:22","guid":{"rendered":"https:\/\/dimensionturistica.com\/es\/?p=265627"},"modified":"2022-01-26T14:16:23","modified_gmt":"2022-01-26T14:16:23","slug":"alerta-de-ee-uu-es-desproporcionada-e-incongruente","status":"publish","type":"post","link":"https:\/\/dimensionturistica.com\/es\/alerta-de-ee-uu-es-desproporcionada-e-incongruente\/","title":{"rendered":"Alerta de EE UU es desproporcionada e incongruente"},"content":{"rendered":"<p> <br \/>\n<\/p>\n<div><picture class=\"preview-image\"><img decoding=\"async\" src=\"https:\/\/acentos3.s3.us-east-2.amazonaws.com\/resources\/img\/_blank.gif\" data-imgresponsive=\"\" data-desktop=\"https:\/\/acentos3.s3.us-east-2.amazonaws.com\/media\/storage02\/uploads\/2022\/01\/omt-reconoce-al-presidente-luis-abinader-728x410.webp\" data-mobile=\"https:\/\/acentos3.s3.us-east-2.amazonaws.com\/media\/storage02\/uploads\/2022\/01\/omt-reconoce-al-presidente-luis-abinader-400x225.webp\" onerror=\"FRN.imgFIX(this);\"\/><figcaption>OMT reconoce al presidente Luis Abinader.<\/figcaption><\/picture>\n<p>El <strong>F\u00f3rum Iberoamericano de Periodistas de Turismo (FIPETUR)<\/strong>consider\u00f3 desproporcionada la advertencia del gobierno de <strong>Estados Unidos<\/strong>para sus ciudadanos que viajan a la<strong> Rep\u00fablica Dominicana.<\/strong><\/p>\n<p>La entidad felicit\u00f3 a la <strong>Rep\u00fablica Dominicana<\/strong> por convertirse en referente internacional \u00a0en la contenci\u00f3n de la pandemia del <strong>COVID-19<\/strong> y en la \u00a0r\u00e1pida recuperaci\u00f3n de la industria tur\u00edstica, tal como lo ha reconocido \u00a0la <strong>Organizaci\u00f3n Mundial de Turismo (OMT)<\/strong><\/p>\n<p>Afirma que Rep\u00fablica Dominicana no solo tiene el m\u00e9rito de haber logrado cifras hist\u00f3ricas en la llegada de turistas durante los \u00faltimos cuatro meses del 2021, sino tambi\u00e9n de mantener hasta la \u00a0tercera semana del presente mes de enero una de las m\u00e1s bajas tasas de letalidad del mundo, a pesar de la incidencia de la nueva variante \u00d3micron.<\/p>\n<p><strong>FIPETUR<\/strong> est\u00e1 integrada\u00a0 por la\u00a0Asociaci\u00f3n Brasile\u00f1a de Periodistas de Turismo <strong>(ABRAJET)<\/strong>;\u00a0 la\u00a0Asociaci\u00f3n Colombiana de Periodistas y Escritores de Turismo <strong>(ACOPET);<\/strong>\u00a0 la\u00a0Asociaci\u00f3n Dominicana de Prensa Tur\u00edstica <strong>(ADOMPRETUR<\/strong>);\u00a0 la\u00a0Asociaci\u00f3n Paname\u00f1a de Periodistas de Turismo <strong>(APPTUR);<\/strong>\u00a0 la\u00a0Asociaci\u00f3n de Periodistas de Turismo de Chile <strong>(APTUR-CHILE)<\/strong>; el\u00a0C\u00edrculo de Periodistas de Turismo de Uruguay <strong>(CIPETUR<\/strong>);\u00a0el\u00a0C\u00edrculo de Periodistas de Turismo de Bolivia (<strong>CIPTURBOL<\/strong>);\u00a0la\u00a0Federaci\u00f3n Espa\u00f1ola de Periodistas y Escritores de Turismo <strong>(FEPET<\/strong>) y la asociaci\u00f3n \u00a0Prensa y Turismo de Per\u00fa <strong>(PRENSATUR<\/strong>).<\/p>\n<p>Citando al portal espa\u00f1ol Datosmacro.com, <strong>FIPETUR<\/strong> destaca que hasta el pasado 23 de enero el pa\u00eds caribe\u00f1o registraba una tasa de letalidad por\u00a0<strong>COVID-19<\/strong> de apenas 0,79%, muy por debajo de Estados Unidos \u00a0(1,23%); Alemania (1,33%); Rusia (2,93%); China (4,08%); y M\u00e9xico (6,05%).\u00a0 Ver <strong><em>\u00a0<a rel=\"nofollow noopener\" target=\"_blank\" href=\"https:\/\/datosmacro.expansion.com\/otros\/coronavirus\" data-saferedirecturl=\"https:\/\/www.google.com\/url?q=https:\/\/datosmacro.expansion.com\/otros\/coronavirus&amp;source=gmail&amp;ust=1643286268379000&amp;usg=AOvVaw1w8K4_Ksw-dGDD0MYyHVkQ\">https:\/\/datosmacro.expansion.com\/otros\/coronavirus<\/a>.<\/em><\/strong><\/p>\n<p>Al suscribir la declaraci\u00f3n, el periodista dominicano Luis Jos\u00e9 Ch\u00e1vez, presidente de FIPETUR, considera desproporcionada e incongruente la recomendaci\u00f3n del Departamento de Estado de Estados Unidos para que los ciudadanos de ese pa\u00eds se abstengan de visitar la Rep\u00fablica Dominicana por los niveles de contagio provocados por la variante \u00d3micron.<\/p>\n<p>Record\u00f3 que en la \u00a0reci\u00e9n pasada Feria Internacional de Turismo (FITUR 2022) la OMT entreg\u00f3 un reconocimiento especial al presidente dominicano Luis Abinader \u00a0por la exitosa recuperaci\u00f3n del turismo y el eficiente manejo de los protocolos sanitarios en los diferentes destinos tur\u00edsticos del pa\u00eds.<\/p>\n<p>El reconocimiento fue entregado por el secretario normal de la OMT, Zurab Pololikashvili, al presidente Luis Abinader, acompa\u00f1ado del ministro de Turismo, David Collado, durante un encuentro con m\u00e1s de 300 agentes de viajes, touroperadores y representantes \u00a0de l\u00ednea a\u00e9reas en el marco de la celebraci\u00f3n de la versi\u00f3n 42 de FITUR.<\/p>\n<p>Entiende FIPETUR\u00a0 que con la alerta emitida sobre Rep\u00fablica Dominicana y otros pa\u00edses, a prop\u00f3sito de la incidencia del Omicron, Estados Unidos, env\u00eda una se\u00f1al err\u00f3nea, ya que en la pr\u00e1ctica se ha demostrado que la nueva variante del Covid es menos letal que la epidemia gripal \u00a0del a\u00f1o 2019 y otros virus anteriores, cuando no se dispusieron medidas de confinamiento ni se paraliz\u00f3 el intercambio tur\u00edstico a nivel internacional<\/p>\n<\/div>\n\n<p><em> &#8221; Fuentes acento.com.do &#8221; <\/em><\/p>\n","protected":false},"excerpt":{"rendered":"<p>OMT reconoce al presidente Luis Abinader. El F\u00f3rum Iberoamericano de Periodistas de Turismo (FIPETUR)consider\u00f3 desproporcionada la advertencia del gobierno de Estados Unidospara sus ciudadanos que viajan a la Rep\u00fablica Dominicana. La entidad felicit\u00f3 a la Rep\u00fablica Dominicana por convertirse en referente internacional \u00a0en la contenci\u00f3n de la pandemia del COVID-19 y en la \u00a0r\u00e1pida recuperaci\u00f3n [&hellip;]<\/p>\n","protected":false},"author":4,"featured_media":265628,"comment_status":"open","ping_status":"closed","sticky":false,"template":"","format":"standard","meta":{"om_disable_all_campaigns":false,"jnews-multi-image_gallery":[],"jnews_single_post":[],"jnews_primary_category":[],"jnews_social_meta":[],"footnotes":""},"categories":[40],"tags":[510,1362,39796,1429,544],"class_list":["post-265627","post","type-post","status-publish","format-standard","has-post-thumbnail","hentry","category-industria","tag-covid-19","tag-eeuu","tag-fipetur","tag-santo-domingo","tag-turismo"],"_links":{"self":[{"href":"https:\/\/dimensionturistica.com\/es\/wp-json\/wp\/v2\/posts\/265627","targetHints":{"allow":["GET"]}}],"collection":[{"href":"https:\/\/dimensionturistica.com\/es\/wp-json\/wp\/v2\/posts"}],"about":[{"href":"https:\/\/dimensionturistica.com\/es\/wp-json\/wp\/v2\/types\/post"}],"author":[{"embeddable":true,"href":"https:\/\/dimensionturistica.com\/es\/wp-json\/wp\/v2\/users\/4"}],"replies":[{"embeddable":true,"href":"https:\/\/dimensionturistica.com\/es\/wp-json\/wp\/v2\/comments?post=265627"}],"version-history":[{"count":0,"href":"https:\/\/dimensionturistica.com\/es\/wp-json\/wp\/v2\/posts\/265627\/revisions"}],"wp:featuredmedia":[{"embeddable":true,"href":"https:\/\/dimensionturistica.com\/es\/wp-json\/wp\/v2\/media\/265628"}],"wp:attachment":[{"href":"https:\/\/dimensionturistica.com\/es\/wp-json\/wp\/v2\/media?parent=265627"}],"wp:term":[{"taxonomy":"category","embeddable":true,"href":"https:\/\/dimensionturistica.com\/es\/wp-json\/wp\/v2\/categories?post=265627"},{"taxonomy":"post_tag","embeddable":true,"href":"https:\/\/dimensionturistica.com\/es\/wp-json\/wp\/v2\/tags?post=265627"}],"curies":[{"name":"wp","href":"https:\/\/api.w.org\/{rel}","templated":true}]}}