{"id":265142,"date":"2022-01-25T15:46:16","date_gmt":"2022-01-25T15:46:16","guid":{"rendered":"https:\/\/dimensionturistica.com\/es\/?p=265142"},"modified":"2022-01-25T15:46:16","modified_gmt":"2022-01-25T15:46:16","slug":"nomen-foods-estrena-en-marzo-su-nueva-planta-sostenible-de-platos-preparados-de-alta-calidad","status":"publish","type":"post","link":"https:\/\/dimensionturistica.com\/es\/nomen-foods-estrena-en-marzo-su-nueva-planta-sostenible-de-platos-preparados-de-alta-calidad\/","title":{"rendered":"Nomen Foods estrena en marzo su nueva planta sostenible de platos preparados de alta calidad"},"content":{"rendered":"<p> <br \/>\n<\/p>\n<div>\n<p>Diez millones de raciones de arroz de alta calidad listas para comer en un minuto es la cantidad que <a target=\"_blank\" href=\"http:\/\/www.retailactual.com\/..\/..\/..\/..\/noticias\/20210224\/nomen.foods-arroces-exportacion-francia#.YfAW0R1Jmik\" rel=\"noopener\">Nomen Foods<\/a> prev\u00e9 producir anualmente de inicio en la <strong>nueva planta medioambientalmente sostenible<\/strong> que pondr\u00e1 en funcionamiento el pr\u00f3ximo mes de marzo. A esta cantidad, que prev\u00e9 incrementar en los pr\u00f3ximos ejercicios, hay que sumarle la producci\u00f3n de platos de 5\u00aa gama que el pasado ejercicio alcanz\u00f3 casi el medio mill\u00f3n de kilos y que hasta la fecha estaban externalizados.<\/p>\n<p>\u201cTodo est\u00e1 listo\u201d, as\u00ed de claro se refiere <a target=\"_blank\" href=\"https:\/\/www.retailactual.com\/noticias\/20220125\/empresas\/nomen-foods\" rel=\"noopener\">Ra\u00fcl Carles, Director Corporativo de Nomen Foods,<\/a> al proyecto m\u00e1s importante que la empresa va a abordar en los pr\u00f3ximos meses.<\/p>\n<h2>Novedades Nomen Meals en Alimentaria Barcelona<\/h2>\n<p>El producto que se va a empezar a producir en la nueva planta ser\u00e1 presentado en el marco de la<a target=\"_blank\" href=\"https:\/\/www.retailactual.com\/noticias\/20220125\/eventos\/alimentaria-fira-barcelona-feria\" rel=\"noopener\"> pr\u00f3xima edici\u00f3n de la feria Alimentaria<\/a> e ir\u00e1 destinado al mercado espa\u00f1ol y al franc\u00e9s, aunque en una segunda fase tambi\u00e9n a otros pa\u00edses de Europa de acuerdo con el plan de expansi\u00f3n internacional que la compa\u00f1\u00eda anunci\u00f3 en 2021. El producto que saldr\u00e1 de la nueva planta ofrecer\u00e1 una respuesta de calidad, innovadora y sostenible a las <strong>nuevas tendencias de alimentaci\u00f3n saludable<\/strong> y al <strong>concepto comfort de comida<\/strong> para tomar en cualquier momento y lugar.<\/p>\n<p>La construcci\u00f3n de la nueva planta ha supuesto finalmente una inversi\u00f3n de 7M\u20ac. Una partida de 4 millones de euros se ha destinado a la obra civil y los tres millones restantes se reparten entre instalaciones auxiliares y una maquinaria que se ha hecho a medida para adecuarse a los requisitos derivados de las exigencias de excelencia, innovaci\u00f3n y sostenibilidad previstos por la empresa para este proyecto. La nave ocupa 1.700 m2 en los mismos terrenos de Deltebre (Tarragona) donde se emplaza la f\u00e1brica precise, que ocupa 100.321 m2 con una superficie de techo de 22.350 m2 que ahora pasa a un whole de 24.050m2<\/p>\n<h2>Nueva planta de Nomen Meals\u00a0por la energ\u00eda photo voltaic<\/h2>\n<p>La<a target=\"_blank\" href=\"http:\/\/www.retailactual.com\/..\/..\/..\/..\/productos\/20210519\/harina-trigo-nomen-gama-reposteria-ecologica-tradicional-integral-fuerza#.YfAXrx1Jl-0\" rel=\"noopener\"> nueva planta de Nomen Foods es 100% sostenible<\/a>. Las necesidades el\u00e9ctricas para la producci\u00f3n se cubrir\u00e1n con placas fotovoltaicas de \u00faltima generaci\u00f3n en un 40% y el 60% restante proceder\u00e1 de la crimson el\u00e9ctrica con el certificado de inexperienced Vitality. <\/p>\n<p>El proyecto de planta sostenible ha sido desarrollado a lo largo de 3 a\u00f1os en un trabajo conjunto entre el departamento de<strong> I+D de Nomen Meals -liderado por Ra\u00fcl Carles<\/strong>, Director Corporativo, el C<a target=\"_blank\" href=\"http:\/\/www.retailactual.com\/..\/..\/..\/..\/noticias\/20180524\/cnta-retos-tecnologico-salon-alimentaria#.YfAXzB1Jl-0\" rel=\"noopener\">entro Nacional de Tecnolog\u00eda y Seguridad Alimentaria (CNTA)<\/a> y la<strong> ingenier\u00eda LKS con sede en el Pa\u00eds Vasco<\/strong> y especializada en este tipo de instalaciones<\/p>\n<\/div>\n\n<p><em> \u2018 The preceding article may include information circulated by third parties \u2019 <\/em><\/p>\n<p><em> \u2018 Some details of this article were extracted from the following source www.retailactual.com \u2019 <\/em><\/p>\n","protected":false},"excerpt":{"rendered":"<p>Diez millones de raciones de arroz de alta calidad listas para comer en un minuto es la cantidad que Nomen Foods prev\u00e9 producir anualmente de inicio en la nueva planta medioambientalmente sostenible que pondr\u00e1 en funcionamiento el pr\u00f3ximo mes de marzo. A esta cantidad, que prev\u00e9 incrementar en los pr\u00f3ximos ejercicios, hay que sumarle la [&hellip;]<\/p>\n","protected":false},"author":2,"featured_media":265143,"comment_status":"open","ping_status":"closed","sticky":false,"template":"","format":"standard","meta":{"om_disable_all_campaigns":false,"jnews-multi-image_gallery":[],"jnews_single_post":[],"jnews_primary_category":[],"jnews_social_meta":[],"footnotes":""},"categories":[43],"tags":[],"class_list":["post-265142","post","type-post","status-publish","format-standard","has-post-thumbnail","hentry","category-gourmet"],"_links":{"self":[{"href":"https:\/\/dimensionturistica.com\/es\/wp-json\/wp\/v2\/posts\/265142","targetHints":{"allow":["GET"]}}],"collection":[{"href":"https:\/\/dimensionturistica.com\/es\/wp-json\/wp\/v2\/posts"}],"about":[{"href":"https:\/\/dimensionturistica.com\/es\/wp-json\/wp\/v2\/types\/post"}],"author":[{"embeddable":true,"href":"https:\/\/dimensionturistica.com\/es\/wp-json\/wp\/v2\/users\/2"}],"replies":[{"embeddable":true,"href":"https:\/\/dimensionturistica.com\/es\/wp-json\/wp\/v2\/comments?post=265142"}],"version-history":[{"count":0,"href":"https:\/\/dimensionturistica.com\/es\/wp-json\/wp\/v2\/posts\/265142\/revisions"}],"wp:featuredmedia":[{"embeddable":true,"href":"https:\/\/dimensionturistica.com\/es\/wp-json\/wp\/v2\/media\/265143"}],"wp:attachment":[{"href":"https:\/\/dimensionturistica.com\/es\/wp-json\/wp\/v2\/media?parent=265142"}],"wp:term":[{"taxonomy":"category","embeddable":true,"href":"https:\/\/dimensionturistica.com\/es\/wp-json\/wp\/v2\/categories?post=265142"},{"taxonomy":"post_tag","embeddable":true,"href":"https:\/\/dimensionturistica.com\/es\/wp-json\/wp\/v2\/tags?post=265142"}],"curies":[{"name":"wp","href":"https:\/\/api.w.org\/{rel}","templated":true}]}}