{"id":265129,"date":"2022-01-25T16:03:18","date_gmt":"2022-01-25T16:03:18","guid":{"rendered":"https:\/\/dimensionturistica.com\/es\/?p=265129"},"modified":"2022-01-25T16:03:18","modified_gmt":"2022-01-25T16:03:18","slug":"llega-al-metropolitan-manuel-jose-con-su-espectaculo-dos-generaciones-un-mismo-sentimiento-estara-acompanado-por-los-panchos-y-el-trio-losa-santos","status":"publish","type":"post","link":"https:\/\/dimensionturistica.com\/es\/llega-al-metropolitan-manuel-jose-con-su-espectaculo-dos-generaciones-un-mismo-sentimiento-estara-acompanado-por-los-panchos-y-el-trio-losa-santos\/","title":{"rendered":"Llega al Metropolitan Manuel Jos\u00e9, con su espect\u00e1culo \u201cDos generaciones, un mismo sentimiento\u201d, estar\u00e1 acompa\u00f1ado por Los Panchos y el Trio Losa Santos"},"content":{"rendered":"<p><img decoding=\"async\" class=\"size-medium wp-image-265148 alignright\" src=\"https:\/\/dimensionturistica.com\/es\/wp-content\/uploads\/2022\/01\/MANUEL-JOSE-FOTO3-300x187.jpg\" alt=\"\" width=\"300\" height=\"187\" srcset=\"https:\/\/dimensionturistica.com\/es\/wp-content\/uploads\/2022\/01\/MANUEL-JOSE-FOTO3-300x187.jpg 300w, https:\/\/dimensionturistica.com\/es\/wp-content\/uploads\/2022\/01\/MANUEL-JOSE-FOTO3-1024x640.jpg 1024w, https:\/\/dimensionturistica.com\/es\/wp-content\/uploads\/2022\/01\/MANUEL-JOSE-FOTO3-768x480.jpg 768w, https:\/\/dimensionturistica.com\/es\/wp-content\/uploads\/2022\/01\/MANUEL-JOSE-FOTO3-750x468.jpg 750w, https:\/\/dimensionturistica.com\/es\/wp-content\/uploads\/2022\/01\/MANUEL-JOSE-FOTO3.jpg 1140w\" sizes=\"(max-width: 300px) 100vw, 300px\" \/>El gran int\u00e9rprete Manuel Jos\u00e9 se encuentra presentando su nuevo material lanzado bajo la direcci\u00f3n del maestro Jos\u00e9 Aguirre y el sonido de la Cali Big Band y en el cual se podr\u00e1 escuchar lo mejor del bolero en el que intervienen artistas de la talla de Gilberto Santa Rosa, Diego \u201cEl Cigala\u201d, Rey Ruiz, Yan Collazo y Ayme\u00e9 y Lourdes Nuviola, condensados en esta producci\u00f3n art\u00edstica que naci\u00f3 en pandemia y que bajo el esquema denominado como \u201cDos Generaciones, un mismo sentimiento\u201d, llega al Teatro Metrop\u00f3litan el pr\u00f3ximo S\u00e1bado 05 de Febrero a partir de las ocho de la noche, acompa\u00f1ados por Los panchos y el Tr\u00edo Los Santos.<br \/>\nLa juventud de Manuel Jos\u00e9 parece mentirle al gran nivel de su canto. Son muchos m\u00e1s a\u00f1os de <img decoding=\"async\" class=\" wp-image-265149 alignleft\" src=\"https:\/\/dimensionturistica.com\/es\/wp-content\/uploads\/2022\/01\/MANUEL-JOSE-ENE-2022-CARTEL-METROPOLITAN-300x300.jpeg\" alt=\"\" width=\"393\" height=\"393\" srcset=\"https:\/\/dimensionturistica.com\/es\/wp-content\/uploads\/2022\/01\/MANUEL-JOSE-ENE-2022-CARTEL-METROPOLITAN-300x300.jpeg 300w, https:\/\/dimensionturistica.com\/es\/wp-content\/uploads\/2022\/01\/MANUEL-JOSE-ENE-2022-CARTEL-METROPOLITAN-1024x1024.jpeg 1024w, https:\/\/dimensionturistica.com\/es\/wp-content\/uploads\/2022\/01\/MANUEL-JOSE-ENE-2022-CARTEL-METROPOLITAN-150x150.jpeg 150w, https:\/\/dimensionturistica.com\/es\/wp-content\/uploads\/2022\/01\/MANUEL-JOSE-ENE-2022-CARTEL-METROPOLITAN-768x768.jpeg 768w, https:\/\/dimensionturistica.com\/es\/wp-content\/uploads\/2022\/01\/MANUEL-JOSE-ENE-2022-CARTEL-METROPOLITAN-75x75.jpeg 75w, https:\/\/dimensionturistica.com\/es\/wp-content\/uploads\/2022\/01\/MANUEL-JOSE-ENE-2022-CARTEL-METROPOLITAN-350x350.jpeg 350w, https:\/\/dimensionturistica.com\/es\/wp-content\/uploads\/2022\/01\/MANUEL-JOSE-ENE-2022-CARTEL-METROPOLITAN-750x750.jpeg 750w, https:\/\/dimensionturistica.com\/es\/wp-content\/uploads\/2022\/01\/MANUEL-JOSE-ENE-2022-CARTEL-METROPOLITAN.jpeg 1080w\" sizes=\"(max-width: 393px) 100vw, 393px\" \/>trabajo los que la fuerza de su voz pareciera haber recorrido en el tiempo para alcanzar un timbre que embriaga y hace alarde de \u00e9pocas doradas donde la balada mov\u00eda los corazones. En \u00e9l habita una nueva joya de la m\u00fasica, un grato regalo para el alma a trav\u00e9s de melod\u00edas que se deslizan suaves por los o\u00eddos. Todo est\u00e1 por comenzar en esta carrera que augura grandes \u00e9xitos y que tras su excelente disco \u201dEl Legado\u201d, ha despuntado el sonido de una voz m\u00e1gica, que eclipsa al oyente en un mundo musical llamado &#8220;Manuel Jos\u00e9&#8221;.<br \/>\nManuel Jos\u00e9 reci\u00e9n acaba de presentar \u201cGente con alma\u201d, un \u00e1lbum que cont\u00f3 con la direcci\u00f3n del maestro Jos\u00e9 Aguirre y el sonido de la Cali Big Band y en el cual se podr\u00e1 escuchar lo mejor del bolero en el que intervienen artistas de la talla de Gilberto Santa Rosa, Diego \u201cEl Cigala\u201d, Rey Ruiz, Yan Collazo y Ayme\u00e9 y Lourdes Nuviola, condensados en esta producci\u00f3n art\u00edstica que naci\u00f3 en pandemia y que\u00a0paulatinamente se estar\u00e1 lanzando al mercado. Manuel Jos\u00e9 interviene en esta obra con la canci\u00f3n \u201cUno Mismo\u201d.<br \/>\nManuel Jos\u00e9 desde muy ni\u00f1o sinti\u00f3 en su sangre el don del canto, pues a los cinco a\u00f1os ya interpretaba las canciones de \u00eddolos populares como Pedrito Fern\u00e1ndez, Gardel y Jos\u00e9 Jos\u00e9, este \u00faltimo referencia innegable de su posterior estilo como cantautor. Un cantante nace, pero tambi\u00e9n se hace. Muy pronto Manuel Jos\u00e9 entendi\u00f3 el poder de esta idea. A\u00fan no entraba a la primaria y ya viv\u00eda detr\u00e1s de su profesora en busca de un solo prop\u00f3sito: cantarle a todo su colegio. Con la insistencia inocente de un ni\u00f1o inquieto, pero seguro de su objetiv<\/p>\n<p><img decoding=\"async\" class=\"size-medium wp-image-265150 alignleft\" src=\"https:\/\/dimensionturistica.com\/es\/wp-content\/uploads\/2022\/01\/MANUEL-JOSE-FOTO2-300x169.jpg\" alt=\"\" width=\"300\" height=\"169\" srcset=\"https:\/\/dimensionturistica.com\/es\/wp-content\/uploads\/2022\/01\/MANUEL-JOSE-FOTO2-300x169.jpg 300w, https:\/\/dimensionturistica.com\/es\/wp-content\/uploads\/2022\/01\/MANUEL-JOSE-FOTO2-1024x576.jpg 1024w, https:\/\/dimensionturistica.com\/es\/wp-content\/uploads\/2022\/01\/MANUEL-JOSE-FOTO2-768x432.jpg 768w, https:\/\/dimensionturistica.com\/es\/wp-content\/uploads\/2022\/01\/MANUEL-JOSE-FOTO2-1536x864.jpg 1536w, https:\/\/dimensionturistica.com\/es\/wp-content\/uploads\/2022\/01\/MANUEL-JOSE-FOTO2-750x422.jpg 750w, https:\/\/dimensionturistica.com\/es\/wp-content\/uploads\/2022\/01\/MANUEL-JOSE-FOTO2-1140x641.jpg 1140w, https:\/\/dimensionturistica.com\/es\/wp-content\/uploads\/2022\/01\/MANUEL-JOSE-FOTO2.jpg 1920w\" sizes=\"(max-width: 300px) 100vw, 300px\" \/><\/p>\n<p>o, logr\u00f3 convencer a su maestra. As\u00ed, desde aquella izada de bandera frente a cientos de estudiantes, se consolid\u00f3 en \u00e9l una semilla que dar\u00eda como fruto un canto que hoy enamora a millones de personas. Pronto la ni\u00f1ez qued\u00f3 atr\u00e1s y un joven entusiasta crec\u00eda \u00e1vido de tarimas y reflectores, influenciado por el mundo rom\u00e1ntico de los boleros, el tango y las baladas (g\u00e9neros musicales donde explor\u00f3 el poder de su canto).<br \/>\nLa disciplina y el trabajo formaron un car\u00e1cter profesional desde tiempos del colegio, esta perseverancia le llev\u00f3 a ocupar el primer lugar en el Festival Nacional de Int\u00e9rpretes del Bolero en Caicedonia, Valle del Cauca en el 2009, y el segundo lugar en el Concurso Nacional de Int\u00e9rpretes del Bolero en Riohacha, Guajira en el a\u00f1o 2010. La m\u00fasica le empez\u00f3 a cumplir sus sue\u00f1os: viajar y conocer el mundo. As\u00ed empez\u00f3 por su pa\u00eds, recorriendo una geograf\u00eda que pronto sabr\u00eda entera del\u00a0talento que se fraguaba. El andar de una nueva voz llam\u00f3 la atenci\u00f3n de expertos y reconocidos artistas, entre ellos Fruko, quien se interes\u00f3 en el canto de Manuel Jos\u00e9 para emprender un nuevo proyecto musical, en un contexto que result\u00f3 para nuestro artista una gran aventura sonora, al verse cantando salsa de la mano de uno de los mejores compositores de este g\u00e9nero. Esta combinaci\u00f3n genial signific\u00f3 para Manuel Jos\u00e9 que su sencillmbia, M\u00e9xico y los Estados Unidos. \u201cCanto desde que tengo memoria\u201d, ha dicho Manuel Jos\u00e9 en repetidas ocasiones y lo seguir\u00e1 haciendo, a\u00fan m\u00e1s, luego de que su voz pisara el escenario del concurso \u201cYo me llamo\u201d, el cual le permiti\u00f3 llegar y enamorar a millones de hogares, quienes lo vieron noche a noche brillar y no dudaron del aut\u00e9ntico reflejo de lo que corre por su sangre, hasta coronarlo como el gran ganador de un concurso que partir\u00eda su carrera en dos, pues demostr\u00f3 de manera magistral su poder como cantante, interpretando los mayores \u00e9xitos de su maestro e \u00eddolo Jos\u00e9 Jos\u00e9.<\/p>\n<p>Manuel Jos\u00e9, Los Panchos y el Tr\u00edo Los Santos llegan con todos sus \u00e9xitos al Teatro Metrop\u00f3litan el pr\u00f3ximo S\u00e1bado 05 de Febrero a partir de las ocho de la noche, en un espect\u00e1culo que se denomina \u201cDos generaciones, un mismo sentimiento\u201d. Boletos a la venta en el Sistema Ticketmaster y en taquillas del inmuebleo \u201cY qu\u00e9\u201d sonora en todo Colo<\/p>\n","protected":false},"excerpt":{"rendered":"<p>El gran int\u00e9rprete Manuel Jos\u00e9 se encuentra presentando su nuevo material lanzado bajo la direcci\u00f3n del maestro Jos\u00e9 Aguirre y el sonido de la Cali Big Band y en el cual se podr\u00e1 escuchar lo mejor del bolero en el que intervienen artistas de la talla de Gilberto Santa Rosa, Diego \u201cEl Cigala\u201d, Rey Ruiz, [&hellip;]<\/p>\n","protected":false},"author":1,"featured_media":265151,"comment_status":"open","ping_status":"closed","sticky":false,"template":"","format":"standard","meta":{"om_disable_all_campaigns":false,"jnews-multi-image_gallery":[],"jnews_single_post":{"source_name":"","source_url":"","via_name":"","via_url":"","override_template":"0","override":[{"template":"1","single_blog_custom":"","parallax":"1","fullscreen":"1","layout":"right-sidebar","sidebar":"default-sidebar","second_sidebar":"default-sidebar","sticky_sidebar":"1","share_position":"top","share_float_style":"share-monocrhome","show_share_counter":"1","show_view_counter":"1","show_featured":"1","show_post_meta":"1","show_post_author":"1","show_post_author_image":"1","show_post_date":"1","post_date_format":"default","post_date_format_custom":"Y\/m\/d","show_post_category":"1","show_post_reading_time":"0","post_reading_time_wpm":"300","show_zoom_button":"0","zoom_button_out_step":"2","zoom_button_in_step":"3","show_post_tag":"1","show_prev_next_post":"1","show_popup_post":"1","number_popup_post":"1","show_author_box":"0","show_post_related":"0","show_inline_post_related":"0"}],"override_image_size":"0","image_override":[{"single_post_thumbnail_size":"crop-500","single_post_gallery_size":"crop-500"}],"trending_post":"0","trending_post_position":"meta","trending_post_label":"Trending","sponsored_post":"0","sponsored_post_label":"Sponsored by","sponsored_post_name":"","sponsored_post_url":"","sponsored_post_logo_enable":"0","sponsored_post_logo":"","sponsored_post_desc":"","disable_ad":"0"},"jnews_primary_category":{"id":""},"jnews_social_meta":{"fb_title":"","fb_description":"","fb_image":"","twitter_title":"","twitter_description":"","twitter_image":""},"footnotes":""},"categories":[40],"tags":[],"class_list":["post-265129","post","type-post","status-publish","format-standard","has-post-thumbnail","hentry","category-industria"],"_links":{"self":[{"href":"https:\/\/dimensionturistica.com\/es\/wp-json\/wp\/v2\/posts\/265129","targetHints":{"allow":["GET"]}}],"collection":[{"href":"https:\/\/dimensionturistica.com\/es\/wp-json\/wp\/v2\/posts"}],"about":[{"href":"https:\/\/dimensionturistica.com\/es\/wp-json\/wp\/v2\/types\/post"}],"author":[{"embeddable":true,"href":"https:\/\/dimensionturistica.com\/es\/wp-json\/wp\/v2\/users\/1"}],"replies":[{"embeddable":true,"href":"https:\/\/dimensionturistica.com\/es\/wp-json\/wp\/v2\/comments?post=265129"}],"version-history":[{"count":0,"href":"https:\/\/dimensionturistica.com\/es\/wp-json\/wp\/v2\/posts\/265129\/revisions"}],"wp:featuredmedia":[{"embeddable":true,"href":"https:\/\/dimensionturistica.com\/es\/wp-json\/wp\/v2\/media\/265151"}],"wp:attachment":[{"href":"https:\/\/dimensionturistica.com\/es\/wp-json\/wp\/v2\/media?parent=265129"}],"wp:term":[{"taxonomy":"category","embeddable":true,"href":"https:\/\/dimensionturistica.com\/es\/wp-json\/wp\/v2\/categories?post=265129"},{"taxonomy":"post_tag","embeddable":true,"href":"https:\/\/dimensionturistica.com\/es\/wp-json\/wp\/v2\/tags?post=265129"}],"curies":[{"name":"wp","href":"https:\/\/api.w.org\/{rel}","templated":true}]}}