{"id":265066,"date":"2022-01-25T13:59:55","date_gmt":"2022-01-25T13:59:55","guid":{"rendered":"https:\/\/dimensionturistica.com\/es\/?p=265066"},"modified":"2022-01-25T13:59:56","modified_gmt":"2022-01-25T13:59:56","slug":"ue-acuerda-viajes-sin-restricciones-con-certificado-covid","status":"publish","type":"post","link":"https:\/\/dimensionturistica.com\/es\/ue-acuerda-viajes-sin-restricciones-con-certificado-covid\/","title":{"rendered":"UE acuerda viajes sin restricciones con Certificado Covid"},"content":{"rendered":"<p> <br \/>\n<\/p>\n<div itemprop=\"description\">\n<p>Cambios en la movilidad comunitaria. Los Veintisiete adoptaron una revisi\u00f3n de las restricciones de viaje para adaptarlas a la situaci\u00f3n sanitaria del viajero y no al riesgo de coronavirus en la zona desde la que viaje. (Fuente: EBS, Europa Press, Comisi\u00f3n Europea)<\/p>\n<p><\/div>\n\n<p><em> &#8221; Fuentes videos.jornada.com.mx &#8221; <\/em><\/p>\n","protected":false},"excerpt":{"rendered":"<p>Cambios en la movilidad comunitaria. Los Veintisiete adoptaron una revisi\u00f3n de las restricciones de viaje para adaptarlas a la situaci\u00f3n sanitaria del viajero y no al riesgo de coronavirus en la zona desde la que viaje. (Fuente: EBS, Europa Press, Comisi\u00f3n Europea) &#8221; Fuentes videos.jornada.com.mx &#8221;<\/p>\n","protected":false},"author":4,"featured_media":265067,"comment_status":"open","ping_status":"closed","sticky":false,"template":"","format":"standard","meta":{"om_disable_all_campaigns":false,"jnews-multi-image_gallery":[],"jnews_single_post":[],"jnews_primary_category":[],"jnews_social_meta":[],"footnotes":""},"categories":[39],"tags":[39742,55,510,626,833],"class_list":["post-265066","post","type-post","status-publish","format-standard","has-post-thumbnail","hentry","category-viajes","tag-certificado-covid-19","tag-coronavirus","tag-covid-19","tag-pandemia","tag-union-europea"],"_links":{"self":[{"href":"https:\/\/dimensionturistica.com\/es\/wp-json\/wp\/v2\/posts\/265066","targetHints":{"allow":["GET"]}}],"collection":[{"href":"https:\/\/dimensionturistica.com\/es\/wp-json\/wp\/v2\/posts"}],"about":[{"href":"https:\/\/dimensionturistica.com\/es\/wp-json\/wp\/v2\/types\/post"}],"author":[{"embeddable":true,"href":"https:\/\/dimensionturistica.com\/es\/wp-json\/wp\/v2\/users\/4"}],"replies":[{"embeddable":true,"href":"https:\/\/dimensionturistica.com\/es\/wp-json\/wp\/v2\/comments?post=265066"}],"version-history":[{"count":0,"href":"https:\/\/dimensionturistica.com\/es\/wp-json\/wp\/v2\/posts\/265066\/revisions"}],"wp:featuredmedia":[{"embeddable":true,"href":"https:\/\/dimensionturistica.com\/es\/wp-json\/wp\/v2\/media\/265067"}],"wp:attachment":[{"href":"https:\/\/dimensionturistica.com\/es\/wp-json\/wp\/v2\/media?parent=265066"}],"wp:term":[{"taxonomy":"category","embeddable":true,"href":"https:\/\/dimensionturistica.com\/es\/wp-json\/wp\/v2\/categories?post=265066"},{"taxonomy":"post_tag","embeddable":true,"href":"https:\/\/dimensionturistica.com\/es\/wp-json\/wp\/v2\/tags?post=265066"}],"curies":[{"name":"wp","href":"https:\/\/api.w.org\/{rel}","templated":true}]}}