{"id":265037,"date":"2022-01-25T11:36:07","date_gmt":"2022-01-25T11:36:07","guid":{"rendered":"https:\/\/dimensionturistica.com\/es\/?p=265037"},"modified":"2022-01-25T11:36:07","modified_gmt":"2022-01-25T11:36:07","slug":"nomen-foods-invierte-siete-millones-en-su-planta-en-deltebre","status":"publish","type":"post","link":"https:\/\/dimensionturistica.com\/es\/nomen-foods-invierte-siete-millones-en-su-planta-en-deltebre\/","title":{"rendered":"Nomen Foods invierte siete millones en su planta en Deltebre"},"content":{"rendered":"<p> <br \/>\n<\/p>\n<p>\n                                <time>25.01.2022 12:06 h.<\/time>\n                                                            <\/p>\n<div id=\"article-body\">\n<p><strong><a target=\"_blank\" data-external=\"0\" data-intl-links-es=\"https:\/\/cronicaglobal.elespanol.com\/business\/nomen-foods-arroceros-ebro-11_163538_102.html\" href=\"https:\/\/cronicaglobal.elespanol.com\/business\/nomen-foods-arroceros-ebro-11_163538_102.html\" rel=\"follow noopener\" title=\"Los arroceros del Ebro toman el 11% de Nomen Foods\">Nomen Foods<\/a><\/strong> pondr\u00e1 en funcionamiento una nueva planta de producci\u00f3n de platos preparados de alta calidad en <a target=\"_blank\" data-external=\"1\" href=\"https:\/\/cronicaglobal.elespanol.com\/cataluna-uno-a-uno\/deltebre-262\" rel=\"follow noopener\" title=\"Deltebre\">Deltebre<\/a> (Tarragona). La compa\u00f1\u00eda ha realizado una <strong>inversi\u00f3n complete de siete millones de euros<\/strong>: cuatro millones en obra civil y tres millones en instalaciones auxiliares y maquinaria.<\/p>\n<p>La nave ocupa <strong>1.700 metros cuadrados<\/strong> en los mismos terrenos donde se emplaza la f\u00e1brica precise de la compa\u00f1\u00eda, que ocupa 100.321 metros cuadrados. La superficie techo period de 22.350 metros cuadrados, que ahora pasa a un complete de 24.050 metros cuadrados, seg\u00fan ha explicado Nomen.<\/p>\n<h2>10 millones de raciones de arroz<\/h2>\n<p>Les nuevas instalaciones en <a target=\"_blank\" data-external=\"0\" data-intl-links-es=\"https:\/\/cronicaglobal.elespanol.com\/politica\/detienen-exalcalde-erc-deltebre-gervasi-aspa_228921_102.html\" href=\"https:\/\/cronicaglobal.elespanol.com\/politica\/detienen-exalcalde-erc-deltebre-gervasi-aspa_228921_102.html\" rel=\"follow noopener\" title=\"Detienen al exalcalde de Deltebre por ERC Gervasi Aspa por corrupci\u00f3n\">Deltebre<\/a> permitir\u00e1n a Nomen Meals<strong> preparar en un a\u00f1o 10 millones de raciones de arroz para comer en un minuto<\/strong>. El objetivo de la compa\u00f1\u00eda, con esa cantidad inicial, es incrementar en los pr\u00f3ximos ejercicios al sumarle la producci\u00f3n de platos de quinta gama, que alcanz\u00f3 casi el medio mill\u00f3n de kilos en 2021, y que hasta ahora estaban externalizados.<\/p>\n<p><a target=\"_blank\" data-external=\"0\" data-intl-links-es=\"https:\/\/cronicaglobal.elespanol.com\/business\/arrossaires-traspasa-nomen-foods-su-fabrica_121532_102.html\" href=\"https:\/\/cronicaglobal.elespanol.com\/business\/arrossaires-traspasa-nomen-foods-su-fabrica_121532_102.html\" rel=\"follow noopener\" title=\"Arrossaires traspasa a Nomen Foods su f\u00e1brica y sus marcas de arroz\">Nomen Foods<\/a> ha destacado que la nueva planta es \u201c100 % sostenible\u201d ya que las necesidades el\u00e9ctricas para la producci\u00f3n se cubrir\u00e1n con<strong> placas fotovoltaicas<\/strong> de \u00faltima generaci\u00f3n. Esto permitir\u00e1 suministrar las necesidades de energ\u00eda a la f\u00e1brica \u201cen un 40%\u201d, el restante 60% proceder\u00e1 de la pink p\u00fablica con el certificado <em>inexperienced Vitality<\/em>.<\/p>\n<p>M\u00e1s all\u00e1 de las nuevas tecnolog\u00edas y la remodelaci\u00f3n de la planta de Nomen, el producto que se empezar\u00e1 a producir en las instalaciones ir\u00e1 destinado, mayoritariamente, al <strong>mercado espa\u00f1ol y franc\u00e9s<\/strong>. En una segunda fase, seg\u00fan ha explicado la compa\u00f1\u00eda, se espera poder exportar a otros pa\u00edses de Europa, de acuerdo al plan de expansi\u00f3n internacional que la empresa anunci\u00f3 en 2021.<\/p>\n<\/p><\/div>\n\n<p><em> \u2018 The preceding article may include information circulated by third parties \u2019 <\/em><\/p>\n<p><em> \u2018 Some details of this article were extracted from the following source cronicaglobal.elespanol.com \u2019 <\/em><\/p>\n","protected":false},"excerpt":{"rendered":"<p>25.01.2022 12:06 h. Nomen Foods pondr\u00e1 en funcionamiento una nueva planta de producci\u00f3n de platos preparados de alta calidad en Deltebre (Tarragona). La compa\u00f1\u00eda ha realizado una inversi\u00f3n complete de siete millones de euros: cuatro millones en obra civil y tres millones en instalaciones auxiliares y maquinaria. La nave ocupa 1.700 metros cuadrados en los [&hellip;]<\/p>\n","protected":false},"author":2,"featured_media":265038,"comment_status":"open","ping_status":"closed","sticky":false,"template":"","format":"standard","meta":{"om_disable_all_campaigns":false,"jnews-multi-image_gallery":[],"jnews_single_post":[],"jnews_primary_category":[],"jnews_social_meta":[],"footnotes":""},"categories":[43],"tags":[],"class_list":["post-265037","post","type-post","status-publish","format-standard","has-post-thumbnail","hentry","category-gourmet"],"_links":{"self":[{"href":"https:\/\/dimensionturistica.com\/es\/wp-json\/wp\/v2\/posts\/265037","targetHints":{"allow":["GET"]}}],"collection":[{"href":"https:\/\/dimensionturistica.com\/es\/wp-json\/wp\/v2\/posts"}],"about":[{"href":"https:\/\/dimensionturistica.com\/es\/wp-json\/wp\/v2\/types\/post"}],"author":[{"embeddable":true,"href":"https:\/\/dimensionturistica.com\/es\/wp-json\/wp\/v2\/users\/2"}],"replies":[{"embeddable":true,"href":"https:\/\/dimensionturistica.com\/es\/wp-json\/wp\/v2\/comments?post=265037"}],"version-history":[{"count":0,"href":"https:\/\/dimensionturistica.com\/es\/wp-json\/wp\/v2\/posts\/265037\/revisions"}],"wp:featuredmedia":[{"embeddable":true,"href":"https:\/\/dimensionturistica.com\/es\/wp-json\/wp\/v2\/media\/265038"}],"wp:attachment":[{"href":"https:\/\/dimensionturistica.com\/es\/wp-json\/wp\/v2\/media?parent=265037"}],"wp:term":[{"taxonomy":"category","embeddable":true,"href":"https:\/\/dimensionturistica.com\/es\/wp-json\/wp\/v2\/categories?post=265037"},{"taxonomy":"post_tag","embeddable":true,"href":"https:\/\/dimensionturistica.com\/es\/wp-json\/wp\/v2\/tags?post=265037"}],"curies":[{"name":"wp","href":"https:\/\/api.w.org\/{rel}","templated":true}]}}