{"id":264687,"date":"2022-01-24T21:29:44","date_gmt":"2022-01-24T21:29:44","guid":{"rendered":"https:\/\/dimensionturistica.com\/es\/?p=264687"},"modified":"2022-01-24T21:29:44","modified_gmt":"2022-01-24T21:29:44","slug":"fue-instalado-el-gabinete-turistico-de-baja-california-para-fortalecer-la-concurrencia-en-el-sector","status":"publish","type":"post","link":"https:\/\/dimensionturistica.com\/es\/fue-instalado-el-gabinete-turistico-de-baja-california-para-fortalecer-la-concurrencia-en-el-sector\/","title":{"rendered":"Fue instalado el Gabinete Tur\u00edstico de Baja California para fortalecer La concurrencia en el SECTOR"},"content":{"rendered":"<p>Como parte de los compromisos adquiridos por la Gobernadora del Estado de Baja California, Marina del Pilar \u00c1vila, entre sus primeras propuestas cumplidas fue restituir la Secretar\u00eda de Turismo a cargo del Lic. Miguel Agu\u00ed\u00f1iga Rodr\u00edguez, con la intenci\u00f3n impulsar la actividad tur\u00edstica en el<img decoding=\"async\" class=\"size-medium wp-image-264754 alignright\" src=\"https:\/\/dimensionturistica.com\/es\/wp-content\/uploads\/2022\/01\/Gabinete-Turistico-2-300x200.jpeg\" alt=\"\" width=\"300\" height=\"200\" srcset=\"https:\/\/dimensionturistica.com\/es\/wp-content\/uploads\/2022\/01\/Gabinete-Turistico-2-300x200.jpeg 300w, https:\/\/dimensionturistica.com\/es\/wp-content\/uploads\/2022\/01\/Gabinete-Turistico-2-1024x683.jpeg 1024w, https:\/\/dimensionturistica.com\/es\/wp-content\/uploads\/2022\/01\/Gabinete-Turistico-2-768x512.jpeg 768w, https:\/\/dimensionturistica.com\/es\/wp-content\/uploads\/2022\/01\/Gabinete-Turistico-2-750x500.jpeg 750w, https:\/\/dimensionturistica.com\/es\/wp-content\/uploads\/2022\/01\/Gabinete-Turistico-2-1140x760.jpeg 1140w, https:\/\/dimensionturistica.com\/es\/wp-content\/uploads\/2022\/01\/Gabinete-Turistico-2.jpeg 1354w\" sizes=\"(max-width: 300px) 100vw, 300px\" \/> Estado, reactivar la econom\u00eda y posicionar a la regi\u00f3n como referente a nivel nacional e internacional.<br \/>\nPor ello, con el fin dotar a la Secretar\u00eda y al sector tur\u00edstico de mayores instrumentos para dise\u00f1ar acciones, ejecutar programas y evaluar las estrategias, recientemente se cre\u00f3 el Gabinete Tur\u00edstico, es decir, la uni\u00f3n de diferentes dependencias estatales que aseguren favorecer este rubro, ya que el turismo integra a una gran variedad de servicios, as\u00ed como de productos ligados a otros sectores e industrias como son transporte, construcci\u00f3n, sector primario, por mencionar algunos.<br \/>\nDe esta manera el Gabinete Tur\u00edstico ser\u00e1 presidido por la Oficina de la Gobernadora (asistida por el Coordinador General de Gabinete) representado por el Mtro. Alfredo \u00c1lvarez C\u00e1rdenas y estar\u00e1 integrado por los titulares de las dependencias: Secretaio de Turismo Miguel Agu\u00ed\u00f1iga Rodr\u00edguez, quien fungir\u00e1 como Coordinador del Gabinete Tur\u00edstico; Secretaria de Medio Ambiente y Desarrollo Sustentable, M\u00f3nica Juliana Vega. Aguirre; Secretario de Econom\u00eda e Innovaci\u00f3n, Kurt Ignacio Honold Morales; Secretario de Infraestructura, Desarrollo Urbano y Reordenaci\u00f3n Territorial, Arturo Espinoza Jaramillo; y Secretaria de Pesca y Acuacultura, liderada por Alma Rosa Garc\u00eda Ju\u00e1rez.<br \/>\nEl turismo juega un papel muy importante en la econom\u00eda, ya que establecimientos comerciales, profesionistas y gran parte de la sociedad dependen total o parcialmente del consumo de los visitantes; adem\u00e1s de tener fuerte impacto en la creaci\u00f3n de empleos que han permitido la inclusi\u00f3n de m\u00e1s mujeres y emprendedores j\u00f3venes en la planta laboral, dejando en 2021 a 72 mil 742 trabajadores relacionados con actividades de este \u00e1mbito.<br \/>\n<img decoding=\"async\" class=\"size-medium wp-image-264758 alignleft\" src=\"https:\/\/dimensionturistica.com\/es\/wp-content\/uploads\/2022\/01\/Gabinete-Turistico-1-300x200.jpeg\" alt=\"\" width=\"300\" height=\"200\" srcset=\"https:\/\/dimensionturistica.com\/es\/wp-content\/uploads\/2022\/01\/Gabinete-Turistico-1-300x200.jpeg 300w, https:\/\/dimensionturistica.com\/es\/wp-content\/uploads\/2022\/01\/Gabinete-Turistico-1-1024x682.jpeg 1024w, https:\/\/dimensionturistica.com\/es\/wp-content\/uploads\/2022\/01\/Gabinete-Turistico-1-768x512.jpeg 768w, https:\/\/dimensionturistica.com\/es\/wp-content\/uploads\/2022\/01\/Gabinete-Turistico-1-1536x1023.jpeg 1536w, https:\/\/dimensionturistica.com\/es\/wp-content\/uploads\/2022\/01\/Gabinete-Turistico-1-750x500.jpeg 750w, https:\/\/dimensionturistica.com\/es\/wp-content\/uploads\/2022\/01\/Gabinete-Turistico-1-1140x760.jpeg 1140w, https:\/\/dimensionturistica.com\/es\/wp-content\/uploads\/2022\/01\/Gabinete-Turistico-1.jpeg 1600w\" sizes=\"(max-width: 300px) 100vw, 300px\" \/>As\u00ed el titular de turismo Miguel Agu\u00ed\u00f1iga se\u00f1al\u00f3, \u201ctan s\u00f3lo el turismo de Baja California contribuy\u00f3 un 8.9% del PIB estatal, mientras que a nivel nacional aport\u00f3 un 3.9% del PIB, dejando a la regi\u00f3n como el noveno estado con mayor PIB tur\u00edstico en 2019 con 51 mil 364 millones de pesos\u201d.<br \/>\n\u201cHa llegado el momento de repensar y transformar el turismo y de activarlo de forma segura y posicionar a Baja California como un destino tur\u00edstico de clase mundial, por eso creemos que la creaci\u00f3n de este Gabinete aportar\u00e1 mucho a las acciones que el turismo necesita\u201d.<br \/>\nCabe se\u00f1alar que, seg\u00fan los temas a tratar, el Gabinete Tur\u00edstico integrar\u00e1 mesas de trabajo en pro del turismo de la entidad, en donde sumar\u00e1 la participaci\u00f3n de representantes del sector privado y social, seg\u00fan la materia que se requiera en cada proyecto.<\/p>\n","protected":false},"excerpt":{"rendered":"<p>Como parte de los compromisos adquiridos por la Gobernadora del Estado de Baja California, Marina del Pilar \u00c1vila, entre sus primeras propuestas cumplidas fue restituir la Secretar\u00eda de Turismo a cargo del Lic. Miguel Agu\u00ed\u00f1iga Rodr\u00edguez, con la intenci\u00f3n impulsar la actividad tur\u00edstica en el Estado, reactivar la econom\u00eda y posicionar a la regi\u00f3n como [&hellip;]<\/p>\n","protected":false},"author":1,"featured_media":264750,"comment_status":"open","ping_status":"closed","sticky":false,"template":"","format":"standard","meta":{"om_disable_all_campaigns":false,"jnews-multi-image_gallery":[],"jnews_single_post":{"source_name":"","source_url":"","via_name":"","via_url":"","override_template":"0","override":[{"template":"1","single_blog_custom":"","parallax":"1","fullscreen":"1","layout":"right-sidebar","sidebar":"default-sidebar","second_sidebar":"default-sidebar","sticky_sidebar":"1","share_position":"top","share_float_style":"share-monocrhome","show_share_counter":"1","show_view_counter":"1","show_featured":"1","show_post_meta":"1","show_post_author":"1","show_post_author_image":"1","show_post_date":"1","post_date_format":"default","post_date_format_custom":"Y\/m\/d","show_post_category":"1","show_post_reading_time":"0","post_reading_time_wpm":"300","show_zoom_button":"0","zoom_button_out_step":"2","zoom_button_in_step":"3","show_post_tag":"1","show_prev_next_post":"1","show_popup_post":"1","number_popup_post":"1","show_author_box":"0","show_post_related":"0","show_inline_post_related":"0"}],"override_image_size":"0","image_override":[{"single_post_thumbnail_size":"crop-500","single_post_gallery_size":"crop-500"}],"trending_post":"0","trending_post_position":"meta","trending_post_label":"Trending","sponsored_post":"0","sponsored_post_label":"Sponsored by","sponsored_post_name":"","sponsored_post_url":"","sponsored_post_logo_enable":"0","sponsored_post_logo":"","sponsored_post_desc":"","disable_ad":"0"},"jnews_primary_category":{"id":""},"jnews_social_meta":{"fb_title":"","fb_description":"","fb_image":"","twitter_title":"","twitter_description":"","twitter_image":""},"footnotes":""},"categories":[40],"tags":[],"class_list":["post-264687","post","type-post","status-publish","format-standard","has-post-thumbnail","hentry","category-industria"],"_links":{"self":[{"href":"https:\/\/dimensionturistica.com\/es\/wp-json\/wp\/v2\/posts\/264687","targetHints":{"allow":["GET"]}}],"collection":[{"href":"https:\/\/dimensionturistica.com\/es\/wp-json\/wp\/v2\/posts"}],"about":[{"href":"https:\/\/dimensionturistica.com\/es\/wp-json\/wp\/v2\/types\/post"}],"author":[{"embeddable":true,"href":"https:\/\/dimensionturistica.com\/es\/wp-json\/wp\/v2\/users\/1"}],"replies":[{"embeddable":true,"href":"https:\/\/dimensionturistica.com\/es\/wp-json\/wp\/v2\/comments?post=264687"}],"version-history":[{"count":0,"href":"https:\/\/dimensionturistica.com\/es\/wp-json\/wp\/v2\/posts\/264687\/revisions"}],"wp:featuredmedia":[{"embeddable":true,"href":"https:\/\/dimensionturistica.com\/es\/wp-json\/wp\/v2\/media\/264750"}],"wp:attachment":[{"href":"https:\/\/dimensionturistica.com\/es\/wp-json\/wp\/v2\/media?parent=264687"}],"wp:term":[{"taxonomy":"category","embeddable":true,"href":"https:\/\/dimensionturistica.com\/es\/wp-json\/wp\/v2\/categories?post=264687"},{"taxonomy":"post_tag","embeddable":true,"href":"https:\/\/dimensionturistica.com\/es\/wp-json\/wp\/v2\/tags?post=264687"}],"curies":[{"name":"wp","href":"https:\/\/api.w.org\/{rel}","templated":true}]}}