{"id":264615,"date":"2022-01-24T18:54:25","date_gmt":"2022-01-24T18:54:25","guid":{"rendered":"https:\/\/dimensionturistica.com\/es\/?p=264615"},"modified":"2022-01-24T18:54:25","modified_gmt":"2022-01-24T18:54:25","slug":"inicia-la-metro-sus-asambleas-mensuales-hablando-de-la-inminente-necesidad-de-contar-con-un-rnt-renovado-la-recuperacion-aerea-omicron-y-la-prevencion-de-riesgos-fiscales","status":"publish","type":"post","link":"https:\/\/dimensionturistica.com\/es\/inicia-la-metro-sus-asambleas-mensuales-hablando-de-la-inminente-necesidad-de-contar-con-un-rnt-renovado-la-recuperacion-aerea-omicron-y-la-prevencion-de-riesgos-fiscales\/","title":{"rendered":"Inicia la Metro sus asambleas mensuales hablando de la inminente necesidad de contar con un RNT renovado, la recuperaci\u00f3n a\u00e9rea, Omicron y la prevenci\u00f3n de riesgos fiscales."},"content":{"rendered":"<p>De manera virtual iniciaron las Asambleas de Promoci\u00f3n Tur\u00edstica de la Metro, con la esperanza de regresar a estos espacios de aprendizaje y convivencia presencialmente. Jos\u00e9 Luis Medina, Presidente de la Asociaci\u00f3n, junto con su Consejo, dieron la bienvenida a este primer encuentro del a\u00f1o antes de las pr\u00f3ximas elecciones que se llevar\u00e1n a cabo a finales de este mes, para dirigir este organismo. El Presidente de la Metro inici\u00f3 recapitulando las principales acciones de 2021,<img decoding=\"async\" class=\"size-medium wp-image-264684 alignleft\" src=\"https:\/\/dimensionturistica.com\/es\/wp-content\/uploads\/2022\/01\/Jose-Luis-Medina-300x187.jpg\" alt=\"\" width=\"300\" height=\"187\" srcset=\"https:\/\/dimensionturistica.com\/es\/wp-content\/uploads\/2022\/01\/Jose-Luis-Medina-300x187.jpg 300w, https:\/\/dimensionturistica.com\/es\/wp-content\/uploads\/2022\/01\/Jose-Luis-Medina-1024x637.jpg 1024w, https:\/\/dimensionturistica.com\/es\/wp-content\/uploads\/2022\/01\/Jose-Luis-Medina-768x478.jpg 768w, https:\/\/dimensionturistica.com\/es\/wp-content\/uploads\/2022\/01\/Jose-Luis-Medina-750x466.jpg 750w, https:\/\/dimensionturistica.com\/es\/wp-content\/uploads\/2022\/01\/Jose-Luis-Medina.jpg 1084w\" sizes=\"(max-width: 300px) 100vw, 300px\" \/> agradeciendo el aprendizaje, apoyo y el privilegio de servir. Hizo menci\u00f3n de diversos planes llevados a cabo, haciendo especial \u00e9nfasis en la cruzada que inici\u00f3 la Metro en junio pasado para atacar a los defraudadores tur\u00edsticos y al gran da\u00f1o que hacen a la econom\u00eda e imagen del gremio; a trav\u00e9s de la concientizaci\u00f3n a las autoridades federales de la urgente necesidad de restructurar el RNT para contar con una base de datos actualizada que permita al cliente asegurarse de la legalidad de los prestadores de servicios tur\u00edsticos; de hecho, comparti\u00f3 la informaci\u00f3n de una primera reuni\u00f3n con el Director General de SECTUR federal donde se intercambiaron ideas y propuestas para la creaci\u00f3n de mesas de trabajo que re\u00fanan a las instancias involucradas y establecer la metodolog\u00eda y los tiempos para lograr un RNT renovado, moderno y confiable.<br \/>\nCumpliendo siempre el objetivo de apoyar a los socios en su profesionalizaci\u00f3n, esta asamblea cont\u00f3 con invitados de primer nivel; como Jaime D\u00edaz de Sabre, quien comparti\u00f3 que en el 2019 M\u00e9xico no estaba en el Top Ten de movimientos de pasajeros a nivel mundial, sin embargo, en el 2021 aparece en el 4to lugar; lo cual, habla de que nuestro pa\u00eds tiene un tr\u00e1fico dom\u00e9stico muy importante. Antes no figuraban pa\u00edses latinoamericanos en la lista y ahora aparecen M\u00e9xico y Colombia. Por su parte, Diego Onta\u00f1\u00f3n Zurita, M\u00e9dico Internista e Infect\u00f3logo del Centro M\u00e9dico ABC, dio detalles de la situaci\u00f3n actual de la pandemia; \u201clas vacunas son las que nos tienen en donde estamos ahora, hace un a\u00f1o sin vacunas los datos seguramente ser\u00edan del doble; el refuerzo ayuda en un buen porcentaje a disminuir la gravedad del contagio; hay que cuidarse mucho pero no quiere decir que dejemos todo, ya sabemos c\u00f3mo vivir con Covid\u201d; se ha demostrado que por contacto es pr\u00e1cticamente imposible contagiarse, sin embargo, estar 15 segundos sin cubrebocas con una persona contagiada con toda seguridad te contagias, de ah\u00ed la importancia de usar el cubrebocas\u201d. Finalmente, se present\u00f3 Juan de Dios Barba, Presidente Nacional para el Desarrollo Democr\u00e1tico de Coparmex, qui\u00e9n ofreci\u00f3 una interesante exposici\u00f3n sobre la prevenci\u00f3n de riesgos fiscales; \u201cel gobierno ha destinado muchos recursos a proyectos no viables, no hubo apoyo a las empresas para mantener empleos, m\u00e1s de 60,000 negocios cerraron; aun as\u00ed, para 2023 se espera que la econom\u00eda llegue al nivel que se ten\u00eda antes de la pandemia. Hay que estar atentos siempre al buz\u00f3n tributario, es muy importante tenerlo y consultarlo ya que ah\u00ed el SAT informar\u00e1 sobre cualquier situaci\u00f3n. Toda compra o servicio debe estar sustentado y muy importante, no hay que tener temor, si no orden y planeaci\u00f3n\u201d.<\/p>\n","protected":false},"excerpt":{"rendered":"<p>De manera virtual iniciaron las Asambleas de Promoci\u00f3n Tur\u00edstica de la Metro, con la esperanza de regresar a estos espacios de aprendizaje y convivencia presencialmente. Jos\u00e9 Luis Medina, Presidente de la Asociaci\u00f3n, junto con su Consejo, dieron la bienvenida a este primer encuentro del a\u00f1o antes de las pr\u00f3ximas elecciones que se llevar\u00e1n a cabo [&hellip;]<\/p>\n","protected":false},"author":1,"featured_media":264683,"comment_status":"open","ping_status":"closed","sticky":false,"template":"","format":"standard","meta":{"om_disable_all_campaigns":false,"jnews-multi-image_gallery":[],"jnews_single_post":{"source_name":"","source_url":"","via_name":"","via_url":"","override_template":"0","override":[{"template":"1","single_blog_custom":"","parallax":"1","fullscreen":"1","layout":"right-sidebar","sidebar":"default-sidebar","second_sidebar":"default-sidebar","sticky_sidebar":"1","share_position":"top","share_float_style":"share-monocrhome","show_share_counter":"1","show_view_counter":"1","show_featured":"1","show_post_meta":"1","show_post_author":"1","show_post_author_image":"1","show_post_date":"1","post_date_format":"default","post_date_format_custom":"Y\/m\/d","show_post_category":"1","show_post_reading_time":"0","post_reading_time_wpm":"300","show_zoom_button":"0","zoom_button_out_step":"2","zoom_button_in_step":"3","show_post_tag":"1","show_prev_next_post":"1","show_popup_post":"1","number_popup_post":"1","show_author_box":"0","show_post_related":"0","show_inline_post_related":"0"}],"override_image_size":"0","image_override":[{"single_post_thumbnail_size":"crop-500","single_post_gallery_size":"crop-500"}],"trending_post":"0","trending_post_position":"meta","trending_post_label":"Trending","sponsored_post":"0","sponsored_post_label":"Sponsored by","sponsored_post_name":"","sponsored_post_url":"","sponsored_post_logo_enable":"0","sponsored_post_logo":"","sponsored_post_desc":"","disable_ad":"0"},"jnews_primary_category":{"id":""},"jnews_social_meta":{"fb_title":"","fb_description":"","fb_image":"","twitter_title":"","twitter_description":"","twitter_image":""},"footnotes":""},"categories":[40],"tags":[],"class_list":["post-264615","post","type-post","status-publish","format-standard","has-post-thumbnail","hentry","category-industria"],"_links":{"self":[{"href":"https:\/\/dimensionturistica.com\/es\/wp-json\/wp\/v2\/posts\/264615","targetHints":{"allow":["GET"]}}],"collection":[{"href":"https:\/\/dimensionturistica.com\/es\/wp-json\/wp\/v2\/posts"}],"about":[{"href":"https:\/\/dimensionturistica.com\/es\/wp-json\/wp\/v2\/types\/post"}],"author":[{"embeddable":true,"href":"https:\/\/dimensionturistica.com\/es\/wp-json\/wp\/v2\/users\/1"}],"replies":[{"embeddable":true,"href":"https:\/\/dimensionturistica.com\/es\/wp-json\/wp\/v2\/comments?post=264615"}],"version-history":[{"count":0,"href":"https:\/\/dimensionturistica.com\/es\/wp-json\/wp\/v2\/posts\/264615\/revisions"}],"wp:featuredmedia":[{"embeddable":true,"href":"https:\/\/dimensionturistica.com\/es\/wp-json\/wp\/v2\/media\/264683"}],"wp:attachment":[{"href":"https:\/\/dimensionturistica.com\/es\/wp-json\/wp\/v2\/media?parent=264615"}],"wp:term":[{"taxonomy":"category","embeddable":true,"href":"https:\/\/dimensionturistica.com\/es\/wp-json\/wp\/v2\/categories?post=264615"},{"taxonomy":"post_tag","embeddable":true,"href":"https:\/\/dimensionturistica.com\/es\/wp-json\/wp\/v2\/tags?post=264615"}],"curies":[{"name":"wp","href":"https:\/\/api.w.org\/{rel}","templated":true}]}}