{"id":264495,"date":"2022-01-24T12:53:07","date_gmt":"2022-01-24T12:53:07","guid":{"rendered":"https:\/\/dimensionturistica.com\/es\/?p=264495"},"modified":"2022-01-24T12:53:08","modified_gmt":"2022-01-24T12:53:08","slug":"peru-firma-un-acuerdo-de-colaboracion-con-idemice","status":"publish","type":"post","link":"https:\/\/dimensionturistica.com\/es\/peru-firma-un-acuerdo-de-colaboracion-con-idemice\/","title":{"rendered":"Per\u00fa firma un acuerdo de colaboraci\u00f3n con IdeMICE"},"content":{"rendered":"<p> <br \/>\n<\/p>\n<div>\n<ul>\n<li><em>PROMPER\u00da y la Asociaci\u00f3n Espa\u00f1ola de Agencias de Incentivos dieron a conocer su alianza en el contexto de Fitur 2022.<\/em><\/li>\n<li><em>El acuerdo engloba diversas acciones de formaci\u00f3n y promoci\u00f3n para posicionar Per\u00fa como destino de referencia en el sector.<\/em><\/li>\n<\/ul>\n<p>Per\u00fa, en l\u00ednea con sus objetivos de promoci\u00f3n del destino desde diferentes segmentos y con Espa\u00f1a como uno de sus mercados clave en Europa, ha presentado en el contexto de Fitur 2022 su alianza con IdeMICE, la Asociaci\u00f3n Espa\u00f1ola de Agencias de Incentivos, a fin de potenciar los atributos del pa\u00eds como destino para el turismo de incentivos.<\/p>\n<p>Durante el evento de presentaci\u00f3n de novedades del pa\u00eds para este a\u00f1o, Amora Carbajal, presidenta ejecutiva de PROMPER\u00da, e Ignacio Collado, presidente de IdeMICE, han resaltado la importancia de esta colaboraci\u00f3n para impulsar la promoci\u00f3n de Per\u00fa como destino id\u00f3neo en este segmento, resaltando las vivencias \u00fanicas que ofrece para grupos, su reconocida gastronom\u00eda, calidez de su gente y m\u00e1s.<\/p>\n<p>El acuerdo engloba diversas acciones de formaci\u00f3n y comunicaci\u00f3n para posicionar Per\u00fa como destino de referencia en el sector. Adem\u00e1s, prev\u00e9n la organizaci\u00f3n de un viaje de familiarizaci\u00f3n a fin de conocer de primera mano los destinos m\u00e1s relevantes para viajes de incentivos en el Per\u00fa. Es importante mencionar que el pa\u00eds sudamericano ya est\u00e1 acogiendo viajes de esta \u00edndole submit COVID con todas las garant\u00edas de bioseguridad.<\/p>\n<p>Amora Carbajal, presidenta ejecutiva de PROMPER\u00da, ha destacado la importancia de este acuerdo para impulsar el segmento del turismo de incentivos, como un atractivo propio dentro del pa\u00eds. As\u00ed, ha se\u00f1alado que \u201cpoder colaborar mano a mano con IdeMICE es una gran apuesta, que nos ayudar\u00e1 a seguir abriendo camino en Europa, con Espa\u00f1a como mercado clave. Estamos seguros de que esta alianza permitir\u00e1 que, juntos, podamos fortalecer la estrategia tur\u00edstica del pa\u00eds dentro del segmento MICE para los pr\u00f3ximos a\u00f1os\u201d.<\/p>\n<p>IdeMICE est\u00e1 encantado de colaborar con Per\u00fa porque es un destino \u00fanico, cualificado para este tipo de viajes, con un nivel de profesionalidad muy destacado en el sector y que ha funcionado siempre de manera excelente.<\/p>\n<p><strong>Per\u00fa en Fitur 2022 <\/strong><\/p>\n<p>La delegaci\u00f3n peruana estar\u00e1 presentando y exponiendo sus atractivos y novedades durante la feria con un complete de 19 co-expositores del sector tur\u00edstico como agencias de viajes y tour operadores. Con su participaci\u00f3n, buscan motivar al viajero nacional e internacional a redescubrir el pa\u00eds andino, poniendo el foco en los segmentos de naturaleza, aventura y cultura.<\/p>\n<p>Asimismo, Per\u00fa se posiciona como un destino bio-seguro (cuenta con el sello Secure Travels) y pone en valor las experiencias al aire libre, as\u00ed como las diferentes pr\u00e1cticas sostenibles que se pueden vivir en el pa\u00eds.<\/p>\n<p>Por otro lado, el pa\u00eds empieza 2022 con fuerza, tras un a\u00f1o lleno de reconocimientos a nivel internacional, tras haber sido galardonado en los World Journey Awards en su edici\u00f3n world; en el World Cruise Awards como mejor destino de cruceros fluviales del mundo y el mejor destino de cruceros fluviales de Am\u00e9rica Latina; la inclusi\u00f3n de nueve destinos tur\u00edsticos en la \u201cLista Top 100 Destinos Sostenibles\u201d; un nuevo Patrimonio Mundial con el complejo arqueol\u00f3gico de Chankillo; y Machupicchu como la primera maravilla del mundo y el primer destino tur\u00edstico a nivel internacional en obtener el Certificado Carbono Impartial.<\/p>\n<\/p><\/div>\n\n<p><em> &#8221; Fuentes www.hosteltur.com &#8221; <\/em><\/p>\n","protected":false},"excerpt":{"rendered":"<p>PROMPER\u00da y la Asociaci\u00f3n Espa\u00f1ola de Agencias de Incentivos dieron a conocer su alianza en el contexto de Fitur 2022. El acuerdo engloba diversas acciones de formaci\u00f3n y promoci\u00f3n para posicionar Per\u00fa como destino de referencia en el sector. Per\u00fa, en l\u00ednea con sus objetivos de promoci\u00f3n del destino desde diferentes segmentos y con Espa\u00f1a [&hellip;]<\/p>\n","protected":false},"author":4,"featured_media":262043,"comment_status":"open","ping_status":"closed","sticky":false,"template":"","format":"standard","meta":{"om_disable_all_campaigns":false,"jnews-multi-image_gallery":[],"jnews_single_post":[],"jnews_primary_category":[],"jnews_social_meta":[],"footnotes":""},"categories":[40],"tags":[715],"class_list":["post-264495","post","type-post","status-publish","format-standard","has-post-thumbnail","hentry","category-industria","tag-economia"],"_links":{"self":[{"href":"https:\/\/dimensionturistica.com\/es\/wp-json\/wp\/v2\/posts\/264495","targetHints":{"allow":["GET"]}}],"collection":[{"href":"https:\/\/dimensionturistica.com\/es\/wp-json\/wp\/v2\/posts"}],"about":[{"href":"https:\/\/dimensionturistica.com\/es\/wp-json\/wp\/v2\/types\/post"}],"author":[{"embeddable":true,"href":"https:\/\/dimensionturistica.com\/es\/wp-json\/wp\/v2\/users\/4"}],"replies":[{"embeddable":true,"href":"https:\/\/dimensionturistica.com\/es\/wp-json\/wp\/v2\/comments?post=264495"}],"version-history":[{"count":0,"href":"https:\/\/dimensionturistica.com\/es\/wp-json\/wp\/v2\/posts\/264495\/revisions"}],"wp:featuredmedia":[{"embeddable":true,"href":"https:\/\/dimensionturistica.com\/es\/wp-json\/wp\/v2\/media\/262043"}],"wp:attachment":[{"href":"https:\/\/dimensionturistica.com\/es\/wp-json\/wp\/v2\/media?parent=264495"}],"wp:term":[{"taxonomy":"category","embeddable":true,"href":"https:\/\/dimensionturistica.com\/es\/wp-json\/wp\/v2\/categories?post=264495"},{"taxonomy":"post_tag","embeddable":true,"href":"https:\/\/dimensionturistica.com\/es\/wp-json\/wp\/v2\/tags?post=264495"}],"curies":[{"name":"wp","href":"https:\/\/api.w.org\/{rel}","templated":true}]}}