{"id":264072,"date":"2022-01-23T16:34:14","date_gmt":"2022-01-23T16:34:14","guid":{"rendered":"https:\/\/dimensionturistica.com\/es\/?p=264072"},"modified":"2022-01-23T16:34:14","modified_gmt":"2022-01-23T16:34:14","slug":"asetur-y-gma-unidos-para-colaborar-en-favor-del-turismo","status":"publish","type":"post","link":"https:\/\/dimensionturistica.com\/es\/asetur-y-gma-unidos-para-colaborar-en-favor-del-turismo\/","title":{"rendered":"ASETUR y GMA, unidos para colaborar en favor del turismo"},"content":{"rendered":"<p style=\"text-align: left;\">Las Asociaciones firmaron un convenio para impulsar estrategias conjuntas.<img decoding=\"async\" class=\"size-medium wp-image-264077 alignleft\" src=\"https:\/\/dimensionturistica.com\/es\/wp-content\/uploads\/2022\/01\/ASE1-300x224.jpg\" alt=\"\" width=\"300\" height=\"224\" srcset=\"https:\/\/dimensionturistica.com\/es\/wp-content\/uploads\/2022\/01\/ASE1-300x224.jpg 300w, https:\/\/dimensionturistica.com\/es\/wp-content\/uploads\/2022\/01\/ASE1-768x575.jpg 768w, https:\/\/dimensionturistica.com\/es\/wp-content\/uploads\/2022\/01\/ASE1-750x561.jpg 750w, https:\/\/dimensionturistica.com\/es\/wp-content\/uploads\/2022\/01\/ASE1.jpg 1024w\" sizes=\"(max-width: 300px) 100vw, 300px\" \/><br \/>\nDestacaron la necesidad de trabajar coordinadamente para contrarrestar pr\u00e1cticas fraudulentas de<br \/>\nagencias y prestadores de servicios ap\u00f3crifos.<br \/>\nGMA Asociaciones de Agencias de Viajes y Empresas Tur\u00edsticas y la Asociaci\u00f3n de Secretarios de Turismo<br \/>\ndel Pa\u00eds ASETUR, a trav\u00e9s de sus Presidentes Roberto Trauwitz Echeguren y Juan Carlos Rivera<br \/>\nCastellanos; y con la presencia del Vicepresiente de ASETUR y Secretario de Turismo del Estado de<br \/>\nTabasco, Jos\u00e9 Antonio Nieves; realizaron la firma de un Convenio de Colaboraci\u00f3n entre ambas<br \/>\norganizaciones, con la intenci\u00f3n de trabajar de manera conjunta en el planteamiento y desarrollo de pol\u00edticas y estrategias, en beneficio de la industria tur\u00edstica.<br \/>\nGMA re\u00fane actualmente 14 asociaciones nacionales que representan a mil 65 empresas tur\u00edsticas, para<img decoding=\"async\" class=\"size-medium wp-image-264080 alignright\" src=\"https:\/\/dimensionturistica.com\/es\/wp-content\/uploads\/2022\/01\/ASE2-300x271.jpg\" alt=\"\" width=\"300\" height=\"271\" srcset=\"https:\/\/dimensionturistica.com\/es\/wp-content\/uploads\/2022\/01\/ASE2-300x271.jpg 300w, https:\/\/dimensionturistica.com\/es\/wp-content\/uploads\/2022\/01\/ASE2-1024x924.jpg 1024w, https:\/\/dimensionturistica.com\/es\/wp-content\/uploads\/2022\/01\/ASE2-768x693.jpg 768w, https:\/\/dimensionturistica.com\/es\/wp-content\/uploads\/2022\/01\/ASE2-1536x1385.jpg 1536w, https:\/\/dimensionturistica.com\/es\/wp-content\/uploads\/2022\/01\/ASE2-750x676.jpg 750w, https:\/\/dimensionturistica.com\/es\/wp-content\/uploads\/2022\/01\/ASE2-1140x1028.jpg 1140w, https:\/\/dimensionturistica.com\/es\/wp-content\/uploads\/2022\/01\/ASE2.jpg 1600w\" sizes=\"(max-width: 300px) 100vw, 300px\" \/><br \/>\nsumar esfuerzos en pro de la reactivaci\u00f3n de la \u201cIndustria sin Chimeneas\u201d. Por su parte, ASETUR<br \/>\nencabeza los esfuerzos de las 32 entidades en el pa\u00eds, para el desarrollo de la promoci\u00f3n tur\u00edstica en<br \/>\nM\u00e9xico.<br \/>\nEsta suma de intenciones busca crear espacios para la discusi\u00f3n y el impulso de propuestas que<br \/>\ncontribuyan a la reactivaci\u00f3n del turismo, mediante acciones conjuntas de promoci\u00f3n y publicidad a lo<br \/>\nlargo del territorio nacional.<br \/>\nEn la firma del convenio, los dirigentes destacaron la necesidad de trabajar de manera coordinada para<br \/>\ncontrarrestar las actividades fraudulentas por parte de \u201cpseudo agencias\u201d, que han encontrado en los<br \/>\nmedios digitales un canal para expandirse y enga\u00f1ar a los viajeros.<br \/>\nAl respecto, adem\u00e1s de hacer un llamado a las autoridades, se comprometieron a seguir trabajando para<br \/>\n<img decoding=\"async\" class=\"size-medium wp-image-264081 alignleft\" src=\"https:\/\/dimensionturistica.com\/es\/wp-content\/uploads\/2022\/01\/ASE4-300x224.jpg\" alt=\"\" width=\"300\" height=\"224\" srcset=\"https:\/\/dimensionturistica.com\/es\/wp-content\/uploads\/2022\/01\/ASE4-300x224.jpg 300w, https:\/\/dimensionturistica.com\/es\/wp-content\/uploads\/2022\/01\/ASE4-768x575.jpg 768w, https:\/\/dimensionturistica.com\/es\/wp-content\/uploads\/2022\/01\/ASE4-750x561.jpg 750w, https:\/\/dimensionturistica.com\/es\/wp-content\/uploads\/2022\/01\/ASE4.jpg 1024w\" sizes=\"(max-width: 300px) 100vw, 300px\" \/>garantizar que la industria tur\u00edstica act\u00fae bajo un marco de legalidad, profesionalismo y responsabilidad.<br \/>\nCon la contingencia sanitaria, los miembros del sector y las entidades del pa\u00eds trabajaron en capacitarse<br \/>\ne implementar nuevas estrategias comerciales y protocolos de bioseguridad. Por ello, es el momento de<br \/>\nseguir operando responsablemente, para que las personas puedan retomar el gusto por viajar.<br \/>\nEl turismo propicia una mejor calidad de vida, la protecci\u00f3n del medio ambiente y la defensa del<br \/>\npatrimonio cultural. En este sentido, es fundamental para el pa\u00eds este tipo de acciones, que contribuyen<br \/>\nal desarrollo de una industria que, apuesta por la innovaci\u00f3n, la capacitaci\u00f3n y la unidad; como hoja de<br \/>\nruta.<\/p>\n","protected":false},"excerpt":{"rendered":"<p>Las Asociaciones firmaron un convenio para impulsar estrategias conjuntas. Destacaron la necesidad de trabajar coordinadamente para contrarrestar pr\u00e1cticas fraudulentas de agencias y prestadores de servicios ap\u00f3crifos. GMA Asociaciones de Agencias de Viajes y Empresas Tur\u00edsticas y la Asociaci\u00f3n de Secretarios de Turismo del Pa\u00eds ASETUR, a trav\u00e9s de sus Presidentes Roberto Trauwitz Echeguren y Juan [&hellip;]<\/p>\n","protected":false},"author":1,"featured_media":264082,"comment_status":"open","ping_status":"closed","sticky":false,"template":"","format":"standard","meta":{"om_disable_all_campaigns":false,"jnews-multi-image_gallery":[],"jnews_single_post":{"source_name":"","source_url":"","via_name":"","via_url":"","override_template":"0","override":[{"template":"1","single_blog_custom":"","parallax":"1","fullscreen":"1","layout":"right-sidebar","sidebar":"default-sidebar","second_sidebar":"default-sidebar","sticky_sidebar":"1","share_position":"top","share_float_style":"share-monocrhome","show_share_counter":"1","show_view_counter":"1","show_featured":"1","show_post_meta":"1","show_post_author":"1","show_post_author_image":"1","show_post_date":"1","post_date_format":"default","post_date_format_custom":"Y\/m\/d","show_post_category":"1","show_post_reading_time":"0","post_reading_time_wpm":"300","show_zoom_button":"0","zoom_button_out_step":"2","zoom_button_in_step":"3","show_post_tag":"1","show_prev_next_post":"1","show_popup_post":"1","number_popup_post":"1","show_author_box":"0","show_post_related":"0","show_inline_post_related":"0"}],"override_image_size":"0","image_override":[{"single_post_thumbnail_size":"crop-500","single_post_gallery_size":"crop-500"}],"trending_post":"0","trending_post_position":"meta","trending_post_label":"Trending","sponsored_post":"0","sponsored_post_label":"Sponsored by","sponsored_post_name":"","sponsored_post_url":"","sponsored_post_logo_enable":"0","sponsored_post_logo":"","sponsored_post_desc":"","disable_ad":"0"},"jnews_primary_category":{"id":""},"jnews_social_meta":{"fb_title":"","fb_description":"","fb_image":"","twitter_title":"","twitter_description":"","twitter_image":""},"footnotes":""},"categories":[39],"tags":[],"class_list":["post-264072","post","type-post","status-publish","format-standard","has-post-thumbnail","hentry","category-viajes"],"_links":{"self":[{"href":"https:\/\/dimensionturistica.com\/es\/wp-json\/wp\/v2\/posts\/264072","targetHints":{"allow":["GET"]}}],"collection":[{"href":"https:\/\/dimensionturistica.com\/es\/wp-json\/wp\/v2\/posts"}],"about":[{"href":"https:\/\/dimensionturistica.com\/es\/wp-json\/wp\/v2\/types\/post"}],"author":[{"embeddable":true,"href":"https:\/\/dimensionturistica.com\/es\/wp-json\/wp\/v2\/users\/1"}],"replies":[{"embeddable":true,"href":"https:\/\/dimensionturistica.com\/es\/wp-json\/wp\/v2\/comments?post=264072"}],"version-history":[{"count":0,"href":"https:\/\/dimensionturistica.com\/es\/wp-json\/wp\/v2\/posts\/264072\/revisions"}],"wp:featuredmedia":[{"embeddable":true,"href":"https:\/\/dimensionturistica.com\/es\/wp-json\/wp\/v2\/media\/264082"}],"wp:attachment":[{"href":"https:\/\/dimensionturistica.com\/es\/wp-json\/wp\/v2\/media?parent=264072"}],"wp:term":[{"taxonomy":"category","embeddable":true,"href":"https:\/\/dimensionturistica.com\/es\/wp-json\/wp\/v2\/categories?post=264072"},{"taxonomy":"post_tag","embeddable":true,"href":"https:\/\/dimensionturistica.com\/es\/wp-json\/wp\/v2\/tags?post=264072"}],"curies":[{"name":"wp","href":"https:\/\/api.w.org\/{rel}","templated":true}]}}