{"id":264054,"date":"2022-01-23T16:21:02","date_gmt":"2022-01-23T16:21:02","guid":{"rendered":"https:\/\/dimensionturistica.com\/es\/?p=264054"},"modified":"2022-01-23T16:21:02","modified_gmt":"2022-01-23T16:21:02","slug":"arranco-con-el-pie-derecho-en-fitur-2022-yucatan","status":"publish","type":"post","link":"https:\/\/dimensionturistica.com\/es\/arranco-con-el-pie-derecho-en-fitur-2022-yucatan\/","title":{"rendered":"Arranco con el pie derecho en FITUR 2022 Yucat\u00e1n"},"content":{"rendered":"<p><img decoding=\"async\" class=\"size-medium wp-image-264066 alignright\" src=\"https:\/\/dimensionturistica.com\/es\/wp-content\/uploads\/2022\/01\/YUCA3-300x300.jpg\" alt=\"\" width=\"300\" height=\"300\" srcset=\"https:\/\/dimensionturistica.com\/es\/wp-content\/uploads\/2022\/01\/YUCA3-300x300.jpg 300w, https:\/\/dimensionturistica.com\/es\/wp-content\/uploads\/2022\/01\/YUCA3-150x150.jpg 150w, https:\/\/dimensionturistica.com\/es\/wp-content\/uploads\/2022\/01\/YUCA3-75x75.jpg 75w, https:\/\/dimensionturistica.com\/es\/wp-content\/uploads\/2022\/01\/YUCA3-350x350.jpg 350w, https:\/\/dimensionturistica.com\/es\/wp-content\/uploads\/2022\/01\/YUCA3.jpg 720w\" sizes=\"(max-width: 300px) 100vw, 300px\" \/> Este d\u00eda dieron inicio de manera oficial las actividades de la Feria Internacional de Turismo (Fitur) 2022 en Madrid, Espa\u00f1a, con la presencia de Yucat\u00e1n como parte de la delegaci\u00f3n de M\u00e9xico.<br \/>\nContinuando con las acciones de promoci\u00f3n tur\u00edstica de Yucat\u00e1n en sus diferentes vertientes y aprovechando el posicionamiento que le dio la reciente edici\u00f3n del Tianguis Tur\u00edstico de M\u00e9xico que se realiz\u00f3 en la capital del Estado, es que el gobierno de Yucat\u00e1n, a trav\u00e9s de la Secretar\u00eda de Fomento Tur\u00edstico (Sefotur), se encuentra en la FITUR, para dar continuidad a la posibilidad de m\u00e1s encuentros de negocio, as\u00ed como de la generaci\u00f3n de convenios de colaboraci\u00f3n con otros destinos, aerol\u00edneas, agencias mayoristas europeas y m\u00e1s, para el afianzamiento de la oferta tur\u00edstica del Estado en el mercado europeo, con el objetivo de incrementar el n\u00famero de visitantes hacia el destino, ya que el mercado espa\u00f1ol es uno de los nichos con pernocta de mayor crecimiento en la actual administraci\u00f3n.<br \/>\nLa titular de Sefotur, Michelle Fridman Hirsch particip\u00f3 esta ma\u00f1ana en el corte de list\u00f3n del pabell\u00f3n de M\u00e9xico, al lado del Secretario de Turismo Federal, Miguel Torruco Marqu\u00e9s y de sus hom\u00f3logos de Puebla, Oaxaca, Los Cabos, Nuevo Le\u00f3n y Riviera Nayarit, entre otros.<br \/>\nDentro de lo m\u00e1s destacado del d\u00eda, Fridman Hirsch particip\u00f3 en la firma de convenio de los estados mexicanos que conforman Mundo Maya (Chiapas, Quintana Roo, Chiapas, Campeche, Tabasco y Yucat\u00e1n) con TAG Airlines, considerando que comparten intereses comunes en materia tur\u00edstica, que podr\u00e1n desarrollarse bajo perspectiva de cooperaci\u00f3n y niveles de desarrollo integrados que permitir\u00e1n aprovechar sus mercados locales y conjuntamente establecer iniciativas de promoci\u00f3n y expansi\u00f3n a otros mercados de inter\u00e9s nacional e internacional para el sureste mexicano.<br \/>\nEl objetivo de este convenio es establecer mecanismos de colaboraci\u00f3n mediante las cuales se unir\u00e1n esfuerzos en el \u00e1mbito de sus respectivas competencias a efecto de estructurar proyectos relacionados con la promoci\u00f3n y difusi\u00f3n del Mundo Maya, generando una mayor conectividad entre Guatemala y los Estados de M\u00e9xico que conforman este grupo.<br \/>\nEntre otras actividades, Yucat\u00e1n sostuvo importantes encuentros con empresas como Juli\u00e1tours Espa\u00f1a, Avasa, Platinum Travel, Catai, Edreams, Tour diez y Jumbo Tours, entre otros; adem\u00e1s de reuniones con la WTTC, la Embajada de M\u00e9xico en Espa\u00f1a, con la Confederaci\u00f3n Panamericana de Escuelas de Hoteler\u00eda, Gastronom\u00eda y Turismo y con los Ayuntamientos de Valladolid y de M\u00e9rida en Espa\u00f1a con el objetivo de llevar a cabo posibles hermanamientos futuros.<br \/>\nTambi\u00e9n, Fridman Hirsch, aprovech\u00f3 la oportunidad de la presencia de los medios de comunicaci\u00f3n para continuar con la promoci\u00f3n de Yucat\u00e1n a trav\u00e9s de estos, con importantes medios como Agencia EFE, Grupo Excelencias, la Radio Nacional de Espa\u00f1a, DW Magazine entre otros.<br \/>\nCabe recordar que FITUR es considerada como la mejor feria en su tipo en todo el orbe tur\u00edstico, debido a que Madrid es la \u201cpuerta\u201d hacia el importante mercado de viajeros en Europa, como el punto de encuentro global para los profesionales del turismo y la feria l\u00edder para los mercados receptivos y emisores de Iberoam\u00e9rica. En la inauguraci\u00f3n de la edici\u00f3n 2022 de esta Feria, estuvieron presentes los Reyes de Espa\u00f1a, Felipe VI y Leticia Ortiz.<\/p>\n<p>Esta Feria se lleva a cabo desde hoy y hasta el 23 de enero, con la participaci\u00f3n de otros destinos del mundo, empresarios, agencias mayoristas, aerol\u00edneas, cadenas hoteleras, en la que durante tres d\u00edas seguidos sostienen encuentros de negocios y presentaciones de la oferta tur\u00edstica del mundo para el mercado europeo.<\/p>\n","protected":false},"excerpt":{"rendered":"<p>Este d\u00eda dieron inicio de manera oficial las actividades de la Feria Internacional de Turismo (Fitur) 2022 en Madrid, Espa\u00f1a, con la presencia de Yucat\u00e1n como parte de la delegaci\u00f3n de M\u00e9xico. Continuando con las acciones de promoci\u00f3n tur\u00edstica de Yucat\u00e1n en sus diferentes vertientes y aprovechando el posicionamiento que le dio la reciente edici\u00f3n [&hellip;]<\/p>\n","protected":false},"author":1,"featured_media":264061,"comment_status":"open","ping_status":"closed","sticky":false,"template":"","format":"standard","meta":{"om_disable_all_campaigns":false,"jnews-multi-image_gallery":[],"jnews_single_post":{"source_name":"","source_url":"","via_name":"","via_url":"","override_template":"0","override":[{"template":"1","single_blog_custom":"","parallax":"1","fullscreen":"1","layout":"right-sidebar","sidebar":"default-sidebar","second_sidebar":"default-sidebar","sticky_sidebar":"1","share_position":"top","share_float_style":"share-monocrhome","show_share_counter":"1","show_view_counter":"1","show_featured":"1","show_post_meta":"1","show_post_author":"1","show_post_author_image":"1","show_post_date":"1","post_date_format":"default","post_date_format_custom":"Y\/m\/d","show_post_category":"1","show_post_reading_time":"0","post_reading_time_wpm":"300","show_zoom_button":"0","zoom_button_out_step":"2","zoom_button_in_step":"3","show_post_tag":"1","show_prev_next_post":"1","show_popup_post":"1","number_popup_post":"1","show_author_box":"0","show_post_related":"0","show_inline_post_related":"0"}],"override_image_size":"0","image_override":[{"single_post_thumbnail_size":"crop-500","single_post_gallery_size":"crop-500"}],"trending_post":"0","trending_post_position":"meta","trending_post_label":"Trending","sponsored_post":"0","sponsored_post_label":"Sponsored by","sponsored_post_name":"","sponsored_post_url":"","sponsored_post_logo_enable":"0","sponsored_post_logo":"","sponsored_post_desc":"","disable_ad":"0"},"jnews_primary_category":{"id":""},"jnews_social_meta":{"fb_title":"","fb_description":"","fb_image":"","twitter_title":"","twitter_description":"","twitter_image":""},"footnotes":""},"categories":[39],"tags":[],"class_list":["post-264054","post","type-post","status-publish","format-standard","has-post-thumbnail","hentry","category-viajes"],"_links":{"self":[{"href":"https:\/\/dimensionturistica.com\/es\/wp-json\/wp\/v2\/posts\/264054","targetHints":{"allow":["GET"]}}],"collection":[{"href":"https:\/\/dimensionturistica.com\/es\/wp-json\/wp\/v2\/posts"}],"about":[{"href":"https:\/\/dimensionturistica.com\/es\/wp-json\/wp\/v2\/types\/post"}],"author":[{"embeddable":true,"href":"https:\/\/dimensionturistica.com\/es\/wp-json\/wp\/v2\/users\/1"}],"replies":[{"embeddable":true,"href":"https:\/\/dimensionturistica.com\/es\/wp-json\/wp\/v2\/comments?post=264054"}],"version-history":[{"count":0,"href":"https:\/\/dimensionturistica.com\/es\/wp-json\/wp\/v2\/posts\/264054\/revisions"}],"wp:featuredmedia":[{"embeddable":true,"href":"https:\/\/dimensionturistica.com\/es\/wp-json\/wp\/v2\/media\/264061"}],"wp:attachment":[{"href":"https:\/\/dimensionturistica.com\/es\/wp-json\/wp\/v2\/media?parent=264054"}],"wp:term":[{"taxonomy":"category","embeddable":true,"href":"https:\/\/dimensionturistica.com\/es\/wp-json\/wp\/v2\/categories?post=264054"},{"taxonomy":"post_tag","embeddable":true,"href":"https:\/\/dimensionturistica.com\/es\/wp-json\/wp\/v2\/tags?post=264054"}],"curies":[{"name":"wp","href":"https:\/\/api.w.org\/{rel}","templated":true}]}}