{"id":264036,"date":"2022-01-23T15:44:11","date_gmt":"2022-01-23T15:44:11","guid":{"rendered":"https:\/\/dimensionturistica.com\/es\/?p=264036"},"modified":"2022-01-23T15:44:11","modified_gmt":"2022-01-23T15:44:11","slug":"copa-airlines-y-aeromar-celebran-la-renovacion-de-su-colaboracion-interlineal","status":"publish","type":"post","link":"https:\/\/dimensionturistica.com\/es\/copa-airlines-y-aeromar-celebran-la-renovacion-de-su-colaboracion-interlineal\/","title":{"rendered":"Copa Airlines y Aeromar celebran la renovaci\u00f3n de su colaboraci\u00f3n interlineal"},"content":{"rendered":"<p><img decoding=\"async\" class=\"size-medium wp-image-264038 alignleft\" src=\"https:\/\/dimensionturistica.com\/es\/wp-content\/uploads\/2022\/01\/AEROMARES-300x200.jpg\" alt=\"\" width=\"300\" height=\"200\" srcset=\"https:\/\/dimensionturistica.com\/es\/wp-content\/uploads\/2022\/01\/AEROMARES-300x200.jpg 300w, https:\/\/dimensionturistica.com\/es\/wp-content\/uploads\/2022\/01\/AEROMARES-1024x682.jpg 1024w, https:\/\/dimensionturistica.com\/es\/wp-content\/uploads\/2022\/01\/AEROMARES-768x512.jpg 768w, https:\/\/dimensionturistica.com\/es\/wp-content\/uploads\/2022\/01\/AEROMARES-1536x1024.jpg 1536w, https:\/\/dimensionturistica.com\/es\/wp-content\/uploads\/2022\/01\/AEROMARES-750x500.jpg 750w, https:\/\/dimensionturistica.com\/es\/wp-content\/uploads\/2022\/01\/AEROMARES-1140x760.jpg 1140w, https:\/\/dimensionturistica.com\/es\/wp-content\/uploads\/2022\/01\/AEROMARES.jpg 2000w\" sizes=\"(max-width: 300px) 100vw, 300px\" \/>\u00a0Copa Airlines y Aeromar celebran haber renovado su acuerdo interlineal, brindando beneficios a sus clientes al permitir reservar boletos que conectan la extensa red de m\u00e1s de 65 destinos de Copa Airlines a trav\u00e9s del continente con los 18 que ofrece Aeromar.<br \/>\nCopa Airlines ofrece alrededor de 99 vuelos semanales entre Panam\u00e1 y las ciudades de M\u00e9xico, Guadalajara, Monterrey y Canc\u00fan que permiten conexiones con los destinos de Aeromar: Acapulco, Aguascalientes, Ciudad Victoria, Colima, Mazatl\u00e1n, Ixtapa Zihuatanejo, Ixtepec, Piedras Negras, Puerto Escondido, Puerto Vallarta, San Luis Potos\u00ed, Tepic, Villahermosa y Veracruz en M\u00e9xico, as\u00ed como los destinos internacionales de Laredo y McAllen Texas; La Habana, Cuba; y Flores\/Tikal, Guatemala.<br \/>\nLa renovaci\u00f3n de este acuerdo continuar\u00e1 facilitando a los clientes la reservaci\u00f3n de su itinerario de viaje en un \u00fanico boleto, bajo una misma pol\u00edtica de equipaje y con condiciones de tarifa uniformes. Los boletos pueden adquirirse en la p\u00e1gina web de Copa (https:\/\/www.copaair.com\/es\/web\/mx ) o a trav\u00e9s de agencias de viajes.<br \/>\nCopa ha programado entre Panam\u00e1 y M\u00e9xico sus modernos aviones Boeing 737-800 con capacidad de 160 asientos. Aeromar a su vez es un operador reconocido del ATR serie -600, aeronave referente de la aviaci\u00f3n regional a nivel mundial.<br \/>\n\u201dEn Copa Airlines nos sentimos contentos de poder mantener esta amplia oferta de la mano de Aeromar hacia importantes destinos internos de M\u00e9xico y m\u00e1s all\u00e1. Con esta asociaci\u00f3n mantenemos el compromiso de seguir fortaleciendo la conectividad del Hub de las Am\u00e9ricas\u00ae,<img decoding=\"async\" class=\"size-medium wp-image-264042 alignleft\" src=\"https:\/\/dimensionturistica.com\/es\/wp-content\/uploads\/2022\/01\/COPAAIR-300x200.jpg\" alt=\"\" width=\"300\" height=\"200\" srcset=\"https:\/\/dimensionturistica.com\/es\/wp-content\/uploads\/2022\/01\/COPAAIR-300x200.jpg 300w, https:\/\/dimensionturistica.com\/es\/wp-content\/uploads\/2022\/01\/COPAAIR-1024x683.jpg 1024w, https:\/\/dimensionturistica.com\/es\/wp-content\/uploads\/2022\/01\/COPAAIR-768x512.jpg 768w, https:\/\/dimensionturistica.com\/es\/wp-content\/uploads\/2022\/01\/COPAAIR-1536x1024.jpg 1536w, https:\/\/dimensionturistica.com\/es\/wp-content\/uploads\/2022\/01\/COPAAIR-2048x1365.jpg 2048w, https:\/\/dimensionturistica.com\/es\/wp-content\/uploads\/2022\/01\/COPAAIR-750x500.jpg 750w, https:\/\/dimensionturistica.com\/es\/wp-content\/uploads\/2022\/01\/COPAAIR-1140x760.jpg 1140w\" sizes=\"(max-width: 300px) 100vw, 300px\" \/> reafirmando nuestra posici\u00f3n como una de las aerol\u00edneas l\u00edderes en la regi\u00f3n\u201d, destac\u00f3 Mauro Arredondo, Gerente General de Copa Airlines en M\u00e9xico.<br \/>\n\u201cAeromar se enorgullece en refrendar su asociaci\u00f3n interlineal con Copa Airlines, aerol\u00ednea l\u00edder en Latinoam\u00e9rica reconocida por su excelencia de servicio y amplia gama de conexiones en su Hub de las Am\u00e9ricas\u00ae en Panam\u00e1. El acuerdo de conectividad preferencial reafirma nuestros altos est\u00e1ndares de calidad y fortalece nuestra cartera de acuerdos interlineales con aerol\u00edneas de clase mundial\u201d, agreg\u00f3 Fabricio Cojuc, Director de Estrategia de Red y Alianzas de Aeromar.<\/p>\n","protected":false},"excerpt":{"rendered":"<p>\u00a0Copa Airlines y Aeromar celebran haber renovado su acuerdo interlineal, brindando beneficios a sus clientes al permitir reservar boletos que conectan la extensa red de m\u00e1s de 65 destinos de Copa Airlines a trav\u00e9s del continente con los 18 que ofrece Aeromar. Copa Airlines ofrece alrededor de 99 vuelos semanales entre Panam\u00e1 y las ciudades [&hellip;]<\/p>\n","protected":false},"author":1,"featured_media":264041,"comment_status":"open","ping_status":"closed","sticky":false,"template":"","format":"standard","meta":{"om_disable_all_campaigns":false,"jnews-multi-image_gallery":[],"jnews_single_post":{"source_name":"","source_url":"","via_name":"","via_url":"","override_template":"0","override":[{"template":"1","single_blog_custom":"","parallax":"1","fullscreen":"1","layout":"right-sidebar","sidebar":"default-sidebar","second_sidebar":"default-sidebar","sticky_sidebar":"1","share_position":"top","share_float_style":"share-monocrhome","show_share_counter":"1","show_view_counter":"1","show_featured":"1","show_post_meta":"1","show_post_author":"1","show_post_author_image":"1","show_post_date":"1","post_date_format":"default","post_date_format_custom":"Y\/m\/d","show_post_category":"1","show_post_reading_time":"0","post_reading_time_wpm":"300","show_zoom_button":"0","zoom_button_out_step":"2","zoom_button_in_step":"3","show_post_tag":"1","show_prev_next_post":"1","show_popup_post":"1","number_popup_post":"1","show_author_box":"0","show_post_related":"0","show_inline_post_related":"0"}],"override_image_size":"0","image_override":[{"single_post_thumbnail_size":"crop-500","single_post_gallery_size":"crop-500"}],"trending_post":"0","trending_post_position":"meta","trending_post_label":"Trending","sponsored_post":"0","sponsored_post_label":"Sponsored by","sponsored_post_name":"","sponsored_post_url":"","sponsored_post_logo_enable":"0","sponsored_post_logo":"","sponsored_post_desc":"","disable_ad":"0"},"jnews_primary_category":{"id":""},"jnews_social_meta":{"fb_title":"","fb_description":"","fb_image":"","twitter_title":"","twitter_description":"","twitter_image":""},"footnotes":""},"categories":[40],"tags":[],"class_list":["post-264036","post","type-post","status-publish","format-standard","has-post-thumbnail","hentry","category-industria"],"_links":{"self":[{"href":"https:\/\/dimensionturistica.com\/es\/wp-json\/wp\/v2\/posts\/264036","targetHints":{"allow":["GET"]}}],"collection":[{"href":"https:\/\/dimensionturistica.com\/es\/wp-json\/wp\/v2\/posts"}],"about":[{"href":"https:\/\/dimensionturistica.com\/es\/wp-json\/wp\/v2\/types\/post"}],"author":[{"embeddable":true,"href":"https:\/\/dimensionturistica.com\/es\/wp-json\/wp\/v2\/users\/1"}],"replies":[{"embeddable":true,"href":"https:\/\/dimensionturistica.com\/es\/wp-json\/wp\/v2\/comments?post=264036"}],"version-history":[{"count":0,"href":"https:\/\/dimensionturistica.com\/es\/wp-json\/wp\/v2\/posts\/264036\/revisions"}],"wp:featuredmedia":[{"embeddable":true,"href":"https:\/\/dimensionturistica.com\/es\/wp-json\/wp\/v2\/media\/264041"}],"wp:attachment":[{"href":"https:\/\/dimensionturistica.com\/es\/wp-json\/wp\/v2\/media?parent=264036"}],"wp:term":[{"taxonomy":"category","embeddable":true,"href":"https:\/\/dimensionturistica.com\/es\/wp-json\/wp\/v2\/categories?post=264036"},{"taxonomy":"post_tag","embeddable":true,"href":"https:\/\/dimensionturistica.com\/es\/wp-json\/wp\/v2\/tags?post=264036"}],"curies":[{"name":"wp","href":"https:\/\/api.w.org\/{rel}","templated":true}]}}