{"id":263484,"date":"2022-01-21T22:08:37","date_gmt":"2022-01-21T22:08:37","guid":{"rendered":"https:\/\/dimensionturistica.com\/es\/?p=263484"},"modified":"2022-01-21T22:08:37","modified_gmt":"2022-01-21T22:08:37","slug":"tlacotalpan-invita-a-vivir-sus-fiestas-de-la-candelaria-para-este-2022","status":"publish","type":"post","link":"https:\/\/dimensionturistica.com\/es\/tlacotalpan-invita-a-vivir-sus-fiestas-de-la-candelaria-para-este-2022\/","title":{"rendered":"Tlacotalpan invita a vivir sus Fiestas de La Candelaria para este 2022"},"content":{"rendered":"<figure id=\"attachment_263487\" aria-describedby=\"caption-attachment-263487\" style=\"width: 300px\" class=\"wp-caption alignleft\"><img decoding=\"async\" class=\"size-medium wp-image-263487\" src=\"https:\/\/dimensionturistica.com\/es\/wp-content\/uploads\/2022\/01\/VIRGEN2-300x280.jpg\" alt=\"\" width=\"300\" height=\"280\" srcset=\"https:\/\/dimensionturistica.com\/es\/wp-content\/uploads\/2022\/01\/VIRGEN2-300x280.jpg 300w, https:\/\/dimensionturistica.com\/es\/wp-content\/uploads\/2022\/01\/VIRGEN2-768x716.jpg 768w, https:\/\/dimensionturistica.com\/es\/wp-content\/uploads\/2022\/01\/VIRGEN2-750x699.jpg 750w, https:\/\/dimensionturistica.com\/es\/wp-content\/uploads\/2022\/01\/VIRGEN2.jpg 992w\" sizes=\"(max-width: 300px) 100vw, 300px\" \/><figcaption id=\"caption-attachment-263487\" class=\"wp-caption-text\">Exif_JPEG_420<\/figcaption><\/figure>\n<p>En conferencia de prensa realizada en la Representaci\u00f3n de Veracruz en la CDMX.<br \/>\nEn esta conferencia se presento las fechas para realizar la Fiesta mas emotiva de Tlacotalpan, \u201cLas Fiestas de La Candelaria 2022 en voz de la la Secretar\u00eda de Turismo y Cultura (SECTUR) quien dijo que que esta festividad ser\u00e1 las mas importante del a\u00f1o.<br \/>\nAs\u00ed mismo nos comunico que Tlacotalpan est\u00e1 preparado en los est\u00e1ndares de una mayor calidad en higiene adem\u00e1s de estar preparados para recibir a los cientos de turistas que visitaran este hemoso pintoresco lugar del 27 de enero al 09 de febrero.<\/p>\n<p>Asimismo Xochitl Arbes\u00fa Lago, inform\u00f3 que la ciudad declarada Patrimonio Cultural de la Humanidad cuenta con sufici8entes habitaciones de hotel asi como de algunas casa que son rentadas para los turistas que requieren de un Ambiente mas familiar que son renta de casas regularmente para estas festividades.<br \/>\nADO, a ofrecido suficiente transporte para comedida de quienes podr\u00e1n de mas horas de diversi\u00f3n con correadas entre el puerto de Veracruz y Tlacotalpan, quienes prefieran seguir la fiesta mas<\/p>\n<figure id=\"attachment_263491\" aria-describedby=\"caption-attachment-263491\" style=\"width: 300px\" class=\"wp-caption alignright\"><img decoding=\"async\" class=\"size-medium wp-image-263491\" src=\"https:\/\/dimensionturistica.com\/es\/wp-content\/uploads\/2022\/01\/VIRGEN3-300x177.jpg\" alt=\"\" width=\"300\" height=\"177\" srcset=\"https:\/\/dimensionturistica.com\/es\/wp-content\/uploads\/2022\/01\/VIRGEN3-300x177.jpg 300w, https:\/\/dimensionturistica.com\/es\/wp-content\/uploads\/2022\/01\/VIRGEN3-768x452.jpg 768w, https:\/\/dimensionturistica.com\/es\/wp-content\/uploads\/2022\/01\/VIRGEN3-750x442.jpg 750w, https:\/\/dimensionturistica.com\/es\/wp-content\/uploads\/2022\/01\/VIRGEN3.jpg 992w\" sizes=\"(max-width: 300px) 100vw, 300px\" \/><figcaption id=\"caption-attachment-263491\" class=\"wp-caption-text\">Exif_JPEG_420<\/figcaption><\/figure>\n<p>tarde.<br \/>\nPor su parte el Alcalde de Tlacotalpan<br \/>\nLuis Medina Aguirre, Alcalde de Tlacotalpan, mostro su agradecimiento a Gobierno estatal; y les dijo \u201csomos un gobierno que va iniciando, pero aliados del Gobierno del Estado; contamos con todo su respaldo\u201d para la realizaci\u00f3n de una de las celebraciones m\u00e1s importantes en Veracruz, reconocida en M\u00e9xico y el mundo.<br \/>\nAdemas para evitar mas contagios y garantizar la integridad de los asistentes se autorizara un aforo m\u00e1ximo del 70 por ciento en eventos masivos.<br \/>\n. Habra una gran variedad de actividades con la participacion de las escuelas locales; paraa el dia 30 iniciar\u00e1n los tradicionales festejos y uno de ellos es un desfile de fuerzas, tomando parte 400 elementos de las secretar\u00edas de Seguridad P\u00fablica (SSP), de la Defensa Nacional (SEDENA), de Protecci\u00f3n Civil (PC) y Marina (SEMAR).<br \/>\nEl 31, la cabalgata e inauguraci\u00f3n del XLIII Encuentro Nacional de Jaraneros y Versadores de Tlacotalpan. El 01 de febrero arrancar\u00e1n las regatas, que son competencias deportivas entre embarcaciones, y es el D\u00eda de Toros.<br \/>\nPara el d\u00eda 02, muy de madrugada se entonar\u00e1n las tradicionales ma\u00f1anitas a Nuestra Se\u00f1ora de La Candelaria, luego vendr\u00e1 el paseo de la imagen por el r\u00edo Papaloapan y comenzar\u00e1n talleres y foros culturales, as\u00ed como presentaciones musicales. El programa cultural, art\u00edstico y deportivo continuar\u00e1 hasta el d\u00eda 09, cerrando con una \u201cJarochada\u201d, muestra de talleres y fuegos artificiales.<br \/>\nPor \u00faltimo, el jefe del Departamento de Culturas Populares del Instituto Veracruzano de la Cultura (IVEC), Mario C\u00e9sar Constantino Toto, dijo que se trata de \u201cuna fiesta popular que crea comunidad. Cuando creamos comunidad creamos cultura de paz y condiciones para un mejor entendimiento. Es un esfuerzo institucional, pero sobre todo de quienes viven y gozan de esta tradici\u00f3n\u201d.<\/p>\n","protected":false},"excerpt":{"rendered":"<p>En conferencia de prensa realizada en la Representaci\u00f3n de Veracruz en la CDMX. En esta conferencia se presento las fechas para realizar la Fiesta mas emotiva de Tlacotalpan, \u201cLas Fiestas de La Candelaria 2022 en voz de la la Secretar\u00eda de Turismo y Cultura (SECTUR) quien dijo que que esta festividad ser\u00e1 las mas importante [&hellip;]<\/p>\n","protected":false},"author":1,"featured_media":263486,"comment_status":"open","ping_status":"closed","sticky":false,"template":"","format":"standard","meta":{"om_disable_all_campaigns":false,"jnews-multi-image_gallery":[],"jnews_single_post":{"source_name":"","source_url":"","via_name":"","via_url":"","override_template":"0","override":[{"template":"1","single_blog_custom":"","parallax":"1","fullscreen":"1","layout":"right-sidebar","sidebar":"default-sidebar","second_sidebar":"default-sidebar","sticky_sidebar":"1","share_position":"top","share_float_style":"share-monocrhome","show_share_counter":"1","show_view_counter":"1","show_featured":"1","show_post_meta":"1","show_post_author":"1","show_post_author_image":"1","show_post_date":"1","post_date_format":"default","post_date_format_custom":"Y\/m\/d","show_post_category":"1","show_post_reading_time":"0","post_reading_time_wpm":"300","show_zoom_button":"0","zoom_button_out_step":"2","zoom_button_in_step":"3","show_post_tag":"1","show_prev_next_post":"1","show_popup_post":"1","number_popup_post":"1","show_author_box":"0","show_post_related":"0","show_inline_post_related":"0"}],"override_image_size":"0","image_override":[{"single_post_thumbnail_size":"crop-500","single_post_gallery_size":"crop-500"}],"trending_post":"0","trending_post_position":"meta","trending_post_label":"Trending","sponsored_post":"0","sponsored_post_label":"Sponsored by","sponsored_post_name":"","sponsored_post_url":"","sponsored_post_logo_enable":"0","sponsored_post_logo":"","sponsored_post_desc":"","disable_ad":"0"},"jnews_primary_category":{"id":""},"jnews_social_meta":{"fb_title":"","fb_description":"","fb_image":"","twitter_title":"","twitter_description":"","twitter_image":""},"footnotes":""},"categories":[39],"tags":[],"class_list":["post-263484","post","type-post","status-publish","format-standard","has-post-thumbnail","hentry","category-viajes"],"_links":{"self":[{"href":"https:\/\/dimensionturistica.com\/es\/wp-json\/wp\/v2\/posts\/263484","targetHints":{"allow":["GET"]}}],"collection":[{"href":"https:\/\/dimensionturistica.com\/es\/wp-json\/wp\/v2\/posts"}],"about":[{"href":"https:\/\/dimensionturistica.com\/es\/wp-json\/wp\/v2\/types\/post"}],"author":[{"embeddable":true,"href":"https:\/\/dimensionturistica.com\/es\/wp-json\/wp\/v2\/users\/1"}],"replies":[{"embeddable":true,"href":"https:\/\/dimensionturistica.com\/es\/wp-json\/wp\/v2\/comments?post=263484"}],"version-history":[{"count":0,"href":"https:\/\/dimensionturistica.com\/es\/wp-json\/wp\/v2\/posts\/263484\/revisions"}],"wp:featuredmedia":[{"embeddable":true,"href":"https:\/\/dimensionturistica.com\/es\/wp-json\/wp\/v2\/media\/263486"}],"wp:attachment":[{"href":"https:\/\/dimensionturistica.com\/es\/wp-json\/wp\/v2\/media?parent=263484"}],"wp:term":[{"taxonomy":"category","embeddable":true,"href":"https:\/\/dimensionturistica.com\/es\/wp-json\/wp\/v2\/categories?post=263484"},{"taxonomy":"post_tag","embeddable":true,"href":"https:\/\/dimensionturistica.com\/es\/wp-json\/wp\/v2\/tags?post=263484"}],"curies":[{"name":"wp","href":"https:\/\/api.w.org\/{rel}","templated":true}]}}