{"id":263296,"date":"2022-01-21T15:07:07","date_gmt":"2022-01-21T15:07:07","guid":{"rendered":"https:\/\/dimensionturistica.com\/es\/?p=263296"},"modified":"2022-01-21T15:07:08","modified_gmt":"2022-01-21T15:07:08","slug":"turismo-cierra-fitur-con-nuevos-acuerdos-y-lineas-de-actuacion","status":"publish","type":"post","link":"https:\/\/dimensionturistica.com\/es\/turismo-cierra-fitur-con-nuevos-acuerdos-y-lineas-de-actuacion\/","title":{"rendered":"Turismo cierra FITUR con nuevos acuerdos y l\u00edneas de actuaci\u00f3n"},"content":{"rendered":"<p> <br \/>\n<\/p>\n<div>\n<p>El\u00a0<strong>consejero de Fomento y Turismo, Alejandro Ram\u00edrez<\/strong>, ha mantenido varias reuniones de trabajo en el stand de Ceuta en la<strong>\u00a0Feria Internacional de Turismo (FITUR)<\/strong>\u00a0con empresas locales y operadores nacionales durante los tres d\u00edas de feria de profesionales para coordinar la estrategia de promoci\u00f3n de Ceuta de cara al exterior.<\/p>\n<p>\u00a0<\/p>\n<p>Acompa\u00f1ado por la<strong>\u00a0directora normal de Turismo y Planificaci\u00f3n de Inversiones, Tamara Guerrero,\u00a0<\/strong>Ram\u00edrez se ha reunido con las compa\u00f1\u00edas ceut\u00edes para fomentar la presencia de Ceuta a nivel exterior y crear una estrategia conjunta con las agencias de viajes, cerrando algunos compromisos para la promoci\u00f3n exterior de Ceuta. As\u00ed, est\u00e1 previsto que en febrero, y gracias a la colaboraci\u00f3n de Servicios Tur\u00edsticos de Ceuta con DITGesti\u00f3n, la mayor asociaci\u00f3n de agencias de viaje de Espa\u00f1a, se desplazar\u00e1n a Ceuta m\u00e1s de 40 agencias nacionales para conocer el destino in situ.<\/p>\n<p>\u00a0<\/p>\n<p><strong>Servicios Tur\u00edsticos\u00a0<\/strong>ya ha presentado el destino con otros viajes de familiarizaci\u00f3n, una estrategia que ha combinado con presentaciones on-line\u00a0y la presencia en eventos espec\u00edficos del sector para dar a conocer Ceuta a m\u00e1s de 800 agencias en los \u00faltimos meses.<\/p>\n<p>\u00a0<\/p>\n<p>Tambi\u00e9n enfocado a los profesionales nacionales, durante el \u00a0mes de marzo, aprovechando la llegada de la \u00e9poca estival, se realizar\u00e1n presentaciones del destino frente a operadores y<strong>\u00a0agencias de viajes en Jerez, M\u00e1laga y Sevilla<\/strong>. Estas acciones comerciales est\u00e1n dentro de las actuaciones recogidas en la estrategia tur\u00edstica de promoci\u00f3n espec\u00edfica del destino Ceuta a nivel nacional.<\/p>\n<p>\u00a0<\/p>\n<p>En el plano native, el consejero de Fomento y Turismo y la directora normal han tratado con <strong>Ceuta World Yachting<\/strong> y Marina H\u00e9rcules la posibilidad de participar en el Congreso Anual de ANEN (Asociaci\u00f3n Nacional de Empresas N\u00e1uticas). Esta actuaci\u00f3n tiene como objetivo impulsar los atractivos que Ceuta tiene en el \u00e1mbito del turismo n\u00e1utico y dar a conocer las ventajas fiscales con las que cuenta el territorio. Asimismo, a lo largo de 2022 se continuar\u00e1 trabajando para reforzar la promoci\u00f3n del destino en los principales puertos deportivos cercanos a Ceuta.<\/p>\n<p>\u00a0<\/p>\n<p>En torno al\u00a0<strong>buceo<\/strong>, la Consejer\u00eda de Turismo ha empezado a tratar con Burbujas la posibilidad de celebrar de un encuentro marino en la ciudad, coincidiendo con el puente de Andaluc\u00eda a finales de febrero. Con este evento se buscar\u00eda atraer turistas nacionales de las ciudades m\u00e1s cercanas para dar a conocer los extensos fondos marinos la ciudad mediante la pr\u00e1ctica de la fotograf\u00eda submarina.<\/p>\n<p>\u00a0<\/p>\n<p><img decoding=\"async\" alt=\"[Img #13844]\" class=\"RichTextAlignCenter\" src=\"https:\/\/ceutaahora.com\/upload\/images\/01_2022\/7726_turismo-ca.jpg\"\/><\/p>\n<p>\u00a0<\/p>\n<p>Servicios Tur\u00edsticos de Ceuta tambi\u00e9n ha tenido estos d\u00edas la posibilidad de conversar con otras empresas enfocadas en la promoci\u00f3n exterior de Ceuta para unificar estrategias, apoyarlas y escuchar cu\u00e1les son sus l\u00edneas de actuaci\u00f3n para este 2022, entre ellas: O\u2019Natura Journey, Portal Ferry, CN Journey, Residing Ceuta, Destinarium Viajes o Helity. En adici\u00f3n a lo anterior, las compa\u00f1\u00edas ceut\u00edes han podido aprovechar los primeros d\u00edas de la feria para cerrar acuerdos con otros profesionales e impulsar la imagen de Ceuta a trav\u00e9s de sus servicios.<\/p>\n<p>\u00a0<\/p>\n<p><span style=\"text-decoration:underline;\"><strong>Visita de la ministra y\u00a0Plan de Transformaci\u00f3n, Resiliencia y Recuperaci\u00f3n<\/strong><\/span><\/p>\n<p>Por otro lado, hasta el stand de Ceuta en FITUR se ha desplazado tambi\u00e9n la\u00a0ministra de Industria, Comercio y Turismo, Reyes Maroto. Ver <a rel=\"nofollow noopener\" target=\"_blank\" href=\"https:\/\/www.facebook.com\/Ceutaahora\/videos\/626393578640720\"><span style=\"color:#0000FF;\"><strong>v\u00eddeo<\/strong><\/span><\/a>.\u00a0<\/p>\n<p>\u00a0<\/p>\n<p>Adem\u00e1s, el secretario de Estado de Turismo, Fernando Vald\u00e9s, ha presentado las acciones y proyectos que, en el \u00e1mbito tur\u00edstico, figuran en el Plan de Transformaci\u00f3n, Resiliencia y Recuperaci\u00f3n. Esta presentaci\u00f3n se ha desarrollado en el stand de Ceuta en la Feria Internacional de Turismo (FITUR) , donde el secretario de Estado ha querido poner de manifiesto que su extrapeninsularidad y singularidad es el mayor atractivo tur\u00edstico de Ceuta y c\u00f3mo el sector del turismo puede ser generador de puestos de trabajo tambi\u00e9n en la ciudad.<\/p>\n<p>\u00a0<\/p>\n<p>Por su parte, el consejero Alejandro Ram\u00edrez ha valorado los<strong> tres d\u00edas que en FITUR <\/strong>se dedican al sector profesional &#8211; el fin de semana IFEMA abre para el p\u00fablico general- y ha adelantado algunos de los proyectos que, desde el plan de transformaci\u00f3n y resiliencia, permitir\u00e1n poner en valor la ciudad como destino tur\u00edstico, entre ellos, ha explicado a modo de ejemplo, elementos patrimoniales militares, como la fortaleza del Hacho, la estartegia de digitalizaci\u00f3n \u00a0&#8211; good city- o las actuaciones orientadas a la mejora de las infraestructuras tur\u00edsticas de las empresas locales y las ayudas para la creaci\u00f3n de productos espec\u00edficos; as\u00ed como otras relacionadas con el turismo n\u00e1utico o de naterualeza. Ver <a rel=\"nofollow noopener\" target=\"_blank\" href=\"https:\/\/fb.watch\/aGx8eWEBq2\/\"><span style=\"color:#0000FF;\"><strong>v\u00eddeo<\/strong><\/span><\/a>.\u00a0<\/p>\n<p>\u00a0<\/p>\n<p>Ram\u00edrez tambi\u00e9n ha agradecido al secretario de Estado el apoyo que\u00a0Ceuta est\u00e1 recibiendo del Ministerio de Industria, Comercio y Turismo y ha recordado que, gracias a sus planes de sostenibilidad se ha podido presentar el proyecto\u00a0de actuaci\u00f3n integral en la explanada de Juan XXIII para la elaboraci\u00f3n artesanal de los salazones de Ceuta y mejorar las condiciones de elaboraci\u00f3n de ese producto genuinamente ceut\u00ed.<\/p>\n<\/div>\n\n<p><em> &#8221; Fuentes ceutaahora.com &#8221; <\/em><\/p>\n","protected":false},"excerpt":{"rendered":"<p>El\u00a0consejero de Fomento y Turismo, Alejandro Ram\u00edrez, ha mantenido varias reuniones de trabajo en el stand de Ceuta en la\u00a0Feria Internacional de Turismo (FITUR)\u00a0con empresas locales y operadores nacionales durante los tres d\u00edas de feria de profesionales para coordinar la estrategia de promoci\u00f3n de Ceuta de cara al exterior. \u00a0 Acompa\u00f1ado por la\u00a0directora normal de [&hellip;]<\/p>\n","protected":false},"author":4,"featured_media":263297,"comment_status":"open","ping_status":"closed","sticky":false,"template":"","format":"standard","meta":{"om_disable_all_campaigns":false,"jnews-multi-image_gallery":[],"jnews_single_post":[],"jnews_primary_category":[],"jnews_social_meta":[],"footnotes":""},"categories":[40],"tags":[4593],"class_list":["post-263296","post","type-post","status-publish","format-standard","has-post-thumbnail","hentry","category-industria","tag-fitur"],"_links":{"self":[{"href":"https:\/\/dimensionturistica.com\/es\/wp-json\/wp\/v2\/posts\/263296","targetHints":{"allow":["GET"]}}],"collection":[{"href":"https:\/\/dimensionturistica.com\/es\/wp-json\/wp\/v2\/posts"}],"about":[{"href":"https:\/\/dimensionturistica.com\/es\/wp-json\/wp\/v2\/types\/post"}],"author":[{"embeddable":true,"href":"https:\/\/dimensionturistica.com\/es\/wp-json\/wp\/v2\/users\/4"}],"replies":[{"embeddable":true,"href":"https:\/\/dimensionturistica.com\/es\/wp-json\/wp\/v2\/comments?post=263296"}],"version-history":[{"count":0,"href":"https:\/\/dimensionturistica.com\/es\/wp-json\/wp\/v2\/posts\/263296\/revisions"}],"wp:featuredmedia":[{"embeddable":true,"href":"https:\/\/dimensionturistica.com\/es\/wp-json\/wp\/v2\/media\/263297"}],"wp:attachment":[{"href":"https:\/\/dimensionturistica.com\/es\/wp-json\/wp\/v2\/media?parent=263296"}],"wp:term":[{"taxonomy":"category","embeddable":true,"href":"https:\/\/dimensionturistica.com\/es\/wp-json\/wp\/v2\/categories?post=263296"},{"taxonomy":"post_tag","embeddable":true,"href":"https:\/\/dimensionturistica.com\/es\/wp-json\/wp\/v2\/tags?post=263296"}],"curies":[{"name":"wp","href":"https:\/\/api.w.org\/{rel}","templated":true}]}}