{"id":263275,"date":"2022-01-21T13:49:56","date_gmt":"2022-01-21T13:49:56","guid":{"rendered":"https:\/\/dimensionturistica.com\/es\/?p=263275"},"modified":"2022-01-21T13:49:56","modified_gmt":"2022-01-21T13:49:56","slug":"sujetos-armados-balean-a-menor-en-la-zona-de-el-crucero","status":"publish","type":"post","link":"https:\/\/dimensionturistica.com\/es\/sujetos-armados-balean-a-menor-en-la-zona-de-el-crucero\/","title":{"rendered":"Sujetos armados balean a menor en la zona de El Crucero"},"content":{"rendered":"<p> <br \/>\n<\/p>\n<div>\n<div class=\"col-xs-12 col-sm-12 col-md-12 col-lg-12 cuerpo-nota\">\n<p>Un menor de 14 a\u00f1os identificado como L. A. C. B. fue baleado la ma\u00f1ana de este viernes en la zona de El Crucero, por sujetos armados que lograron darse a la fuga.<\/p>\n<p>Los hechos se dieron al rededor de las 7 de la ma\u00f1ana, cuando se report\u00f3 al n\u00famero de emergencia 911 para que mandaran una ambulancia a la avenida Jos\u00e9 L\u00f3pez Portillo, frente a la tienda Del Sol, donde el cuerpo del menor estaba tirado el lesionado.<\/p>\n<p>Al lugar de los hechos llegaron param\u00e9dicos de una empresa explicit, quienes examinaron al lesionado, el cual presentaba cuatro\u00a0impactos por arma de fuego, en brazo izquierdo y stomach.<\/p>\n<p>El adolescente fue trasladado de emergencia al Hospital, mientras que la unidad m\u00e9dica fue escoltada por una patrulla de Seguridad P\u00fablica.<\/p>\n<p>Private de la Polic\u00eda Municipal y Ministerial realizaron\u00a0 un operativo por la <strong>zona de El Crucero<\/strong> para ubicar al o los responsables del atentado contra el menor de 14 a\u00f1os.<\/p>\n<p>Tambi\u00e9n el lugar fue resguardado por la polic\u00eda para que peritos de la Fiscal\u00eda Basic del Estado hicieran el procesamiento del \u00e1rea donde fue el ataque.<\/p>\n<p>Con informaci\u00f3n de <span style=\"color: #3366ff;\"><a rel=\"nofollow noopener\" target=\"_blank\" style=\"color: #3366ff;\" title=\"De Peso Quintana Roo\" href=\"https:\/\/depeso.com\/\">De Peso Quintana Roo<\/a><\/span>.<\/p>\n<p><strong>TE PUEDE INTERESAR:<\/strong><\/p>\n<p><span style=\"color: #3366ff;\"><a rel=\"nofollow noopener\" target=\"_blank\" style=\"color: #3366ff;\" title=\"Balean a sujeto en la colonia El Pedregal de Canc\u00fan\" href=\"https:\/\/sipse.com\/policia-quintana-roo\/balean-a-sujeto-en-la-colonia-el-pedregal-de-cancun-416649.html\">Balean a sujeto en la colonia El Pedregal de Canc\u00fan<\/a><\/span><\/p>\n<p><span style=\"color: #3366ff;\"><a rel=\"nofollow noopener\" target=\"_blank\" style=\"color: #3366ff;\" title=\"Sicarios golpean y balean a sujeto en una tienda de vapes en Canc\u00fan\" href=\"https:\/\/sipse.com\/policia-quintana-roo\/sicarios-golpean-balean-cliente-tienda-vapes-cancun-416081.html\">Sicarios golpean y balean a sujeto en una tienda de vapes en Canc\u00fan<\/a><\/span><\/p>\n<p><span style=\"color: #3366ff;\"><a rel=\"nofollow noopener\" target=\"_blank\" style=\"color: #3366ff;\" title=\"Sicarios balean a joven frente a decenas de testigos en el IMSS de la 94\" href=\"https:\/\/sipse.com\/policia-quintana-roo\/cancun-testigos-balean-joven-frente-hospital-imss-94-415710.html\">Sicarios balean a joven frente a decenas de testigos en el IMSS de la 94<\/a><\/span><\/p>\n<\/div>\n<\/div>\n\n<p><em> &#8221; Fuentes sipse.com &#8221; <\/em><\/p>\n","protected":false},"excerpt":{"rendered":"<p>Un menor de 14 a\u00f1os identificado como L. A. C. B. fue baleado la ma\u00f1ana de este viernes en la zona de El Crucero, por sujetos armados que lograron darse a la fuga. Los hechos se dieron al rededor de las 7 de la ma\u00f1ana, cuando se report\u00f3 al n\u00famero de emergencia 911 para que [&hellip;]<\/p>\n","protected":false},"author":4,"featured_media":263276,"comment_status":"open","ping_status":"closed","sticky":false,"template":"","format":"standard","meta":{"om_disable_all_campaigns":false,"jnews-multi-image_gallery":[],"jnews_single_post":[],"jnews_primary_category":[],"jnews_social_meta":[],"footnotes":""},"categories":[41],"tags":[14382],"class_list":["post-263275","post","type-post","status-publish","format-standard","has-post-thumbnail","hentry","category-cruceros","tag-el-crucero"],"_links":{"self":[{"href":"https:\/\/dimensionturistica.com\/es\/wp-json\/wp\/v2\/posts\/263275","targetHints":{"allow":["GET"]}}],"collection":[{"href":"https:\/\/dimensionturistica.com\/es\/wp-json\/wp\/v2\/posts"}],"about":[{"href":"https:\/\/dimensionturistica.com\/es\/wp-json\/wp\/v2\/types\/post"}],"author":[{"embeddable":true,"href":"https:\/\/dimensionturistica.com\/es\/wp-json\/wp\/v2\/users\/4"}],"replies":[{"embeddable":true,"href":"https:\/\/dimensionturistica.com\/es\/wp-json\/wp\/v2\/comments?post=263275"}],"version-history":[{"count":0,"href":"https:\/\/dimensionturistica.com\/es\/wp-json\/wp\/v2\/posts\/263275\/revisions"}],"wp:featuredmedia":[{"embeddable":true,"href":"https:\/\/dimensionturistica.com\/es\/wp-json\/wp\/v2\/media\/263276"}],"wp:attachment":[{"href":"https:\/\/dimensionturistica.com\/es\/wp-json\/wp\/v2\/media?parent=263275"}],"wp:term":[{"taxonomy":"category","embeddable":true,"href":"https:\/\/dimensionturistica.com\/es\/wp-json\/wp\/v2\/categories?post=263275"},{"taxonomy":"post_tag","embeddable":true,"href":"https:\/\/dimensionturistica.com\/es\/wp-json\/wp\/v2\/tags?post=263275"}],"curies":[{"name":"wp","href":"https:\/\/api.w.org\/{rel}","templated":true}]}}