{"id":263030,"date":"2022-01-21T04:06:32","date_gmt":"2022-01-21T04:06:32","guid":{"rendered":"https:\/\/dimensionturistica.com\/es\/?p=263030"},"modified":"2022-01-21T04:06:33","modified_gmt":"2022-01-21T04:06:33","slug":"razon-por-la-que-cardenales-no-busco-ningun-short-stop","status":"publish","type":"post","link":"https:\/\/dimensionturistica.com\/es\/razon-por-la-que-cardenales-no-busco-ningun-short-stop\/","title":{"rendered":"Raz\u00f3n por la que Cardenales no busc\u00f3 ning\u00fan short stop"},"content":{"rendered":"<p> <br \/>\n<\/p>\n<div>\n<p>Los<strong> St. Louis Cardinals<\/strong> han entrado en cada una de las \u00faltimas cuatro temporadas con<a rel=\"nofollow noopener\" target=\"_blank\" href=\"https:\/\/www.debate.com.mx\/\"> Paul DeJong como campocorto<\/a> del D\u00eda Inaugural. Obtuvo el visto bueno inicial en 2018 despu\u00e9s de batear .285\/.325\/.532 en 443 apariciones en el plato como novato el a\u00f1o anterior.<\/p>\n<p>Las pr\u00f3ximas dos temporadas de DeJong (2018\u00a0y 2019)\u00a0no fueron tan fuertes, pero aun as\u00ed combin\u00f3 una ofensiva ligeramente superior al promedio con un trabajo de guantes muy respetado:<\/p>\n<p><amp-twitter data-tweetid=\"1484349241199775747\" width=\"550\" height=\"450\" layout=\"responsive\" class=\"i-amphtml-layout-responsive i-amphtml-layout-size-defined\" i-amphtml-layout=\"responsive\"><i-amphtml-sizer style=\"display:block;padding-top:81.8182%\"\/><\/amp-twitter> <\/p>\n<p>Sin embargo, en los \u00faltimos dos a\u00f1os, la producci\u00f3n de DeJong, de 28 a\u00f1os de edad, en el plato ha disminuido. Volviendo al comienzo de 2020, es solo un bateador de .213\/.295\/.378 en 576 viajes al plato.<\/p>\n<p>Eso condujo a una ca\u00edda en el orden de bateo y, finalmente, a una reducci\u00f3n en el tiempo de juego. <strong>El paname\u00f1o Edmundo Sosa<\/strong> se llev\u00f3 la mayor parte de los turnos al bate en el \u00faltimo mes de la temporada, y el antiguo m\u00e1nager,\u00a0Mike Shildt, recurri\u00f3 a Sosa en un juego de Comodines que deb\u00eda\u00a0ganar.<\/p>\n<p>Con la forma en que se desarroll\u00f3 la segunda mitad de la temporada, parec\u00eda que DeJong podr\u00eda terminar como candidato comercial este invierno. La clase de campocorto de agentes libres estaba repleta de estrellas, y los Cardinals no tienen muchas \u00e1reas obvias de necesidad en el lado de los jugadores de posici\u00f3n.<\/p>\n<p>Sin embargo, no hubo indicios de que St. Louis hiciera un gran esfuerzo por mover a DeJong en las primeras etapas de la temporada baja, y\u00a0los Cardinals no estuvieron activos en las discusiones con ning\u00fan jugador en esta clase de marquesina de libre. -agente de campocortos antes del cierre patronal:<\/p>\n<p><amp-twitter data-tweetid=\"1484355129629298690\" width=\"550\" height=\"450\" layout=\"responsive\" class=\"i-amphtml-layout-responsive i-amphtml-layout-size-defined\" i-amphtml-layout=\"responsive\"><i-amphtml-sizer style=\"display:block;padding-top:81.8182%\"\/><\/amp-twitter> <\/p>\n<p>Si bien es posible que el equipo encienda las discusiones sobre agentes libres despu\u00e9s de la congelaci\u00f3n de las transacciones (el boricua Carlos Correa y Trevor Story siguen disponibles), parece m\u00e1s possible que el campocorto sea el trabajo de DeJong para perder.<\/p>\n<p>No solo no fue objeto de ning\u00fan rumor comercial importante, sino que el presidente de operaciones de b\u00e9isbol de los Cardenales, John Mozeliak, y el gerente basic Mike Girsch le dieron a DeJong un voto p\u00fablico de confianza en las reuniones de gerentes generales de noviembre.<\/p>\n<p>Te puede interesar:\u00a0<a rel=\"nofollow noopener\" target=\"_blank\" href=\"https:\/\/www.albat.com\/lasmayores\/Clase-de-jugadon-que-hicieron-Kolten-Wong-y-Paul-DeJong--20200303-0029.html\"><strong>Clase de jugadon que hicieron Kolten Wong y Paul DeJong<\/strong><\/a><\/p>\n<p>Los ejecutivos de los Cardinals tambi\u00e9n expresaron en privado su confianza en la capacidad de DeJong para enderezar el barco y reclamar el puesto de campocorto en 2022. (Esas conversaciones tambi\u00e9n ocurrieron antes del cierre patronal, que incluye la prohibici\u00f3n de contacto entre el private del equipo y los jugadores en el r\u00f3ster\u00a0de 40 hombres).\u00a0<\/p>\n<\/p><\/div>\n<div>\n<p class=\"authorbox__name\"> <a rel=\"nofollow noopener\" target=\"_blank\" href=\"https:\/\/www.albat.com\/staff\/rafael.martinez\" title=\"Rafael Mart\u00ednez\"> Rafael Mart\u00ednez<\/a> <\/p>\n<p class=\"authorbox__description\">Soy aficionado al Rey de los Deportes, sobre todo a los Boston Purple Sox en MLB y en basic a todo el beisbol mexicano. Esta profesi\u00f3n me ha dado oportunidad de cubrir grandes eventos como Serie del Caribe, All Star de la LMB, LMP (ininterrumpido desde 2009), firmas de peloteros importantes. Tuve la likelihood de asistir al Cl\u00e1sico Mundial 2013 en Arizona, EUA, aunque en calidad de aficionado. Aparte de este hermoso deporte, me encanta el baloncesto, donde tambi\u00e9n he narrado juegos e incluso un amistoso de NBA hace 10 a\u00f1os, pero el beisbol lo traigo en mis venas.Licenciado en Ciencias de la Comunicaci\u00f3n por la Universidad Aut\u00f3noma de Sinaloa (UAS), de la cual egres\u00e9 en el a\u00f1o de 2011. Nac\u00ed en Mazatl\u00e1n, Sinaloa e inici\u00e9 en el mundo del periodismo deportivo en el a\u00f1o 2004 en el diario El Sol de Mazatl\u00e1n, donde fui columnista de beisbol y a la vez reportero. En enero 2009 llegu\u00e9 a El Debate como reportero periodista y fueron casi seis a\u00f1os (en la primera etapa), hasta que en noviembre de 2014 emigr\u00e9 a la radio prestando mis servicios en L\u00ednea Directa-Grupo RSN. Mi ciclo ah\u00ed termin\u00f3 en julio de 2019 y a los d\u00edas, El Debate mi brind\u00f3 otra oportunidad de laborar y me volvi\u00f3 abrir las puertas. Fue as\u00ed como llegu\u00e9 a Al Bat, donde estoy desde el 2019 como periodista net.<\/p>\n<p>  <a rel=\"nofollow noopener\" target=\"_blank\" href=\"https:\/\/www.albat.com\/staff\/rafael.martinez\" title=\"Rafael Mart\u00ednez\" class=\"authorbox__link\">Ver m\u00e1s<\/a> <\/div>\n\n<p><em> &#8221; Fuentes www.albat.com &#8221; <\/em><\/p>\n","protected":false},"excerpt":{"rendered":"<p>Los St. Louis Cardinals han entrado en cada una de las \u00faltimas cuatro temporadas con Paul DeJong como campocorto del D\u00eda Inaugural. Obtuvo el visto bueno inicial en 2018 despu\u00e9s de batear .285\/.325\/.532 en 443 apariciones en el plato como novato el a\u00f1o anterior. Las pr\u00f3ximas dos temporadas de DeJong (2018\u00a0y 2019)\u00a0no fueron tan fuertes, [&hellip;]<\/p>\n","protected":false},"author":4,"featured_media":263031,"comment_status":"open","ping_status":"closed","sticky":false,"template":"","format":"standard","meta":{"om_disable_all_campaigns":false,"jnews-multi-image_gallery":[],"jnews_single_post":[],"jnews_primary_category":[],"jnews_social_meta":[],"footnotes":""},"categories":[40],"tags":[39507,5294,39508],"class_list":["post-263030","post","type-post","status-publish","format-standard","has-post-thumbnail","hentry","category-industria","tag-cardenales-de-san-luis","tag-mlb","tag-paul-dejong"],"_links":{"self":[{"href":"https:\/\/dimensionturistica.com\/es\/wp-json\/wp\/v2\/posts\/263030","targetHints":{"allow":["GET"]}}],"collection":[{"href":"https:\/\/dimensionturistica.com\/es\/wp-json\/wp\/v2\/posts"}],"about":[{"href":"https:\/\/dimensionturistica.com\/es\/wp-json\/wp\/v2\/types\/post"}],"author":[{"embeddable":true,"href":"https:\/\/dimensionturistica.com\/es\/wp-json\/wp\/v2\/users\/4"}],"replies":[{"embeddable":true,"href":"https:\/\/dimensionturistica.com\/es\/wp-json\/wp\/v2\/comments?post=263030"}],"version-history":[{"count":0,"href":"https:\/\/dimensionturistica.com\/es\/wp-json\/wp\/v2\/posts\/263030\/revisions"}],"wp:featuredmedia":[{"embeddable":true,"href":"https:\/\/dimensionturistica.com\/es\/wp-json\/wp\/v2\/media\/263031"}],"wp:attachment":[{"href":"https:\/\/dimensionturistica.com\/es\/wp-json\/wp\/v2\/media?parent=263030"}],"wp:term":[{"taxonomy":"category","embeddable":true,"href":"https:\/\/dimensionturistica.com\/es\/wp-json\/wp\/v2\/categories?post=263030"},{"taxonomy":"post_tag","embeddable":true,"href":"https:\/\/dimensionturistica.com\/es\/wp-json\/wp\/v2\/tags?post=263030"}],"curies":[{"name":"wp","href":"https:\/\/api.w.org\/{rel}","templated":true}]}}