{"id":262593,"date":"2022-01-20T12:34:41","date_gmt":"2022-01-20T12:34:41","guid":{"rendered":"https:\/\/dimensionturistica.com\/es\/?p=262593"},"modified":"2022-01-20T12:34:41","modified_gmt":"2022-01-20T12:34:41","slug":"medio-centenar-de-reuniones-para-incentivar-la-recuperacion-turistica-pos-covid-en-fitur","status":"publish","type":"post","link":"https:\/\/dimensionturistica.com\/es\/medio-centenar-de-reuniones-para-incentivar-la-recuperacion-turistica-pos-covid-en-fitur\/","title":{"rendered":"Medio centenar de reuniones para incentivar la recuperaci\u00f3n tur\u00edstica pos-COVID en Fitur"},"content":{"rendered":"<p> <br \/>\n<\/p>\n<div>\n<p>                <span itemprop=\"articleBody\"><\/p>\n<p><img decoding=\"async\" itemprop=\"image\" src=\"https:\/\/www.lancelotdigital.com\/images\/2022\/01\/reunionesFITUR.webp\"\/><\/p>\n<p>&#13;<\/p>\n<p>Se han celebrado reuniones con turoperadores, l\u00edneas a\u00e9reas, oficinas de turismo y agencias de viaje<\/p>\n<p>&#13;<br \/>\n&#13;<br \/>\n &#13;<\/p>\n<p>\u00a0<\/p>\n<p>&#13;<\/p>\n<li class=\"texto\"><i class=\"fa fa-file-text-o\"\/>Lancelot Digital<\/li>\n<p>\u00a0&#13;<\/p>\n<p>\u00a0<\/p>\n<p>&#13;<\/p>\n<p>La delegaci\u00f3n lanzarote\u00f1a que acudi\u00f3 a la Feria Internacional de Turismo de Madrid (Fitur 2022), conformada por la presidenta y consejera de Turismo del Cabildo de Lanzarote, y por los consejeros delegados de los Centros de Arte, Cultura y Turismo de Lanzarote, Benjam\u00edn Perdomo, y de la Sociedad de Promoci\u00f3n Exterior de Lanzarote, H\u00e9ctor Fern\u00e1ndez, ha mantenido durante los \u00faltimos d\u00edas cerca de 50 reuniones, con el objetivo de afrontar la recuperaci\u00f3n tur\u00edstica pos-COVID en la Isla.<\/p>\n<p>&#13;<\/p>\n<p>\u00a0<\/p>\n<p>&#13;<\/p>\n<p>La Corporaci\u00f3n se ha reunido con turoperadores, l\u00edneas a\u00e9reas, oficinas de turismo, organismos de tecnolog\u00eda, agencias de viaje u organismos de sostenibilidad, entre otros representantes a nivel mundial.<\/p>\n<p>&#13;<\/p>\n<p>\u00a0<\/p>\n<p>&#13;<\/p>\n<p>&#8220;Uno de los datos m\u00e1s realzables tras los encuentros ha sido el aumento en m\u00e1s de un 30% de las plazas programadas por Iberia Express en viajes entre la Isla y Madrid, lo que supondr\u00e1 una mejor y m\u00e1s accesible conectividad nacional en un vuelo que suele tener una alta demanda, e internacional en las posibles conexiones que se pueden establecer con esta ruta&#8221;, adelant\u00f3 la presidenta.<\/p>\n<p>&#13;<\/p>\n<p>\u00a0<\/p>\n<p>&#13;<\/p>\n<p>Dolores Corujo destac\u00f3 que, gracias a estos encuentros, &#8220;recibiremos informaci\u00f3n valiosa para afrontar la temporada tur\u00edstica y la recuperaci\u00f3n tur\u00edstica pos-COVID-19&#8221;.<\/p>\n<p>&#13;<\/p>\n<p>\u00a0<\/p>\n<p>&#13;<\/p>\n<p>&#8220;Cada uno de estos encuentros engloba ideas fundamentales como el reconocimiento de Lanzarote como destino de calidad desde hace m\u00e1s de 20 a\u00f1os o la participaci\u00f3n en el foro Fitur Next, donde se celebrar\u00e1 una mesa redonda con charlas acerca de la sostenibilidad en el sector, despuntando el posicionamiento sostenible que a nivel internacional quiere mostrar la Isla&#8221;, avanz\u00f3 la presidenta.<\/p>\n<p>&#13;<\/p>\n<p>\u00a0<\/p>\n<p>                    <\/span><\/p><\/div>\n<p><script src=\"https:\/\/connect.facebook.net\/es_ES\/all.js#xfbml=1\" type=\"text\/javascript\"><\/script><script type=\"text\/javascript\">\n\/\/<![CDATA[\n   \twindow.fbAsyncInit = function() {\n\t\tFB.init({ appId: '171342606239806', \n\t\t\tstatus: true, \n\t\t\tcookie: true,\n\t\t\txfbml: true,\n\t\t\toauth: true\n\t\t});\n   \t\t    \n\t  \t\t};\n    \/\/      \n    jQuery(window).load(function() {\n    \t(function(){\n    \t\tif(!document.getElementById('fb-root')) {\n    \t\t\tvar root = document.createElement('div');\n    \t\t\troot.id = 'fb-root';\n    \t\t\tdocument.getElementById('gkfb-root').appendChild(root);\n    \t\t\tvar e = document.createElement('script');\n    \t\t\te.src = document.location.protocol + '\/\/connect.facebook.net\/es_ES\/all.js';\n    \t\t\te.async = true;\n    \t\t\tdocument.getElementById('fb-root').appendChild(e);\n    \t\t}  \n    \t})();\n    });\n    \/\/]]>\n<\/script><br \/>\n<br \/><\/p>\n<p><em> &#8221; Fuentes www.lancelotdigital.com &#8221; <\/em><\/p>\n","protected":false},"excerpt":{"rendered":"<p>&#13; Se han celebrado reuniones con turoperadores, l\u00edneas a\u00e9reas, oficinas de turismo y agencias de viaje &#13; &#13; &#13; \u00a0 &#13; Lancelot Digital \u00a0&#13; \u00a0 &#13; La delegaci\u00f3n lanzarote\u00f1a que acudi\u00f3 a la Feria Internacional de Turismo de Madrid (Fitur 2022), conformada por la presidenta y consejera de Turismo del Cabildo de Lanzarote, y por [&hellip;]<\/p>\n","protected":false},"author":4,"featured_media":262594,"comment_status":"open","ping_status":"closed","sticky":false,"template":"","format":"standard","meta":{"om_disable_all_campaigns":false,"jnews-multi-image_gallery":[],"jnews_single_post":[],"jnews_primary_category":[],"jnews_social_meta":[],"footnotes":""},"categories":[40],"tags":[946],"class_list":["post-262593","post","type-post","status-publish","format-standard","has-post-thumbnail","hentry","category-industria","tag-lancelot-digital-noticias-lanzarote-diario-digital-periodico-canarias-sucesos-deportes-cultura-vida-social-opinion-semanario-revista"],"_links":{"self":[{"href":"https:\/\/dimensionturistica.com\/es\/wp-json\/wp\/v2\/posts\/262593","targetHints":{"allow":["GET"]}}],"collection":[{"href":"https:\/\/dimensionturistica.com\/es\/wp-json\/wp\/v2\/posts"}],"about":[{"href":"https:\/\/dimensionturistica.com\/es\/wp-json\/wp\/v2\/types\/post"}],"author":[{"embeddable":true,"href":"https:\/\/dimensionturistica.com\/es\/wp-json\/wp\/v2\/users\/4"}],"replies":[{"embeddable":true,"href":"https:\/\/dimensionturistica.com\/es\/wp-json\/wp\/v2\/comments?post=262593"}],"version-history":[{"count":0,"href":"https:\/\/dimensionturistica.com\/es\/wp-json\/wp\/v2\/posts\/262593\/revisions"}],"wp:featuredmedia":[{"embeddable":true,"href":"https:\/\/dimensionturistica.com\/es\/wp-json\/wp\/v2\/media\/262594"}],"wp:attachment":[{"href":"https:\/\/dimensionturistica.com\/es\/wp-json\/wp\/v2\/media?parent=262593"}],"wp:term":[{"taxonomy":"category","embeddable":true,"href":"https:\/\/dimensionturistica.com\/es\/wp-json\/wp\/v2\/categories?post=262593"},{"taxonomy":"post_tag","embeddable":true,"href":"https:\/\/dimensionturistica.com\/es\/wp-json\/wp\/v2\/tags?post=262593"}],"curies":[{"name":"wp","href":"https:\/\/api.w.org\/{rel}","templated":true}]}}