{"id":262449,"date":"2022-01-20T04:26:18","date_gmt":"2022-01-20T04:26:18","guid":{"rendered":"https:\/\/dimensionturistica.com\/es\/?p=262449"},"modified":"2022-01-20T04:26:19","modified_gmt":"2022-01-20T04:26:19","slug":"asi-lucen-las-playas-de-cozumel-este-19-de-enero-en-vivo","status":"publish","type":"post","link":"https:\/\/dimensionturistica.com\/es\/asi-lucen-las-playas-de-cozumel-este-19-de-enero-en-vivo\/","title":{"rendered":"As\u00ed lucen las playas de Cozumel este 19 de enero: EN VIVO"},"content":{"rendered":"<p> <br \/>\n<\/p>\n<div id=\"cuerpo-nota\">\n<p>Un canal de baja presi\u00f3n causar\u00e1 lluvias en el <strong>Sureste de M\u00e9xico<\/strong> en lo que resta de la semana, indic\u00f3 el Servicio Meteorol\u00f3gico Nacional (<strong>SMN<\/strong>), y en el caso de Quintana Roo, se esperan lluvias intermitentes por la noche en sus as soon as municipios, adem\u00e1s de bancos de niebla.<\/p>\n<p>En <strong>Cozumel<\/strong>, el clima en este mi\u00e9rcoles 19 de enero, la temperatura de esta tarde es de 26 grados cent\u00edgrados y registra rachas de viento de 23 kil\u00f3metros por hora (km\/h) en la zona costera de la isla; en lo que respecta a los cruceros, se report\u00f3 el arribo de siete &#8216;hoteles flotantes&#8217;.<\/p>\n<aside class=\"htmlinline\"\/>\n<aside class=\"relacionadas con-foto\">\n<h5>Noticias Relacionadas<\/h5>\n<\/aside>\n<p>Entre los cruceros que arribaron a la \u00ednsula se encuentra el &#8216;Disney Fantasy&#8217; y el &#8216;<strong>Journey Of\u00a0The\u00a0Seas<\/strong>&#8216;, que atracaron en los puertos Puerta Maya y SSA M\u00e9xico, respectivamente, y permanecer\u00e1n en territorio quintanarroense hasta las 5:00 p.m. y 6:00 de la tarde.<\/p>\n<p>En cuanto al cielo, esta tarde luce parcialmente despejado, y los rayos del sol dejan ver la area blanca que se encuentra frente al Resort Presidente Intercontinental de\u00a0<strong>Cozumel<\/strong>, en el que se ve libre de afluencia tur\u00edstica, probablemente por el viento fr\u00edo que sopla en el destino tur\u00edstico.<\/p>\n<aside class=\"htmlinline\"\/>\n<p>\u00a0<\/p>\n<p>\u00a0<\/p>\n<\/div>\n<p><script>\n      window.fbAsyncInit = function() {\n        FB.init({\n          appId      : '{292213061927134}',\n          status     : true,\n\t\t  version:  'v2.7',\n          xfbml      : true\n        });\nFB.Event.subscribe('comment.create', function (response) {grabacom_compa(310752)});\t\nFB.Event.subscribe('comment.remove',  function (response) {grabacom_compa(310752)});\t\nFB.Event.subscribe('edge.create',  function (response) {grabacom_compa(310752)});\nFB.Event.subscribe('edge.remove',  function (response) {grabacom_compa(310752)});\n      };\n(function(d, s, id) {\n  var js, fjs = d.getElementsByTagName(s)[0];\n  if (d.getElementById(id)) return;\n  js = d.createElement(s); js.id = id;\n  js.src = \"\/\/connect.facebook.net\/es_LA\/sdk.js#xfbml=1&version=v2.7&appId=292213061927134\";\n  fjs.parentNode.insertBefore(js, fjs);\n}(document, 'script', 'facebook-jssdk'));\n    <\/script><br \/>\n<br \/><\/p>\n<p><em> &#8221; Fuentes www.poresto.net &#8221; <\/em><\/p>\n","protected":false},"excerpt":{"rendered":"<p>Un canal de baja presi\u00f3n causar\u00e1 lluvias en el Sureste de M\u00e9xico en lo que resta de la semana, indic\u00f3 el Servicio Meteorol\u00f3gico Nacional (SMN), y en el caso de Quintana Roo, se esperan lluvias intermitentes por la noche en sus as soon as municipios, adem\u00e1s de bancos de niebla. En Cozumel, el clima en [&hellip;]<\/p>\n","protected":false},"author":4,"featured_media":262450,"comment_status":"open","ping_status":"closed","sticky":false,"template":"","format":"standard","meta":{"om_disable_all_campaigns":false,"jnews-multi-image_gallery":[],"jnews_single_post":[],"jnews_primary_category":[],"jnews_social_meta":[],"footnotes":""},"categories":[41],"tags":[1065,3175,39447,1064],"class_list":["post-262449","post","type-post","status-publish","format-standard","has-post-thumbnail","hentry","category-cruceros","tag-cozumel","tag-en-vivo","tag-playa-de-cozumel","tag-quintana-roo"],"_links":{"self":[{"href":"https:\/\/dimensionturistica.com\/es\/wp-json\/wp\/v2\/posts\/262449","targetHints":{"allow":["GET"]}}],"collection":[{"href":"https:\/\/dimensionturistica.com\/es\/wp-json\/wp\/v2\/posts"}],"about":[{"href":"https:\/\/dimensionturistica.com\/es\/wp-json\/wp\/v2\/types\/post"}],"author":[{"embeddable":true,"href":"https:\/\/dimensionturistica.com\/es\/wp-json\/wp\/v2\/users\/4"}],"replies":[{"embeddable":true,"href":"https:\/\/dimensionturistica.com\/es\/wp-json\/wp\/v2\/comments?post=262449"}],"version-history":[{"count":0,"href":"https:\/\/dimensionturistica.com\/es\/wp-json\/wp\/v2\/posts\/262449\/revisions"}],"wp:featuredmedia":[{"embeddable":true,"href":"https:\/\/dimensionturistica.com\/es\/wp-json\/wp\/v2\/media\/262450"}],"wp:attachment":[{"href":"https:\/\/dimensionturistica.com\/es\/wp-json\/wp\/v2\/media?parent=262449"}],"wp:term":[{"taxonomy":"category","embeddable":true,"href":"https:\/\/dimensionturistica.com\/es\/wp-json\/wp\/v2\/categories?post=262449"},{"taxonomy":"post_tag","embeddable":true,"href":"https:\/\/dimensionturistica.com\/es\/wp-json\/wp\/v2\/tags?post=262449"}],"curies":[{"name":"wp","href":"https:\/\/api.w.org\/{rel}","templated":true}]}}