{"id":262266,"date":"2022-01-19T20:33:20","date_gmt":"2022-01-19T20:33:20","guid":{"rendered":"https:\/\/dimensionturistica.com\/es\/?p=262266"},"modified":"2022-01-19T20:33:21","modified_gmt":"2022-01-19T20:33:21","slug":"calvia-expone-en-fitur-sus-expectativas-optimistas-en-relacion-a-la-proxima-temporada-turistica","status":"publish","type":"post","link":"https:\/\/dimensionturistica.com\/es\/calvia-expone-en-fitur-sus-expectativas-optimistas-en-relacion-a-la-proxima-temporada-turistica\/","title":{"rendered":"Calvi\u00e0 expone en Fitur sus expectativas &#8220;optimistas&#8221; en relaci\u00f3n a la pr\u00f3xima temporada tur\u00edstica"},"content":{"rendered":"<p> <br \/>\n<\/p>\n<div id=\"textoNoticia\">\n<p>Durante esta primera jornada, el primer edil y el<strong> director common de Turismo del Consistorio, Xavier Pascuet<\/strong>, se han reunido con representantes de <strong>empresas de tecnolog\u00eda aplicadas a la industria tur\u00edstica<\/strong>, Segittur, de gesti\u00f3n de proyectos Subsequent Gen, o de turismo regenerativo.<\/p>\n<p>Rodr\u00edguez Badal tambi\u00e9n ha mantenido un<strong> encuentro con el CEO de e|movement, Edwin Weindorfer<\/strong>, que es la entidad organizadora de diversos eventos deportivos que se han llevado a cabo en el municipio, como <strong>el ATP de Tenis y el PGA de golf<\/strong>, ambos desarrollados en Santa Pon\u00e7a.<\/p>\n<h2>DIFERENTES SEGMENTOS DE OFERTA<\/h2>\n<p>De cara a 2022, el <strong>turismo deportivo<\/strong> sigue siendo un eje principal en la estategia tur\u00edstica de Calvi\u00e0, que prev\u00e9 <strong>una inversi\u00f3n de unos 80.000 euros en este tipo de eventos<\/strong> con el fin de dinamizar estancias directas y para posicionar a todos los destinos del municipio en esta oferta de mercado.<\/p>\n<p>El alcalde ha destacado que para este a\u00f1o se sigue trabajando en otro eje, como es el <strong>turismo cultural, apoyando eventos como el Mallorca Stay Competition, el Competition de Literatura Expandida LEM<\/strong>, o el relanzamiento de fiestas tradicionales, entre ellas las Festes del Rei en Jaume.<\/p>\n<p>Rodr\u00edguez Badal tambi\u00e9n ha recordado que, a partir de oto\u00f1o, y ligado al patrimonio hist\u00f3rico y cultural,<strong> Calvi\u00e0 contar\u00e1 con la apertura del refugio de Galatz\u00f3 y con el futuro Museo Arqueol\u00f3gico de sa Morisca<\/strong>, que supondr\u00e1n nuevos atractivos tur\u00edsticos para la temporada media-baja.<\/p>\n<p><strong>Suscr\u00edbase<\/strong> aqu\u00ed free of charge a nuestro <a rel=\"nofollow noopener\" target=\"_blank\" href=\"https:\/\/www.mallorcadiario.com\/suscripcion-newsletter\">bolet\u00edn diario<\/a>. S\u00edganos en <a rel=\"nofollow noopener\" target=\"_blank\" href=\"https:\/\/twitter.com\/mallorcadiario\">Twitter<\/a> y <a rel=\"nofollow noopener\" target=\"_blank\" href=\"https:\/\/www.facebook.com\/Mallorcadiariocom\">Facebook<\/a>. Toda la <a rel=\"nofollow noopener\" target=\"_blank\" href=\"https:\/\/www.mallorcadiario.com\/\">actualidad de Mallorca<\/a> en <em><strong>mallorcadiario.com.<\/strong><\/em><\/div>\n<p><script async src=\"\/\/platform.twitter.com\/widgets.js\" charset=\"utf-8\"><\/script><br \/>\n<br \/><\/p>\n<p><em> &#8221; Fuentes www.mallorcadiario.com &#8221; <\/em><\/p>\n","protected":false},"excerpt":{"rendered":"<p>Durante esta primera jornada, el primer edil y el director common de Turismo del Consistorio, Xavier Pascuet, se han reunido con representantes de empresas de tecnolog\u00eda aplicadas a la industria tur\u00edstica, Segittur, de gesti\u00f3n de proyectos Subsequent Gen, o de turismo regenerativo. Rodr\u00edguez Badal tambi\u00e9n ha mantenido un encuentro con el CEO de e|movement, Edwin [&hellip;]<\/p>\n","protected":false},"author":4,"featured_media":262267,"comment_status":"open","ping_status":"closed","sticky":false,"template":"","format":"standard","meta":{"om_disable_all_campaigns":false,"jnews-multi-image_gallery":[],"jnews_single_post":[],"jnews_primary_category":[],"jnews_social_meta":[],"footnotes":""},"categories":[40],"tags":[39055,2711,27689,4593,3963,7531,10455,964,965],"class_list":["post-262266","post","type-post","status-publish","format-standard","has-post-thumbnail","hentry","category-industria","tag-calvi","tag-expectativas","tag-expone","tag-fitur","tag-optimistas","tag-pr-xima","tag-relaci-n","tag-temporada","tag-tur-stica"],"_links":{"self":[{"href":"https:\/\/dimensionturistica.com\/es\/wp-json\/wp\/v2\/posts\/262266","targetHints":{"allow":["GET"]}}],"collection":[{"href":"https:\/\/dimensionturistica.com\/es\/wp-json\/wp\/v2\/posts"}],"about":[{"href":"https:\/\/dimensionturistica.com\/es\/wp-json\/wp\/v2\/types\/post"}],"author":[{"embeddable":true,"href":"https:\/\/dimensionturistica.com\/es\/wp-json\/wp\/v2\/users\/4"}],"replies":[{"embeddable":true,"href":"https:\/\/dimensionturistica.com\/es\/wp-json\/wp\/v2\/comments?post=262266"}],"version-history":[{"count":0,"href":"https:\/\/dimensionturistica.com\/es\/wp-json\/wp\/v2\/posts\/262266\/revisions"}],"wp:featuredmedia":[{"embeddable":true,"href":"https:\/\/dimensionturistica.com\/es\/wp-json\/wp\/v2\/media\/262267"}],"wp:attachment":[{"href":"https:\/\/dimensionturistica.com\/es\/wp-json\/wp\/v2\/media?parent=262266"}],"wp:term":[{"taxonomy":"category","embeddable":true,"href":"https:\/\/dimensionturistica.com\/es\/wp-json\/wp\/v2\/categories?post=262266"},{"taxonomy":"post_tag","embeddable":true,"href":"https:\/\/dimensionturistica.com\/es\/wp-json\/wp\/v2\/tags?post=262266"}],"curies":[{"name":"wp","href":"https:\/\/api.w.org\/{rel}","templated":true}]}}