{"id":262042,"date":"2022-01-19T14:05:25","date_gmt":"2022-01-19T14:05:25","guid":{"rendered":"https:\/\/dimensionturistica.com\/es\/?p=262042"},"modified":"2022-01-19T14:05:26","modified_gmt":"2022-01-19T14:05:26","slug":"brasil-presenta-su-oferta-turistica-en-fitur","status":"publish","type":"post","link":"https:\/\/dimensionturistica.com\/es\/brasil-presenta-su-oferta-turistica-en-fitur\/","title":{"rendered":"Brasil presenta su oferta tur\u00edstica en FITUR"},"content":{"rendered":"<p> <br \/>\n<\/p>\n<div>\n<p><strong>Madrid, 18 de enero de 2022.-<\/strong> La Feria Internacional de Turismo (FITUR) celebra su 42\u00aa edici\u00f3n y Brasil estar\u00e1 presente presentando sus destinos con un stand de 305 metros cuadrados, especialmente preparado para mostrar la belleza y diversidad del pa\u00eds a los espa\u00f1oles.<\/p>\n<p>Para esta edici\u00f3n, est\u00e1n confirmados 30 coexpositores brasile\u00f1os, entre destinos, operadores, hoteles, entidades y aerol\u00edneas. El objetivo es cerrar negocios y fortalecer la relaci\u00f3n con los actores de la industria tur\u00edstica espa\u00f1ola.<\/p>\n<p>Espa\u00f1a es un mercado estrat\u00e9gico para Brasil, situ\u00e1ndose como el 6\u00ba pa\u00eds de Europa que m\u00e1s turistas env\u00eda al pa\u00eds. La estrategia de la Agencia Brasile\u00f1a de Turismo (Embratur) es fortalecer la relaci\u00f3n y aumentar las posibilidades de experiencias aut\u00e9nticas disponibles para todo tipo de turistas.<\/p>\n<p>Datos del Ministerio de Turismo antes de la pandemia muestran que el 93,1% de los turistas espa\u00f1oles que han estado en Brasil tiene intenci\u00f3n de volver al pa\u00eds.<\/p>\n<p>\u201cPara Brasil es muy importante estar presente en FITUR, uno de los mayores eventos tur\u00edsticos del mundo. Queremos mostrar a los espa\u00f1oles que podemos ofrecer experiencias para todo tipo de turistas. Estaremos especialmente enfocados en el turismo de naturaleza, una de las mayores fortalezas de Brasil y una gran tendencia en el momento en que vivimos\u201d, cube el presidente de la Embratur, Carlos Brito.<\/p>\n<p>En el stand de Brasil se mostrar\u00e1n movies e im\u00e1genes de varios destinos de inter\u00e9s en el mercado espa\u00f1ol, adem\u00e1s de presentaciones, degustaci\u00f3n de la gastronom\u00eda brasile\u00f1a con bebidas y platos t\u00edpicos, distribuci\u00f3n de materials promocional y capacitaci\u00f3n a los operadores que promueven nuestros destinos.<\/p>\n<p>Los atractivos culturales ser\u00e1n los bailes t\u00edpicos Forr\u00f3, Frevo, Capoeira, Samba y Maracatu. Hay tres presentaciones al d\u00eda, los d\u00edas 22 y 23, a las 14, 16 y 17 horas.<\/p>\n<p>\u00danase a nosotros en el pabell\u00f3n 3.<\/p>\n<p><strong>SOBRE EMBRATUR<\/strong><\/p>\n<p>La Agencia Brasile\u00f1a de Turismo (Embratur) es responsable de la implementaci\u00f3n de la Pol\u00edtica Nacional de Turismo en las \u00e1reas de promoci\u00f3n, comercializaci\u00f3n y apoyo al advertising and marketing de los destinos, servicios y productos tur\u00edsticos brasile\u00f1os en el mercado internacional. Embratur ayuda a generar desarrollo social y econ\u00f3mico para el pa\u00eds, aumentando el flujo de turistas internacionales a los destinos nacionales.<\/p>\n<p><strong>S\u00cdGUENOS<\/strong><\/p>\n<p>www.visitbrasil.com.br<\/p>\n<p>instagram.com\/visitbrasil<\/p>\n<p>fb.com\/visitbrasil<\/p>\n<p>twitter.com\/visitbrasil<\/p>\n<p>youtube.com\/visitbrasil<\/p>\n<p>linkedin.com\/firm\/visitbrasil<\/p>\n<p><strong>PRESS CONTACT<\/strong><\/p>\n<p>H+Okay Methods Spain<\/p>\n<p>prensaBrasil@hkstrategies.com<\/p>\n<\/p><\/div>\n<p><script async src=\"\/\/platform.twitter.com\/widgets.js\" charset=\"utf-8\"><\/script><script async defer src=\"https:\/\/platform.instagram.com\/en_US\/embeds.js\"><\/script><br \/>\n<br \/><\/p>\n<p><em> &#8221; Fuentes www.hosteltur.com &#8221; <\/em><\/p>\n","protected":false},"excerpt":{"rendered":"<p>Madrid, 18 de enero de 2022.- La Feria Internacional de Turismo (FITUR) celebra su 42\u00aa edici\u00f3n y Brasil estar\u00e1 presente presentando sus destinos con un stand de 305 metros cuadrados, especialmente preparado para mostrar la belleza y diversidad del pa\u00eds a los espa\u00f1oles. Para esta edici\u00f3n, est\u00e1n confirmados 30 coexpositores brasile\u00f1os, entre destinos, operadores, hoteles, [&hellip;]<\/p>\n","protected":false},"author":4,"featured_media":262043,"comment_status":"open","ping_status":"closed","sticky":false,"template":"","format":"standard","meta":{"om_disable_all_campaigns":false,"jnews-multi-image_gallery":[],"jnews_single_post":[],"jnews_primary_category":[],"jnews_social_meta":[],"footnotes":""},"categories":[40],"tags":[715],"class_list":["post-262042","post","type-post","status-publish","format-standard","has-post-thumbnail","hentry","category-industria","tag-economia"],"_links":{"self":[{"href":"https:\/\/dimensionturistica.com\/es\/wp-json\/wp\/v2\/posts\/262042","targetHints":{"allow":["GET"]}}],"collection":[{"href":"https:\/\/dimensionturistica.com\/es\/wp-json\/wp\/v2\/posts"}],"about":[{"href":"https:\/\/dimensionturistica.com\/es\/wp-json\/wp\/v2\/types\/post"}],"author":[{"embeddable":true,"href":"https:\/\/dimensionturistica.com\/es\/wp-json\/wp\/v2\/users\/4"}],"replies":[{"embeddable":true,"href":"https:\/\/dimensionturistica.com\/es\/wp-json\/wp\/v2\/comments?post=262042"}],"version-history":[{"count":0,"href":"https:\/\/dimensionturistica.com\/es\/wp-json\/wp\/v2\/posts\/262042\/revisions"}],"wp:featuredmedia":[{"embeddable":true,"href":"https:\/\/dimensionturistica.com\/es\/wp-json\/wp\/v2\/media\/262043"}],"wp:attachment":[{"href":"https:\/\/dimensionturistica.com\/es\/wp-json\/wp\/v2\/media?parent=262042"}],"wp:term":[{"taxonomy":"category","embeddable":true,"href":"https:\/\/dimensionturistica.com\/es\/wp-json\/wp\/v2\/categories?post=262042"},{"taxonomy":"post_tag","embeddable":true,"href":"https:\/\/dimensionturistica.com\/es\/wp-json\/wp\/v2\/tags?post=262042"}],"curies":[{"name":"wp","href":"https:\/\/api.w.org\/{rel}","templated":true}]}}