{"id":261525,"date":"2022-01-18T16:12:39","date_gmt":"2022-01-18T16:12:39","guid":{"rendered":"https:\/\/dimensionturistica.com\/es\/?p=261525"},"modified":"2022-01-18T16:12:40","modified_gmt":"2022-01-18T16:12:40","slug":"los-grandes-desafios-del-sector-turistico-a-debate-en-las-sercotel-talks-2022","status":"publish","type":"post","link":"https:\/\/dimensionturistica.com\/es\/los-grandes-desafios-del-sector-turistico-a-debate-en-las-sercotel-talks-2022\/","title":{"rendered":"Los grandes desaf\u00edos del sector tur\u00edstico a debate en las Sercotel Talks 2022"},"content":{"rendered":"<p> <br \/>\n<\/p>\n<div>\n<p>La cadena espa\u00f1ola Sercotel Lodge Group organiza una nueva edici\u00f3n del foro sectorialSercotel Talks los d\u00edas 19, 20 y 21 de enero, en el marco de la Feria Internacional del Turismo (FITUR), que se celebra en Madrid.<\/p>\n<p>El evento se estructurar\u00e1 a partir de diferentes mesas redondas en las que se debatir\u00e1n los grandes retos y las principales tendencias de los sectores tur\u00edsticos y hoteleros. En esta segunda edici\u00f3n se abordar\u00e1n siete tem\u00e1ticas sectoriales clave, como son el an\u00e1lisis del contexto precise en el que deben desarrollar su actividad las empresas del sector tur\u00edstico mediante la visi\u00f3n de diferentes CEOs, grandes desaf\u00edos en materia de innovaci\u00f3n y disrupci\u00f3n, iniciativas sostenibles, tendencias de viajes en 2022, transformaci\u00f3n tecnol\u00f3gica, influencer advertising and marketing en el sector tur\u00edstico o formaci\u00f3n especializada.<\/p>\n<p>Igual que el a\u00f1o pasado, el evento tendr\u00e1 lugar en el stand de Sercotel Lodge Group en FITUR.. Este a\u00f1o la compa\u00f1\u00eda dispone de un espacio expositivo con un dise\u00f1o renovado, en una nueva ubicaci\u00f3n (Pabell\u00f3n 10, Stand 10C08), y de mayores dimensiones, en el que se ha reservado una zona para la celebraci\u00f3n de las Sercotel Talks. Los asistentes a la feria podr\u00e1n seguirlas en directo presencialmente o bien se podr\u00e1n ver en streaming bajo registro a trav\u00e9s de la internet de Sercotel Lodge Group.<\/p>\n<p>Las Sercotel Talks contar\u00e1n en su segunda edici\u00f3n con ejecutivos y empresarios de primer nivel del sector, como Jos\u00e9 \u00c1ngel Preciados, consejero delegado de ILUNION Lodges, Flavio Leoni, director regional de la cuenta world EMEA en Reserving.com, o Cesar Escribano y Aoife Roche, por parte de STR. Asimismo, incluir\u00e1 intervenciones de profesionales del sector p\u00fablico, como Valvanera Mar\u00eda Ulargui Aparicio, directora basic de la Oficina Espa\u00f1ola de Cambio Clim\u00e1tico.<\/p>\n<p>Las Sercotel Talks de este a\u00f1o cuentan con la participaci\u00f3n de Deloitte, que moderar\u00e1 algunas de las mesas redondas.<\/p>\n<p>Jos\u00e9 Rodr\u00edguez Pousa, CEO de Sercotel Lodge Group, ha declarado sobre Sercotel Talks: \u201cTras el \u00e9xito del a\u00f1o pasado, volvemos a celebrar las Sercotel Talks, y damos otro paso m\u00e1s en nuestro objetivo de convertir este evento en una referencia para todos los profesionales del sector. El panel de expertos que vamos a congregar es de primer nivel e incluye perfiles muy transversales, que aportar\u00e1n su visi\u00f3n singular para analizar los principales retos que afrontar\u00e1 el sector a corto y medio plazo. Adem\u00e1s, el formato h\u00edbrido nos permite ofrecer acceso libre a todos los profesionales del sector all\u00e1 donde se encuentren, un hecho especialmente interesante en un entorno donde desafortunadamente habr\u00e1 personas que no puedan desplazarse a la feria como en a\u00f1os anteriores.\u201d<\/p>\n<p>La agenda prevista de las Sercotel Talks es la siguiente:<\/p>\n<p><strong>Mi\u00e9rcoles 19 de enero <\/strong><\/p>\n<p><strong>13:00 \u2013 13:45h<\/strong><\/p>\n<p><strong>CEO\u2019S VISION<\/strong><\/p>\n<p>o Jorge Schoenenberger, CEO en Viajes El Corte Ingl\u00e9s<\/p>\n<p>o Jos\u00e9 \u00c1ngel Preciados, consejero delegado de ILUNION Lodges<\/p>\n<p>o Jos\u00e9 Rodr\u00edguez, CEO en Sercotel Lodge Group<\/p>\n<p>o Moderador: Jorge Gilabert, companion en Monitor Deloitte<\/p>\n<p><strong>16:00 \u2013 16.45h<\/strong><\/p>\n<p><strong>KEYNOTE &#8211; INNOVACI\u00d3N Y DISRUPCI\u00d3N TECNOL\u00d3GICA EN EL SECTOR HOTELERO<\/strong><\/p>\n<p>o Aleix Valls, CEO y fundador de LiquiD<\/p>\n<p>o Moderador: Nicol\u00e1s Lleix\u00e0, director Corporativo, Comercial y Advertising en Sercotel Lodge Group<\/p>\n<p><strong>17:15 \u2013 18:00h<\/strong><\/p>\n<p><strong> AGENDA VERDE<\/strong><\/p>\n<p>o Valvanera Mar\u00eda Ulargui Aparicio, directora basic de la Oficina Espa\u00f1ola de Cambio Clim\u00e1tico<\/p>\n<p>o Inge Huigbrechts, vicepresidenta World de Negocios Responsables, Seguridad y Protecci\u00f3n en Radisson Lodge Group<\/p>\n<p>o Jos\u00e9 Benjumea, CEO en Powen<\/p>\n<p>o Iv\u00e1n Mart\u00ednez, key account supervisor del canal hotelero en Too Good To Go Espa\u00f1a<\/p>\n<p>o Laura Garrido, fundadora de \u00c9tico<\/p>\n<p>o Moderador: Xavier Angrill, responsable de Gobierno Corporativo y responsable del Centro de Excelencia de Gobierno Corporativo de Deloitte Espa\u00f1a<\/p>\n<p><strong>Jueves 20 de enero <\/strong><\/p>\n<p><strong>13:15 \u2013 14:00h<\/strong><\/p>\n<p><strong>TRAVEL TRENDS GUEST JOURNEY <\/strong><\/p>\n<p>o Flavio Leoni, director regional de la cuenta world EMEA en Reserving.com<\/p>\n<p>o Toni Mascar\u00f3, fundador y CEO de eMascar\u00f3<\/p>\n<p>o Mar\u00eda \u00c1ngeles Santos, RVP Advertising Cloud en Salesforce<\/p>\n<p>o Marien Ortiz, responsable de account administration en Webgains<\/p>\n<p>o Moderador: Antonio Ib\u00e1\u00f1ez, socio de Deloitte Digital<\/p>\n<p><strong>14:30 \u2013 15.15h<\/strong><\/p>\n<p><strong>TRAVEL TRENDS 2022<\/strong><\/p>\n<p>o Jorge Cort\u00e9s, world business sourcing director en Hotelbeds<\/p>\n<p>o Aoife Roche, directora comercial en STR Alejandro Lista, regional vp of Gross sales, Southern Europe &amp; Northern Africa en Amadeus Hospitality<\/p>\n<p>o Jos\u00e9 Ignacio S\u00e1nchez-Butrague\u00f1o, director asociado en Braintrust<\/p>\n<p>o Moderador: Javier Delgado, Managing Accomplice y CEO de la regi\u00f3n EMEA en Mirai<\/p>\n<p><strong>16:45 \u2013 17.30h<\/strong><\/p>\n<p><strong>INFLUENCERS &amp; SOCIAL CONTENT<\/strong><\/p>\n<p>o Paco Nadal, periodista de viajes de El Pa\u00eds y bloguero<\/p>\n<p>o Marina Comes, instagrammer de viajes<\/p>\n<p>o Pau Garcia (Pachinko), bloguero de viajes<\/p>\n<p>o Moderadora: Laia Jard\u00ed, directora de client engagement en LLYC<\/p>\n<p><strong>Viernes 21 de enero<\/strong><\/p>\n<p><strong>11:45 \u2013 12.30h<\/strong><\/p>\n<p><strong>KEYNOTE \u2013 SERCOTEL &amp; THE POWER MBA<\/strong><\/p>\n<p>o Hugo Ar\u00e9valo, cofundador y pesidente ejecutivo de ThePower MBA<\/p>\n<p>o Jos\u00e9 Rodr\u00edguez, CEO de Sercotel Lodge Group<\/p>\n<p>o Moderador: Nicol\u00e1s Lleix\u00e0, director Corporativo, Comercial y Advertising en Sercotel Lodge Group<\/p>\n<p>Todas las personas interesadas en seguir los eventos por streaming, pueden obtener m\u00e1s informaci\u00f3n e inscribirse a trav\u00e9s del siguiente enlace:<\/p>\n<p>https:\/\/talks.sercotelhotelgroup.com\/<\/p>\n<\/p><\/div>\n\n<p><em> &#8221; Fuentes www.hosteltur.com &#8221; <\/em><\/p>\n","protected":false},"excerpt":{"rendered":"<p>La cadena espa\u00f1ola Sercotel Lodge Group organiza una nueva edici\u00f3n del foro sectorialSercotel Talks los d\u00edas 19, 20 y 21 de enero, en el marco de la Feria Internacional del Turismo (FITUR), que se celebra en Madrid. El evento se estructurar\u00e1 a partir de diferentes mesas redondas en las que se debatir\u00e1n los grandes retos [&hellip;]<\/p>\n","protected":false},"author":4,"featured_media":253981,"comment_status":"open","ping_status":"closed","sticky":false,"template":"","format":"standard","meta":{"om_disable_all_campaigns":false,"jnews-multi-image_gallery":[],"jnews_single_post":[],"jnews_primary_category":[],"jnews_social_meta":[],"footnotes":""},"categories":[39],"tags":[1140],"class_list":["post-261525","post","type-post","status-publish","format-standard","has-post-thumbnail","hentry","category-viajes","tag-hoteles-y-alojamientos"],"_links":{"self":[{"href":"https:\/\/dimensionturistica.com\/es\/wp-json\/wp\/v2\/posts\/261525","targetHints":{"allow":["GET"]}}],"collection":[{"href":"https:\/\/dimensionturistica.com\/es\/wp-json\/wp\/v2\/posts"}],"about":[{"href":"https:\/\/dimensionturistica.com\/es\/wp-json\/wp\/v2\/types\/post"}],"author":[{"embeddable":true,"href":"https:\/\/dimensionturistica.com\/es\/wp-json\/wp\/v2\/users\/4"}],"replies":[{"embeddable":true,"href":"https:\/\/dimensionturistica.com\/es\/wp-json\/wp\/v2\/comments?post=261525"}],"version-history":[{"count":0,"href":"https:\/\/dimensionturistica.com\/es\/wp-json\/wp\/v2\/posts\/261525\/revisions"}],"wp:featuredmedia":[{"embeddable":true,"href":"https:\/\/dimensionturistica.com\/es\/wp-json\/wp\/v2\/media\/253981"}],"wp:attachment":[{"href":"https:\/\/dimensionturistica.com\/es\/wp-json\/wp\/v2\/media?parent=261525"}],"wp:term":[{"taxonomy":"category","embeddable":true,"href":"https:\/\/dimensionturistica.com\/es\/wp-json\/wp\/v2\/categories?post=261525"},{"taxonomy":"post_tag","embeddable":true,"href":"https:\/\/dimensionturistica.com\/es\/wp-json\/wp\/v2\/tags?post=261525"}],"curies":[{"name":"wp","href":"https:\/\/api.w.org\/{rel}","templated":true}]}}