{"id":261214,"date":"2022-01-18T00:59:26","date_gmt":"2022-01-18T00:59:26","guid":{"rendered":"https:\/\/dimensionturistica.com\/es\/?p=261214"},"modified":"2022-01-18T00:59:27","modified_gmt":"2022-01-18T00:59:27","slug":"que-es-el-blue-monday-y-que-tiene-que-ver-con-los-viajes","status":"publish","type":"post","link":"https:\/\/dimensionturistica.com\/es\/que-es-el-blue-monday-y-que-tiene-que-ver-con-los-viajes\/","title":{"rendered":"\u00bfQu\u00e9 es el Blue Monday y qu\u00e9 tiene que ver con los viajes?"},"content":{"rendered":"<p> <br \/>\n<\/p>\n<div>\n<p>\u00bfA qui\u00e9n no le ha costado trabajo levantarse de la cama especialmente durante los lunes? y si tu como Garfield odias el inicio de la semana seguro este<strong> Blue Monday<\/strong> lo sentir\u00e1s el doble de agotador. Pero si nunca hab\u00edas escuchado hablar de este d\u00eda del a\u00f1o, esta informaci\u00f3n seguro te encantar\u00e1.<\/p>\n<p>El <strong>tercer lunes de enero <\/strong>no es solamente es otro inicio de semana en los que te costar\u00e1 levantarte para iniciar tu d\u00eda y las actividades que tienes a lo largo de el, sino que de acuerdo al dicho standard este es <strong>el d\u00eda m\u00e1s triste de todo el a\u00f1o.<\/strong><\/p>\n<h2>\u00bfQu\u00e9 es el Blue Monday?<\/h2>\n<p>El t\u00e9rmino de<strong> Blue Monday <\/strong>fue usado por primera vez en 2005 y desde entonces se ha extendido a lo largo de los a\u00f1os, por lo que cada tercer lunes del a\u00f1o se suele hablar de el. Si bien en muchos art\u00edculos se suele hablar de la veracidad y forma en que se determin\u00f3 de forma cient\u00edfica que es el momento m\u00e1s triste del a\u00f1o, la realidad es que los cient\u00edficos consideran que esta informaci\u00f3n no es ver\u00eddica.<\/p>\n<p><strong>Te puede interesar:<\/strong> <a rel=\"nofollow noopener\" target=\"_blank\" href=\"https:\/\/www.soynomada.news\/familiar\/Puebla-es-el-estado-mas-ansioso-revelo-estudio-de-INEGI-20211227-0004.html\">Puebla es el estado m\u00e1s ansioso, revel\u00f3 estudio de INEGI<\/a><\/p>\n<p>Se cube que el <strong>psic\u00f3logo Cliff Arnall<\/strong> fue quien acu\u00f1\u00f3 el t\u00e9rmino teniendo en cuenta una components con distintos factores que podr\u00edan afectar el<a rel=\"nofollow noopener\" target=\"_blank\" href=\"https:\/\/www.soynomada.news\/seccion\/familiar\/\"> estado del animo<\/a> para generar que el tercer d\u00eda del a\u00f1o sea el m\u00e1s triste del a\u00f1o. Estos son los siguientes:<\/p>\n<ul>\n<li>El issue clim\u00e1tico<\/li>\n<li>Las deudas adquiridas durante las fiestas decembrinas<\/li>\n<li>El dinero que llegar\u00e1 hasta ultimate de mes<\/li>\n<li>El tiempo que ha pasado desde la celebraci\u00f3n de Navidad<\/li>\n<li>El periodo desde que se intent\u00f3 dejar un mal h\u00e1bito o comenzar un nuevo desaf\u00edo<\/li>\n<li>Las motivaciones que todav\u00eda queda<\/li>\n<li>La necesidad de actuar para cambiar tu vida<\/li>\n<\/ul>\n<p>Si bien la components y todos los factores que acabamos de mostrar podr\u00edan parecer convincentes, la realidad\u00a0es que varios cient\u00edficos han desmentido su veracidad.<\/p>\n<h2>\u00bfQu\u00e9 tiene que ver el Blue Monday con los viajes?<\/h2>\n<p>La realidad es que el<strong> Blue Monda<\/strong>y m\u00e1s all\u00e1 de ser una teor\u00eda psicol\u00f3gica en 2005 fue parte de una <strong>campa\u00f1a publicitaria de Sky Journey,<\/strong> as\u00ed es una<a rel=\"nofollow noopener\" target=\"_blank\" href=\"https:\/\/www.soynomada.news\/\"> agencia de viajes <\/a>y desde ese momento se extendi\u00f3 por diversos por todo el mundo en diferentes \u00e1mbitos.<\/p>\n<p><strong>Tambi\u00e9n te puede interesar<\/strong>:<a rel=\"nofollow noopener\" target=\"_blank\" href=\"https:\/\/www.soynomada.news\/familiar\/Mexico-es-primer-mundo-o-tercer-mundo-conoce-la-razon--20220110-0006.html\"> \u00bfM\u00e9xico es primer mundo o tercer mundo? Conoce la raz\u00f3n\u00a0<\/a><\/p>\n<p>La raz\u00f3n por la que Sky Journey contrat\u00f3 una agencia publicitaria para hacer de este t\u00e9rmino una oportunidad para subir sus ventas es que durante el a\u00f1o 2004 las ventas de esta <strong>empresa de viajes<\/strong> hab\u00eda bajado considerablemente y sin duda el <strong>Blue Monday <\/strong>fue una forma que alent\u00f3 a los <strong>viajeros de coraz\u00f3n <\/strong>de darse un gustito y alegrar su estado de animo.\u00a0<\/p>\n<\/div>\n<div>\n<p class=\"authorbox__name\"> <a rel=\"nofollow noopener\" target=\"_blank\" href=\"https:\/\/www.soynomada.news\/staff\/sonia.martinez\" title=\"Sonia Mart\u00ednez\"> Sonia Mart\u00ednez<\/a> <\/p>\n<p class=\"authorbox__description\">Licenciada en Psicolog\u00eda y certificada en idioma Ingl\u00e9s y Franc\u00e9s. Se ha desempe\u00f1ado como traductora, docente e investigadora especializada en violencia de g\u00e9nero y representaciones en medios de comunicaci\u00f3n. Desde 2020 es periodista para Debate en Soy N\u00f3mada donde se especializa en temas de consejos para viajes, turismo y noticias del rubro. Ha vivido en diferentes ciudades de M\u00e9xico como Guadalajara, Ciudad de M\u00e9xico, Mazatl\u00e1n y Culiac\u00e1n. Sus temas de inter\u00e9s son cultura, medio ambiente, idiomas, arte, cine y m\u00fasica.<\/p>\n<p>  <a rel=\"nofollow noopener\" target=\"_blank\" href=\"https:\/\/www.soynomada.news\/staff\/sonia.martinez\" title=\"Sonia Mart\u00ednez\" class=\"authorbox__link\">Ver m\u00e1s<\/a> <\/div>\n\n<p><em> &#8221; Fuentes www.soynomada.news &#8221; <\/em><\/p>\n","protected":false},"excerpt":{"rendered":"<p>\u00bfA qui\u00e9n no le ha costado trabajo levantarse de la cama especialmente durante los lunes? y si tu como Garfield odias el inicio de la semana seguro este Blue Monday lo sentir\u00e1s el doble de agotador. Pero si nunca hab\u00edas escuchado hablar de este d\u00eda del a\u00f1o, esta informaci\u00f3n seguro te encantar\u00e1. El tercer lunes [&hellip;]<\/p>\n","protected":false},"author":4,"featured_media":261215,"comment_status":"open","ping_status":"closed","sticky":false,"template":"","format":"standard","meta":{"om_disable_all_campaigns":false,"jnews-multi-image_gallery":[],"jnews_single_post":[],"jnews_primary_category":[],"jnews_social_meta":[],"footnotes":""},"categories":[39],"tags":[2542],"class_list":["post-261214","post","type-post","status-publish","format-standard","has-post-thumbnail","hentry","category-viajes","tag-curiosidades"],"_links":{"self":[{"href":"https:\/\/dimensionturistica.com\/es\/wp-json\/wp\/v2\/posts\/261214","targetHints":{"allow":["GET"]}}],"collection":[{"href":"https:\/\/dimensionturistica.com\/es\/wp-json\/wp\/v2\/posts"}],"about":[{"href":"https:\/\/dimensionturistica.com\/es\/wp-json\/wp\/v2\/types\/post"}],"author":[{"embeddable":true,"href":"https:\/\/dimensionturistica.com\/es\/wp-json\/wp\/v2\/users\/4"}],"replies":[{"embeddable":true,"href":"https:\/\/dimensionturistica.com\/es\/wp-json\/wp\/v2\/comments?post=261214"}],"version-history":[{"count":0,"href":"https:\/\/dimensionturistica.com\/es\/wp-json\/wp\/v2\/posts\/261214\/revisions"}],"wp:featuredmedia":[{"embeddable":true,"href":"https:\/\/dimensionturistica.com\/es\/wp-json\/wp\/v2\/media\/261215"}],"wp:attachment":[{"href":"https:\/\/dimensionturistica.com\/es\/wp-json\/wp\/v2\/media?parent=261214"}],"wp:term":[{"taxonomy":"category","embeddable":true,"href":"https:\/\/dimensionturistica.com\/es\/wp-json\/wp\/v2\/categories?post=261214"},{"taxonomy":"post_tag","embeddable":true,"href":"https:\/\/dimensionturistica.com\/es\/wp-json\/wp\/v2\/tags?post=261214"}],"curies":[{"name":"wp","href":"https:\/\/api.w.org\/{rel}","templated":true}]}}