{"id":260919,"date":"2022-01-17T14:00:20","date_gmt":"2022-01-17T14:00:20","guid":{"rendered":"https:\/\/dimensionturistica.com\/es\/?p=260919"},"modified":"2022-01-17T14:00:21","modified_gmt":"2022-01-17T14:00:21","slug":"almeida-2022-sera-el-ano-de-la-transformacion-del-turismo-para-que-madrid-siga-siendo-uno-de-los-mejores-destinos-urbanos-del-mundo-noticias-de-madrid","status":"publish","type":"post","link":"https:\/\/dimensionturistica.com\/es\/almeida-2022-sera-el-ano-de-la-transformacion-del-turismo-para-que-madrid-siga-siendo-uno-de-los-mejores-destinos-urbanos-del-mundo-noticias-de-madrid\/","title":{"rendered":"Almeida: &#8220;2022 ser\u00e1 el a\u00f1o de la transformaci\u00f3n del turismo para que Madrid siga siendo uno de los mejores destinos urbanos del mundo&#8221; &#8211; Noticias de Madrid"},"content":{"rendered":"<p> <br \/>\n<\/p>\n<div>\n<p>El alcalde de <a rel=\"nofollow noopener\" target=\"_blank\" href=\"https:\/\/www.lacerca.com\/etiquetas\/1\/madrid\">Madrid<\/a>, <a rel=\"nofollow noopener\" target=\"_blank\" href=\"https:\/\/www.lacerca.com\/etiquetas\/1\/jos%C3%A9%20luis%20mart%C3%ADnez-almeida\">Jos\u00e9 Luis Mart\u00ednez-Almeida<\/a>, ha trasladado un mensaje de \u201coptimismo en el futuro\u201d al sector tur\u00edstico madrile\u00f1o y ha augurado que este 2022 \u201cser\u00e1 el a\u00f1o de la recuperaci\u00f3n y de la trasformaci\u00f3n del turismo, que nos siga posicionando como uno de los mejores destinos urbanos del mundo\u201d gracias a la innovaci\u00f3n, la tecnolog\u00eda y la sostenibilidad. Palabras que Almeida ha pronunciado en la inauguraci\u00f3n del VIII Foro de Innovaci\u00f3n Tur\u00edstica que organiza el Grupo Hotusa en la antesala de la Feria Internacional de Turismo (FITUR), a la que ha asistido tambi\u00e9n la concejala delegada de Turismo, <a rel=\"nofollow noopener\" target=\"_blank\" href=\"https:\/\/www.lacerca.com\/etiquetas\/1\/almudena%20ma%C3%ADllo\">Almudena Ma\u00edllo<\/a>.<\/p>\n<\/p><\/div>\n<div>\n<p>El alcalde de Madrid, Jos\u00e9 Luis Mart\u00ednez-Almeida, ha trasladado un mensaje de \u201coptimismo en el futuro\u201d al sector tur\u00edstico madrile\u00f1o y ha augurado que este 2022 \u201cser\u00e1 el a\u00f1o de la recuperaci\u00f3n y de la trasformaci\u00f3n del turismo, que nos siga posicionando como uno de los mejores destinos urbanos del mundo\u201d gracias a la innovaci\u00f3n, la tecnolog\u00eda y la sostenibilidad. Palabras que Almeida ha pronunciado en la inauguraci\u00f3n del VIII Foro de Innovaci\u00f3n Tur\u00edstica que organiza el Grupo Hotusa en la antesala de la Feria Internacional de Turismo (FITUR), a la que ha asistido tambi\u00e9n la concejala delegada de Turismo, Almudena Ma\u00edllo.<\/p>\n<p>El alcalde ha explicado que, gracias a la digitalizaci\u00f3n y la innovaci\u00f3n, el Ayuntamiento est\u00e1 poniendo en marcha pr\u00e1cticas que permitir\u00e1n \u201cno solo saber que el turista est\u00e1 satisfecho de estar en Madrid, sino hacerle saber que queremos que vuelva\u201d porque \u201ccon la tecnolog\u00eda podremos monitorizar su experiencia y transmitirle que las experiencias no se agotan en Madrid durante un \u00fanico viaje\u201d.<\/p>\n<p>Almeida ha subrayado su \u201cconvicci\u00f3n de que debemos apartarnos ya de la mera proclamaci\u00f3n del n\u00famero de turistas\u201d que nos visitan y poner de relieve la calidad para que, \u201cgracias al esfuerzo continuado y sostenido en el tiempo, Madrid pueda convertirse en el mejor destino tur\u00edstico del mundo\u201d. En este sentido, ha recordado que la ciudad ha sido elegida mejor destino de negocios del mundo por tercer a\u00f1o consecutivo y cuarto mejor destino urbano del mundo. Por eso, el Ayuntamiento, a trav\u00e9s del Plan Estrat\u00e9gico de Turismo 2021-2023, trabaja para \u201cgenerar momentos \u00fanicos e irrepetibles\u201d con los que \u201cconsolidar el liderazgo internacional\u201d.<\/p>\n<p>Asimismo, ha subrayado la \u201cnecesaria\u201d colaboraci\u00f3n institucional que mantiene el Ayuntamiento de Madrid tanto con el Gobierno regional como con el central y la necesidad de la colaboraci\u00f3n p\u00fablica con el \u00e1mbito privado, que \u201cel sector privado entienda que no solo opina, sino que lo que nos dice al Ayuntamiento es vinculante para poder tomar las mejores decisiones\u201d. \/<\/p>\n<\/p><\/div>\n<p><script type=\"text\/plain\" class=\"cc-onconsent-social\">(function(d, s, id) {\n      var js, fjs = d.getElementsByTagName(s)[0];\n      if (d.getElementById(id)) return;\n      js = d.createElement(s); js.id = id;\n      js.src = \"\/\/connect.facebook.net\/es_ES\/all.js#xfbml=1&appId=183967301644474\";\n      fjs.parentNode.insertBefore(js, fjs);\n    }(document, 'script', 'facebook-jssdk'));<\/script><br \/>\n<br \/><\/p>\n<p><em> &#8221; Fuentes www.lacerca.com &#8221; <\/em><\/p>\n","protected":false},"excerpt":{"rendered":"<p>El alcalde de Madrid, Jos\u00e9 Luis Mart\u00ednez-Almeida, ha trasladado un mensaje de \u201coptimismo en el futuro\u201d al sector tur\u00edstico madrile\u00f1o y ha augurado que este 2022 \u201cser\u00e1 el a\u00f1o de la recuperaci\u00f3n y de la trasformaci\u00f3n del turismo, que nos siga posicionando como uno de los mejores destinos urbanos del mundo\u201d gracias a la innovaci\u00f3n, [&hellip;]<\/p>\n","protected":false},"author":4,"featured_media":260920,"comment_status":"open","ping_status":"closed","sticky":false,"template":"","format":"standard","meta":{"om_disable_all_campaigns":false,"jnews-multi-image_gallery":[],"jnews_single_post":[],"jnews_primary_category":[],"jnews_social_meta":[],"footnotes":""},"categories":[39],"tags":[9241,15242,1264,1228,700,2830,797,35320,10368,544,17680],"class_list":["post-260919","post","type-post","status-publish","format-standard","has-post-thumbnail","hentry","category-viajes","tag-9241","tag-almeida","tag-ano","tag-destinos","tag-madrid","tag-mejores","tag-mundo","tag-siga","tag-transformacion","tag-turismo","tag-urbanos"],"_links":{"self":[{"href":"https:\/\/dimensionturistica.com\/es\/wp-json\/wp\/v2\/posts\/260919","targetHints":{"allow":["GET"]}}],"collection":[{"href":"https:\/\/dimensionturistica.com\/es\/wp-json\/wp\/v2\/posts"}],"about":[{"href":"https:\/\/dimensionturistica.com\/es\/wp-json\/wp\/v2\/types\/post"}],"author":[{"embeddable":true,"href":"https:\/\/dimensionturistica.com\/es\/wp-json\/wp\/v2\/users\/4"}],"replies":[{"embeddable":true,"href":"https:\/\/dimensionturistica.com\/es\/wp-json\/wp\/v2\/comments?post=260919"}],"version-history":[{"count":0,"href":"https:\/\/dimensionturistica.com\/es\/wp-json\/wp\/v2\/posts\/260919\/revisions"}],"wp:featuredmedia":[{"embeddable":true,"href":"https:\/\/dimensionturistica.com\/es\/wp-json\/wp\/v2\/media\/260920"}],"wp:attachment":[{"href":"https:\/\/dimensionturistica.com\/es\/wp-json\/wp\/v2\/media?parent=260919"}],"wp:term":[{"taxonomy":"category","embeddable":true,"href":"https:\/\/dimensionturistica.com\/es\/wp-json\/wp\/v2\/categories?post=260919"},{"taxonomy":"post_tag","embeddable":true,"href":"https:\/\/dimensionturistica.com\/es\/wp-json\/wp\/v2\/tags?post=260919"}],"curies":[{"name":"wp","href":"https:\/\/api.w.org\/{rel}","templated":true}]}}