{"id":260885,"date":"2022-01-17T13:19:47","date_gmt":"2022-01-17T13:19:47","guid":{"rendered":"https:\/\/dimensionturistica.com\/es\/?p=260885"},"modified":"2022-01-17T13:19:48","modified_gmt":"2022-01-17T13:19:48","slug":"viajes-el-corte-ingles-anuncia-nuevos-servicios-de-lujo-y-renfe-preve-plataforma-de-servicios-en-verano","status":"publish","type":"post","link":"https:\/\/dimensionturistica.com\/es\/viajes-el-corte-ingles-anuncia-nuevos-servicios-de-lujo-y-renfe-preve-plataforma-de-servicios-en-verano\/","title":{"rendered":"Viajes El Corte Ingl\u00e9s anuncia nuevos servicios de lujo y Renfe prev\u00e9 plataforma de servicios en verano"},"content":{"rendered":"<p> <br \/>\n<\/p>\n<div>\n<p><strong>Viajes El Corte Ingl\u00e9s<\/strong> lanzar\u00e1 este a\u00f1o una nueva marca para satisfacer a los clientes de lujo, &#8220;un mercado hasta ahora desatendido&#8221; seg\u00fan explic\u00f3 el consejero delegado de la firma, Jorge Schoenenberger, durante el foro Hotusa Explora que se celebra este lunes en Madrid. La estrategia para superar la disaster causada por la pandemia por parte de El Corte Ingl\u00e9s pasa por diversificarse en tres marcas; Viajes El Corte Ingl\u00e9s, Logitravel (para clientes m\u00e1s j\u00f3venes) y otra marca de lujo con viajes m\u00e1s exclusivos y de precio m\u00e1s alto y que empezar\u00eda a funcionar este verano. Viajes El Corte Ingl\u00e9s tambi\u00e9n ha previsto potenciar los servicios tur\u00edsticos receptivos en destino y mejorar los acuerdos con cadenas hoteleras y de transporte, como una forma de respaldar la oferta de viajes y el servicio al cliente. Tambi\u00e9n ha previsto el respaldo a una universidad de turismo internacional. <\/p>\n<p>\t<span class=\"smallTitle center\">Noticias relacionadas<\/span><\/p>\n<p>Por su parte, <strong>Renfe<\/strong> reafirm\u00f3 este lunes en el mismo foro su objetivo de atraer 20 millones de turistas al tren mediante la potenciaci\u00f3n entre ellos de la venta del servicio de los trenes de alta velocidad y lanzar\u00e1 en verano los nuevos servicios de &#8216;Renfe as a Service&#8217;, internet integrada destinada a la venta de viajes tur\u00edsticos. Ser\u00e1 una nueva plataforma tecnol\u00f3gica que ofrecer\u00e1 soluciones de movilidad integradas para los viajeros con la contrataci\u00f3n completa de medios de transporte punto a punto, de tren pero tambi\u00e9n de veh\u00edculos por carretera.<\/p>\n<p>Seg\u00fan el presidente de Renfe, Isa\u00edas T\u00e0boas, el gran poso de la pandemia ha sido la transformaci\u00f3n de la compa\u00f1\u00eda en sus relaciones con los clientes, actualmente directas. &#8220;Hasta antes de la pandemia no sab\u00edamos quienes eran nuestros clientes, el m\u00e1rketing directo era muy limitado&#8221;, ha explicado T\u00e0boas. Con el covid, Renfe ya conoce con nombre y apellidos a sus clientes y ese es un cambio que ha llegado para quedarse y que multiplica tanto las operaciones comerciales como el servicio personalizado. La thought es que la liberalizaci\u00f3n tambi\u00e9n ha obligado a Renfe a modernizar sus relaciones con los clientes, que tienen ya la potestad de elegir los trenes de las compa\u00f1\u00eda en un marco de competencia. Para el presidente de Renfe, la compa\u00f1\u00eda afronta una nueva etapa de desarrollo en el que la colaboraci\u00f3n con las agencias de viaje va a ganar importancia. <\/p>\n<\/p><\/div>\n\n<p><em> &#8221; Fuentes www.elperiodico.com &#8221; <\/em><\/p>\n","protected":false},"excerpt":{"rendered":"<p>Viajes El Corte Ingl\u00e9s lanzar\u00e1 este a\u00f1o una nueva marca para satisfacer a los clientes de lujo, &#8220;un mercado hasta ahora desatendido&#8221; seg\u00fan explic\u00f3 el consejero delegado de la firma, Jorge Schoenenberger, durante el foro Hotusa Explora que se celebra este lunes en Madrid. La estrategia para superar la disaster causada por la pandemia por [&hellip;]<\/p>\n","protected":false},"author":4,"featured_media":260886,"comment_status":"open","ping_status":"closed","sticky":false,"template":"","format":"standard","meta":{"om_disable_all_campaigns":false,"jnews-multi-image_gallery":[],"jnews_single_post":[],"jnews_primary_category":[],"jnews_social_meta":[],"footnotes":""},"categories":[39],"tags":[544],"class_list":["post-260885","post","type-post","status-publish","format-standard","has-post-thumbnail","hentry","category-viajes","tag-turismo"],"_links":{"self":[{"href":"https:\/\/dimensionturistica.com\/es\/wp-json\/wp\/v2\/posts\/260885","targetHints":{"allow":["GET"]}}],"collection":[{"href":"https:\/\/dimensionturistica.com\/es\/wp-json\/wp\/v2\/posts"}],"about":[{"href":"https:\/\/dimensionturistica.com\/es\/wp-json\/wp\/v2\/types\/post"}],"author":[{"embeddable":true,"href":"https:\/\/dimensionturistica.com\/es\/wp-json\/wp\/v2\/users\/4"}],"replies":[{"embeddable":true,"href":"https:\/\/dimensionturistica.com\/es\/wp-json\/wp\/v2\/comments?post=260885"}],"version-history":[{"count":0,"href":"https:\/\/dimensionturistica.com\/es\/wp-json\/wp\/v2\/posts\/260885\/revisions"}],"wp:featuredmedia":[{"embeddable":true,"href":"https:\/\/dimensionturistica.com\/es\/wp-json\/wp\/v2\/media\/260886"}],"wp:attachment":[{"href":"https:\/\/dimensionturistica.com\/es\/wp-json\/wp\/v2\/media?parent=260885"}],"wp:term":[{"taxonomy":"category","embeddable":true,"href":"https:\/\/dimensionturistica.com\/es\/wp-json\/wp\/v2\/categories?post=260885"},{"taxonomy":"post_tag","embeddable":true,"href":"https:\/\/dimensionturistica.com\/es\/wp-json\/wp\/v2\/tags?post=260885"}],"curies":[{"name":"wp","href":"https:\/\/api.w.org\/{rel}","templated":true}]}}