{"id":260853,"date":"2022-01-17T12:37:02","date_gmt":"2022-01-17T12:37:02","guid":{"rendered":"https:\/\/dimensionturistica.com\/es\/?p=260853"},"modified":"2022-01-17T12:37:03","modified_gmt":"2022-01-17T12:37:03","slug":"cuba-presenta-su-cartera-turistica-ante-empresarios-espanoles","status":"publish","type":"post","link":"https:\/\/dimensionturistica.com\/es\/cuba-presenta-su-cartera-turistica-ante-empresarios-espanoles\/","title":{"rendered":"Cuba presenta su cartera tur\u00edstica ante empresarios espa\u00f1oles"},"content":{"rendered":"<p> <br \/>\n<\/p>\n<div>\n<p>Madrid, 17 ene (Prensa Latina) Cuba present\u00f3 hoy su cartera tur\u00edstica con amplias proyecciones de crecimiento hacia 2030, durante un encuentro con empresarios espa\u00f1oles a prop\u00f3sito de la muestra Fitur 2022.<\/p>\n<p>   El ministro de Turismo de Cuba, Juan Carlos Garc\u00eda Granda, detall\u00f3 las fortalezas de la industria sin chimeneas en la isla caribe\u00f1a, entre las que destac\u00f3 el \u00e9xito de la campa\u00f1a de vacunaci\u00f3n con tres sueros propios que han demostrado su eficacia.<\/p>\n<p>  Garc\u00eda Granda, que encabeza la delegaci\u00f3n de su pa\u00eds en la Feria Internacional de Turismo (Fitur) que comienza este mi\u00e9rcoles en el recinto IFEMA-Madrid, refiri\u00f3 algunos objetivos hacia 2030 como elevar la capacidad hotelera a 95 mil habitaciones y superar los seis millones de visitantes.<\/p>\n<p>   Asimismo, en el intercambio con representantes de distintas firmas del sector en el pa\u00eds ib\u00e9rico, detall\u00f3 concepts para incrementar la esfera inmobiliaria asociadas a campos de golf y marinas, y cit\u00f3 las esperanzas depositadas en Cienfuegos, la llamada Perla del Sur de la mayor de las Antillas.<\/p>\n<p>   Adem\u00e1s, mencion\u00f3 otros proyectos en Artemisa, Pinar del R\u00edo, Holgu\u00edn, Varadero, Matanzas y La Habana.<\/p>\n<p>   A prop\u00f3sito de preguntas desde el auditorio en un resort de esta capital, el ministro admiti\u00f3 que el f\u00e9rreo bloqueo econ\u00f3mico de Estados Unidos, arreciado durante la administraci\u00f3n de Donald Trump, ralentiz\u00f3 el desarrollo del turismo en Cuba, adem\u00e1s de los problemas generados por la pandemia.<\/p>\n<p>   Sin embargo, resalt\u00f3 que en el contexto de las empresas mixtas que funcionan en la isla, el 62 por ciento son con procedencia espa\u00f1ola y anim\u00f3 al \u00e1mbito de negocios en la naci\u00f3n europea a seguir apostando por Cuba.<\/p>\n<p>   Garc\u00eda Granda record\u00f3 que el archipi\u00e9lago cubano tiene m\u00e1s de mil kil\u00f3metros de costas con numerosas playas, nueve sitios Patrimonio de la Humanidad de la Unesco, cuatro Inmateriales, 14 parques nacionales y seis reservas de la biosfera, entre otras atracciones.<\/p>\n<p>   \u201cPese a las campa\u00f1as que insisten en distorsionar nuestra realidad, los invito a que nos visiten y comprueben ustedes mismos. Somos un pa\u00eds seguro, vacunado, solidario y con mucho que ofrecer para un turismo sano, de naturaleza, patrimonio, cultura y playas\u201d, afirm\u00f3 el titular de Turismo de Cuba.<\/p>\n<p>   Fitur, que se extender\u00e1 hasta el domingo, contar\u00e1 con la participaci\u00f3n de 107 pa\u00edses y con Rep\u00fablica Dominicana como socio principal del encuentro, junto con una amplia presencia latinoamericana, con M\u00e9xico, Per\u00fa, Jamaica, Barbados, Cuba, Ecuador, Argentina, Chile, Colombia, Venezuela, Panam\u00e1, Costa Rica y Guatemala, por mencionar algunos.<\/p>\n<p>mem\/ft<\/p>\n<\/p><\/div>\n\n<p><em> &#8221; Fuentes www.prensa-latina.cu &#8221; <\/em><\/p>\n","protected":false},"excerpt":{"rendered":"<p>Madrid, 17 ene (Prensa Latina) Cuba present\u00f3 hoy su cartera tur\u00edstica con amplias proyecciones de crecimiento hacia 2030, durante un encuentro con empresarios espa\u00f1oles a prop\u00f3sito de la muestra Fitur 2022. El ministro de Turismo de Cuba, Juan Carlos Garc\u00eda Granda, detall\u00f3 las fortalezas de la industria sin chimeneas en la isla caribe\u00f1a, entre las [&hellip;]<\/p>\n","protected":false},"author":4,"featured_media":221258,"comment_status":"open","ping_status":"closed","sticky":false,"template":"","format":"standard","meta":{"om_disable_all_campaigns":false,"jnews-multi-image_gallery":[],"jnews_single_post":[],"jnews_primary_category":[],"jnews_social_meta":[],"footnotes":""},"categories":[40],"tags":[956,715,770,35201,544],"class_list":["post-260853","post","type-post","status-publish","format-standard","has-post-thumbnail","hentry","category-industria","tag-cuba","tag-economia","tag-espana","tag-nota-informativa","tag-turismo"],"_links":{"self":[{"href":"https:\/\/dimensionturistica.com\/es\/wp-json\/wp\/v2\/posts\/260853","targetHints":{"allow":["GET"]}}],"collection":[{"href":"https:\/\/dimensionturistica.com\/es\/wp-json\/wp\/v2\/posts"}],"about":[{"href":"https:\/\/dimensionturistica.com\/es\/wp-json\/wp\/v2\/types\/post"}],"author":[{"embeddable":true,"href":"https:\/\/dimensionturistica.com\/es\/wp-json\/wp\/v2\/users\/4"}],"replies":[{"embeddable":true,"href":"https:\/\/dimensionturistica.com\/es\/wp-json\/wp\/v2\/comments?post=260853"}],"version-history":[{"count":0,"href":"https:\/\/dimensionturistica.com\/es\/wp-json\/wp\/v2\/posts\/260853\/revisions"}],"wp:featuredmedia":[{"embeddable":true,"href":"https:\/\/dimensionturistica.com\/es\/wp-json\/wp\/v2\/media\/221258"}],"wp:attachment":[{"href":"https:\/\/dimensionturistica.com\/es\/wp-json\/wp\/v2\/media?parent=260853"}],"wp:term":[{"taxonomy":"category","embeddable":true,"href":"https:\/\/dimensionturistica.com\/es\/wp-json\/wp\/v2\/categories?post=260853"},{"taxonomy":"post_tag","embeddable":true,"href":"https:\/\/dimensionturistica.com\/es\/wp-json\/wp\/v2\/tags?post=260853"}],"curies":[{"name":"wp","href":"https:\/\/api.w.org\/{rel}","templated":true}]}}