{"id":260639,"date":"2022-01-17T00:46:58","date_gmt":"2022-01-17T00:46:58","guid":{"rendered":"https:\/\/dimensionturistica.com\/es\/?p=260639"},"modified":"2022-01-17T00:46:58","modified_gmt":"2022-01-17T00:46:58","slug":"crucero-deja-a-miles-de-pasajeros-atrapados-en-el-caribe-al-cancelar-la-ruta","status":"publish","type":"post","link":"https:\/\/dimensionturistica.com\/es\/crucero-deja-a-miles-de-pasajeros-atrapados-en-el-caribe-al-cancelar-la-ruta\/","title":{"rendered":"Crucero deja a miles de pasajeros atrapados en el Caribe al cancelar la ruta"},"content":{"rendered":"<p> <br \/>\n<\/p>\n<div>\n<p>Luego de la<strong> cancelaci\u00f3n de un crucero de Norwegian Cruise Line<\/strong>, miles de turistas viven la pesadilla de su vida: se quedaron atrapados en el mar hasta que el barco decida regresar a <strong>Nueva York<\/strong>.\u00a0<\/p>\n<p>El barco ha quedado atracado en la isla de San Mart\u00edn, en la parte holandesa del puerto Philipsburg, tras<strong> cancelar un recorrido que se hab\u00eda planeado para tener 10 d\u00edas de duraci\u00f3n<\/strong>.\u00a0<\/p>\n<p>Leer m\u00e1s:\u00a0<a rel=\"nofollow noopener\" target=\"_blank\" href=\"https:\/\/www.debate.com.mx\/mundo\/Buscas-donde-vivir-tras-jubilarte-Seis-de-las-mejores-ciudades-estan-en-America-Latina-20220116-0211.html\">\u00bfBuscas d\u00f3nde vivir tras jubilarte? Seis de las mejores ciudades est\u00e1n en Am\u00e9rica Latina<\/a><\/p>\n<p>Tras la cancelaci\u00f3n, un portavoz de la compa\u00f1\u00eda dijo que para buscar una experiencia segura para todos a bordo del barco y en el marco de la dif\u00edcil situaci\u00f3n de la pandemia en el mudo <strong>se ha tomado la decisi\u00f3n de cancelar los recorridos por el Caribe del &#8220;Norwegian Gem<\/strong>&#8220;.\u00a0<\/p>\n<p>Las causas exactas de esta cancelaci\u00f3n no han sido dadas por la compa\u00f1\u00eda y tampoco se ha dado una respuesta clara de la fecha en la que se regresar\u00e1 a Nueva York, el portavoz solo ha dicho que ser\u00e1 &#8220;en breve&#8221;.\u00a0<\/p>\n<p>Una de las pasajeras del barco dijo que se hab\u00eda subido a el para celebrar su cumplea\u00f1os durante la traves\u00eda y esto ha pasado de ser un d\u00eda inolvidable a una verdadera &#8220;pesadilla&#8221;. &#8220;Realmente no puedo imaginarme cuatro d\u00edas m\u00e1s de mar seguidos sin mucho que hacer&#8221;, dijo Aimee Focaraccio al diario USA In the present day.\u00a0<\/p>\n<p>Los pasajeros podr\u00edan recibir reembolsos completos de sus pasajes, de acuerdo al sitio especializado en cruceros, Cruise Business Information. La industria de los cruceros se ha visto trastocada \u00faltimamente luego de la llegada de la variante \u00d3micron que ha causado aumento en las infecciones a nivel mundial.\u00a0<\/p>\n<p>Los Centros para el Management y Prevenci\u00f3n de Enfermedades de los Estados Unidos ha recalcado que los viajes en cruceros aumentan de manera significativa el riesgo de contraer y propagar el virus, indipendientemente si el pasajero ha recibido vacunas o no.\u00a0<\/p>\n<p>Leer m\u00e1s:\u00a0<a rel=\"nofollow noopener\" target=\"_blank\" href=\"https:\/\/www.debate.com.mx\/mundo\/Usuario-demanda-por-300.000-dolares-a-Mark-Zuckerberg-por-suspenderlo-30-dias-de-Facebook--20220116-0175.html\">Usuario demanda por 300.000 d\u00f3lares a Mark Zuckerberg por suspenderlo 30 d\u00edas de Facebook<\/a><\/p>\n<div class=\"ck-video-player\"> <amp-iframe width=\"640\" height=\"360\" sandbox=\"allow-scripts allow-same-origin allow-presentation\" allowfullscreen=\"\" frameborder=\"0\" layout=\"responsive\" src=\"https:\/\/iframe.debate.com.mx\/ajax\/get_share_video.html?id=\/videos\/video-flash\/2022\/01\/16\/alexbejar2_-_7053633109136313606.mp4\" class=\"i-amphtml-layout-responsive i-amphtml-layout-size-defined\" i-amphtml-layout=\"responsive\"><i-amphtml-sizer style=\"display:block;padding-top:56.25%\"\/> <amp-img src=\"https:\/\/www.debate.com.mx\/img\/2022\/01\/16\/tiktok_nixa_fan.jpg\" layout=\"fill\" placeholder=\"\" class=\"i-amphtml-layout-fill i-amphtml-layout-size-defined\" i-amphtml-layout=\"fill\"\/> <\/amp-iframe><figcaption> \u00a1Una tremendous mini fan! Ni\u00f1a hace fiesta de \u00c1ngela Aguilar e interpreta sus canciones. <\/figcaption><\/div>\n<\/div>\n\n<p><em> &#8221; Fuentes www.debate.com.mx &#8221; <\/em><\/p>\n","protected":false},"excerpt":{"rendered":"<p>Luego de la cancelaci\u00f3n de un crucero de Norwegian Cruise Line, miles de turistas viven la pesadilla de su vida: se quedaron atrapados en el mar hasta que el barco decida regresar a Nueva York.\u00a0 El barco ha quedado atracado en la isla de San Mart\u00edn, en la parte holandesa del puerto Philipsburg, tras cancelar [&hellip;]<\/p>\n","protected":false},"author":4,"featured_media":260640,"comment_status":"open","ping_status":"closed","sticky":false,"template":"","format":"standard","meta":{"om_disable_all_campaigns":false,"jnews-multi-image_gallery":[],"jnews_single_post":[],"jnews_primary_category":[],"jnews_social_meta":[],"footnotes":""},"categories":[41],"tags":[510],"class_list":["post-260639","post","type-post","status-publish","format-standard","has-post-thumbnail","hentry","category-cruceros","tag-covid-19"],"_links":{"self":[{"href":"https:\/\/dimensionturistica.com\/es\/wp-json\/wp\/v2\/posts\/260639","targetHints":{"allow":["GET"]}}],"collection":[{"href":"https:\/\/dimensionturistica.com\/es\/wp-json\/wp\/v2\/posts"}],"about":[{"href":"https:\/\/dimensionturistica.com\/es\/wp-json\/wp\/v2\/types\/post"}],"author":[{"embeddable":true,"href":"https:\/\/dimensionturistica.com\/es\/wp-json\/wp\/v2\/users\/4"}],"replies":[{"embeddable":true,"href":"https:\/\/dimensionturistica.com\/es\/wp-json\/wp\/v2\/comments?post=260639"}],"version-history":[{"count":0,"href":"https:\/\/dimensionturistica.com\/es\/wp-json\/wp\/v2\/posts\/260639\/revisions"}],"wp:featuredmedia":[{"embeddable":true,"href":"https:\/\/dimensionturistica.com\/es\/wp-json\/wp\/v2\/media\/260640"}],"wp:attachment":[{"href":"https:\/\/dimensionturistica.com\/es\/wp-json\/wp\/v2\/media?parent=260639"}],"wp:term":[{"taxonomy":"category","embeddable":true,"href":"https:\/\/dimensionturistica.com\/es\/wp-json\/wp\/v2\/categories?post=260639"},{"taxonomy":"post_tag","embeddable":true,"href":"https:\/\/dimensionturistica.com\/es\/wp-json\/wp\/v2\/tags?post=260639"}],"curies":[{"name":"wp","href":"https:\/\/api.w.org\/{rel}","templated":true}]}}