{"id":260318,"date":"2022-01-16T01:24:24","date_gmt":"2022-01-16T01:24:24","guid":{"rendered":"https:\/\/dimensionturistica.com\/es\/?p=260318"},"modified":"2022-01-16T01:24:26","modified_gmt":"2022-01-16T01:24:26","slug":"viajar-en-avion-en-2022-es-mas-caro-esto-aumento-la-tua","status":"publish","type":"post","link":"https:\/\/dimensionturistica.com\/es\/viajar-en-avion-en-2022-es-mas-caro-esto-aumento-la-tua\/","title":{"rendered":"Viajar en avi\u00f3n en 2022 es m\u00e1s caro. Esto aument\u00f3 la TUA"},"content":{"rendered":"<p> <br \/>\n<\/p>\n<div>\n<p>Si planeas hacer por fin la escapada\u00a0a ese <a rel=\"nofollow noopener\" target=\"_blank\" href=\"https:\/\/www.eluniversal.com.mx\/destinos\"><span style=\"color:#4198fc;\">destino<\/span><\/a> que mueres por conocer, deber\u00edas considerar en tu presupuesto un peque\u00f1o aumento, pues este\u00a0<strong>2022<\/strong> <strong>viajar en avi\u00f3n\u00a0es m\u00e1s caro.<\/strong><\/p>\n<p>La raz\u00f3n es que en diciembre pasado, mediante el Diario Oficial de la Federaci\u00f3n (DOF) se dio a conocer que para este a\u00f1o se autorizar\u00eda un aumento en la<strong> Tarifa de Uso de Aeropuerto<\/strong> (<strong>TUA<\/strong>) para el <strong>Aeropuerto Internacional de la <a rel=\"nofollow noopener\" target=\"_blank\" href=\"https:\/\/www.eluniversal.com.mx\/\">Ciudad de M\u00e9xico<\/a> (AICM)<\/strong>\u00a0 lo que genera un mayor precio en los <strong>viajes en<\/strong> <strong>avi\u00f3n<\/strong> a destinos tanto nacionales como internacionales.<\/p>\n<p>Jes\u00fas Rosano Garc\u00eda, director normal del <b>AICM<\/b>, dio a conocer cu\u00e1les ser\u00edan las <strong>nuevas tarifas de la TUA<\/strong>, mismas que est\u00e1n vigentes desde el 1 de enero hasta el 31 de diciembre del <strong>2022.<\/strong>\u00a0<\/p>\n<p><img decoding=\"async\" alt=\"viajar_avion_tua_2022_2.jpg\" style=\"width:567px;height:378px;\" src=\"https:\/\/www.eluniversal.com.mx\/sites\/default\/files\/u5273\/viajar_avion_tua_2022_2.jpg\"\/>\u00a0(Foto: Pixabay)<\/p>\n<h2> Qu\u00e9 es la TUA y por qu\u00e9 afecta a los viajes en avi\u00f3n<\/h2>\n<p>La <strong>TUA<\/strong> es un cargo a pasajeros que se hace por el uso de las instalaciones y servicios en los distintos <strong>aeropuertos<\/strong> de M\u00e9xico, de acuerdo con Viva Aerob\u00fas.\u00a0Generalmente esta tarifa ya est\u00e1 incluida en el costo del <strong>boleto<\/strong> de <strong>avi\u00f3n<\/strong>, pero algunas aerol\u00edneas desglosan su <strong>precio <\/strong>para mayor transparencia.<\/p>\n<p>La\u00a0<strong>tarifa<\/strong> sirve para mantener y administrar los diferentes <strong>aeropuertos<\/strong> de M\u00e9xico y su costo var\u00eda de ciudad en ciudad. Sin embargo, en esta nota vamos a compartirte los precios que corresponden al AICM.<\/p>\n<p>Hay que tomar en cuenta que esta tarifa suele representar entre el 30% y el 50% del <strong>costo complete de un viaje en avi\u00f3n<\/strong>, por eso afecta directamente al pasajero.<\/p>\n<h2> Cu\u00e1nto aument\u00f3 la TUA en 2022<\/h2>\n<p>La <strong>TUA<\/strong> para el <strong>2022<\/strong>, nacional e internacional, est\u00e1 expresada en d\u00f3lares estadounidenses para mayor facilidad de conversi\u00f3n con respecto a los clientes internacionales.<\/p>\n<p>Mensualmente, el <strong>AICM <\/strong>determinar\u00e1 su valor equivalente en pesos mexicanos, utilizando el promedio mensual del tipo de cambio que publica en el DOF el Banco de M\u00e9xico.<\/p>\n<p>La nueva <strong>TUA<\/strong> para este <strong>2022<\/strong> que afectar\u00e1 los <strong>precios <\/strong>de todos los <strong>viajes<\/strong> en <strong>avi\u00f3n<\/strong> ser\u00e1 la siguiente:<\/p>\n<p>1. <strong>TUA<\/strong> nacional &#8211; 26.02 d\u00f3lares (alrededor 530 pesos mexicanos en enero del 2022).<\/p>\n<p>2. <strong>TUA<\/strong> internacional &#8211; 49.41 d\u00f3lares (alrededor de mil 5 pesos mexicanos en enero del 2022).<\/p>\n<p><img decoding=\"async\" alt=\"viajar_avion_tua_2022_4.jpg\" style=\"width:567px;height:378px;\" src=\"https:\/\/www.eluniversal.com.mx\/sites\/default\/files\/u5273\/viajar_avion_tua_2022_4.jpg\"\/> (Foto: Pixabay)<\/p>\n<p>El incremento, a comparaci\u00f3n del a\u00f1o pasado, fue significativo, pues la tarifa nacional period de 24.50 d\u00f3lares (subi\u00f3 1.50) y la internacional estaba en 46.52 (subi\u00f3 2.89 d\u00f3lares). Esto implica un aumento del 6.2% para el <strong>2022<\/strong>.<\/p>\n<h2> Reglas de aplicaci\u00f3n de la TUA para 2022<\/h2>\n<p>Para que se aplique la\u00a0<strong>TUA<\/strong> al <strong>viajar<\/strong> en <strong>avi\u00f3n<\/strong> se deben cumplir las siguientes normas estipuladas en el DOF.<\/p>\n<p>1. Se aplicar\u00e1 la <strong>TUA<\/strong> nacional a los pasajeros que aborden en cualquier aeropuerto, si su destino last es nacional.<\/p>\n<p>2. Se aplicar\u00e1 la <strong>TUA<\/strong>\u00a0internacional a los pasajeros que aborden en cualquier aeropuerto, si su destino last es el extranjero.<\/p>\n<p>3. Los siguientes pasajeros pagar\u00e1n una <strong>TUA<\/strong> de 0 pesos:<br \/>a) menores de hasta 2 a\u00f1os.<br \/>b) representantes y agentes diplom\u00e1ticos de pa\u00edses extranjeros, en caso de reciprocidad.<br \/>c) pasajeros en tr\u00e1nsito y en conexi\u00f3n en los t\u00e9rminos que decide la Secretar\u00eda de Comunicaciones y Transportes.<br \/>d) Private t\u00e9cnico aeron\u00e1utico en comisi\u00f3n de servicio\u00a0 con licencia vigente, es decir: piloto, copiloto, sobrecargo y mec\u00e1nico de vuelo.<\/p>\n<p><span style=\"color:#4198fc;\">Leer tambi\u00e9n:\u00a0<\/span><a rel=\"nofollow noopener\" target=\"_blank\" href=\"https:\/\/www.eluniversal.com.mx\/destinos\/cuanto-cuesta-la-entrada-a-tephe-parque-acuatico-de-aguas-termales\"><span style=\"color:#4198fc;\">Esto cuesta la entrada a El Teph\u00e9, parque de aguas termales en Hidalgo<\/span><\/a><\/p>\n<p><span style=\"color:#544bb5;\">Recibe todos los viernes Hiya Weekend, nuestro e-newsletter con lo \u00faltimo en gastronom\u00eda, viajes, tecnolog\u00eda, autos, moda y belleza. Suscr\u00edbete aqu\u00ed: <\/span><a rel=\"nofollow noopener\" target=\"_blank\" href=\"https:\/\/www.eluniversal.com.mx\/mi-cuenta\"><span style=\"color:#544bb5;\">https:\/\/www.eluniversal.com.mx\/mi-cuenta<\/span><\/a><\/p>\n<\/div>\n<p><script async defer crossorigin=\"anonymous\" src=\"https:\/\/connect.facebook.net\/es_LA\/sdk.js#xfbml=1&#038;version=v10.0&#038;appId=163316950407128&#038;autoLogAppEvents=1\"><\/script><br \/>\n<br \/><\/p>\n<p><em> &#8221; Fuentes www.eluniversal.com.mx &#8221; <\/em><\/p>\n","protected":false},"excerpt":{"rendered":"<p>Si planeas hacer por fin la escapada\u00a0a ese destino que mueres por conocer, deber\u00edas considerar en tu presupuesto un peque\u00f1o aumento, pues este\u00a02022 viajar en avi\u00f3n\u00a0es m\u00e1s caro. La raz\u00f3n es que en diciembre pasado, mediante el Diario Oficial de la Federaci\u00f3n (DOF) se dio a conocer que para este a\u00f1o se autorizar\u00eda un aumento [&hellip;]<\/p>\n","protected":false},"author":4,"featured_media":260319,"comment_status":"open","ping_status":"closed","sticky":false,"template":"","format":"standard","meta":{"om_disable_all_campaigns":false,"jnews-multi-image_gallery":[],"jnews_single_post":[],"jnews_primary_category":[],"jnews_social_meta":[],"footnotes":""},"categories":[39],"tags":[6985,39234,31206,13888,39235,31851],"class_list":["post-260318","post","type-post","status-publish","format-standard","has-post-thumbnail","hentry","category-viajes","tag-aicm","tag-precio-boleto-avion","tag-tarifa-de-uso-de-aeropuerto","tag-tua","tag-tua-2022","tag-viajar-en-avion"],"_links":{"self":[{"href":"https:\/\/dimensionturistica.com\/es\/wp-json\/wp\/v2\/posts\/260318","targetHints":{"allow":["GET"]}}],"collection":[{"href":"https:\/\/dimensionturistica.com\/es\/wp-json\/wp\/v2\/posts"}],"about":[{"href":"https:\/\/dimensionturistica.com\/es\/wp-json\/wp\/v2\/types\/post"}],"author":[{"embeddable":true,"href":"https:\/\/dimensionturistica.com\/es\/wp-json\/wp\/v2\/users\/4"}],"replies":[{"embeddable":true,"href":"https:\/\/dimensionturistica.com\/es\/wp-json\/wp\/v2\/comments?post=260318"}],"version-history":[{"count":0,"href":"https:\/\/dimensionturistica.com\/es\/wp-json\/wp\/v2\/posts\/260318\/revisions"}],"wp:featuredmedia":[{"embeddable":true,"href":"https:\/\/dimensionturistica.com\/es\/wp-json\/wp\/v2\/media\/260319"}],"wp:attachment":[{"href":"https:\/\/dimensionturistica.com\/es\/wp-json\/wp\/v2\/media?parent=260318"}],"wp:term":[{"taxonomy":"category","embeddable":true,"href":"https:\/\/dimensionturistica.com\/es\/wp-json\/wp\/v2\/categories?post=260318"},{"taxonomy":"post_tag","embeddable":true,"href":"https:\/\/dimensionturistica.com\/es\/wp-json\/wp\/v2\/tags?post=260318"}],"curies":[{"name":"wp","href":"https:\/\/api.w.org\/{rel}","templated":true}]}}