{"id":259563,"date":"2022-01-14T09:29:55","date_gmt":"2022-01-14T09:29:55","guid":{"rendered":"https:\/\/dimensionturistica.com\/es\/?p=259563"},"modified":"2022-01-14T09:29:55","modified_gmt":"2022-01-14T09:29:55","slug":"aunque-no-parece-ser-una-apuesta-para-el-corto-plazo-ebro-foods-resulta-atractiva-para-el-largo-plazo-anadir-p-o-189-eur-acc","status":"publish","type":"post","link":"https:\/\/dimensionturistica.com\/es\/aunque-no-parece-ser-una-apuesta-para-el-corto-plazo-ebro-foods-resulta-atractiva-para-el-largo-plazo-anadir-p-o-189-eur-acc\/","title":{"rendered":"Aunque no parece ser una apuesta para el corto plazo, Ebro Foods resulta atractiva para el largo plazo: A\u00f1adir (P. O. 18,9 eur\/acc)"},"content":{"rendered":"<p> <br \/>\n<\/p>\n<div>\n<p>Alphavalue | <strong>La pandemia fue positiva para Ebro Meals <\/strong>(EBRO), por lo que el regreso a lo que se dio en llamar en Espa\u00f1a \u201cla vieja normalidad\u201d (al menos en lo que se refiere a no sufrir restricciones muy severas y confinamientos) ha resultado en una <strong>demanda menor de pasta y arroz <\/strong>(incluso las de m\u00e1s alta calidad). <\/p>\n<p>A\u00fan as\u00ed,<strong> 2021 parece ser un a\u00f1o notable en comparaci\u00f3n con las cifras de 2019.<\/strong> Con un crecimiento de dos d\u00edgitos frente a dos a\u00f1os vista, el grupo confirma que las decisiones estrat\u00e9gicas tomadas durante el turbulento 2020 (en specific, las ventas de activos en Am\u00e9rica del Norte) parecen ser las correctas. Sin embargo, <strong>el aumento de los m\u00e1rgenes se ha visto frenado por la inflaci\u00f3n de las materias primas. <\/strong>Como resultado, Ebro Meals<strong> no parece ser una apuesta para el corto plazo,<\/strong> pero seguramente<strong> resultar\u00e1 atractiva para cualquier inversor a largo plazo<\/strong> que busque una pol\u00edtica de<strong> dividendos segura <\/strong>con un pay out additional (ocasionales) gracias a las desinversiones. De hecho, en cierto modo, Ebro tambi\u00e9n podr\u00eda considerarse un fondo especializado en todo lo relacionado con la pasta y el arroz.<\/p>\n<div class=\"wp-block-image is-style-default\">\n<figure class=\"aligncenter size-full is-resized\"><img decoding=\"async\" loading=\"lazy\" src=\"https:\/\/consensodelmercado.com\/wp-content\/uploads\/2022\/01\/Ebro_Foods_1.png\" alt=\"\" class=\"wp-image-34729\" width=\"670\" height=\"524\" srcset=\"https:\/\/consensodelmercado.com\/wp-content\/uploads\/2022\/01\/Ebro_Foods_1.png 670w, https:\/\/consensodelmercado.com\/wp-content\/uploads\/2022\/01\/Ebro_Foods_1-300x235.png 300w, https:\/\/consensodelmercado.com\/wp-content\/uploads\/2022\/01\/Ebro_Foods_1-320x250.png 320w\" sizes=\"auto, (max-width: 670px) 100vw, 670px\"\/><\/figure>\n<\/div>\n<div class=\"wp-block-image is-style-default\">\n<figure class=\"aligncenter size-full is-resized\"><img decoding=\"async\" loading=\"lazy\" src=\"https:\/\/consensodelmercado.com\/wp-content\/uploads\/2022\/01\/Ebro_Foods_2.png\" alt=\"\" class=\"wp-image-34730\" width=\"882\" height=\"760\" srcset=\"https:\/\/consensodelmercado.com\/wp-content\/uploads\/2022\/01\/Ebro_Foods_2.png 882w, https:\/\/consensodelmercado.com\/wp-content\/uploads\/2022\/01\/Ebro_Foods_2-300x259.png 300w, https:\/\/consensodelmercado.com\/wp-content\/uploads\/2022\/01\/Ebro_Foods_2-768x662.png 768w, https:\/\/consensodelmercado.com\/wp-content\/uploads\/2022\/01\/Ebro_Foods_2-290x250.png 290w\" sizes=\"auto, (max-width: 882px) 100vw, 882px\"\/><\/figure>\n<\/div>\n<p>Todo lo apuntado sobre Ebro conduce a que nuestros analistas<strong> se decaten por el momento por una recomendaci\u00f3n de \u201ca\u00f1adir\u201d<\/strong>. Los resultados futuros, a\u00fan afectados por unas ventas comparables no muy positivas y la inflaci\u00f3n, a\u00fan podr\u00edan pesar (\u00bfinjustamente?) en el precio de las acciones. Sin embargo, como se mencion\u00f3 anteriormente,<strong> un inversor paciente podr\u00eda encontrar consuelo en Ebro. <\/strong><\/p>\n<p>Con s\u00f3lo un 33,5% de free float y un notable management por parte de la familia Hern\u00e1ndez Callejas (15,95% del capital a trav\u00e9s de Hercalianz y Tradifin) y Corporaci\u00f3n Financiera Alba (comprar, objetivo 75,8 \u20ac ++) (14% del capital),<strong> Ebro es principalmente una firma de non-public fairness<\/strong> enfocada en rentabilidades a largo plazo respaldada por la certeza de que los consumidores seguir\u00e1n demandando arroz y pasta por mucho tiempo.<\/p>\n<p>EBRO FOODS (a\u00f1adir, objetivo 18,9 \u20ac)<\/p>\n<p><!-- Simple Share Buttons Adder (8.2.2) simplesharebuttons.com -->\t\t\t\t\t<\/div>\n\n<p><em> \u2018 The preceding article may include information circulated by third parties \u2019 <\/em><\/p>\n<p><em> \u2018 Some details of this article were extracted from the following source consensodelmercado.com \u2019 <\/em><\/p>\n","protected":false},"excerpt":{"rendered":"<p>Alphavalue | La pandemia fue positiva para Ebro Meals (EBRO), por lo que el regreso a lo que se dio en llamar en Espa\u00f1a \u201cla vieja normalidad\u201d (al menos en lo que se refiere a no sufrir restricciones muy severas y confinamientos) ha resultado en una demanda menor de pasta y arroz (incluso las de [&hellip;]<\/p>\n","protected":false},"author":2,"featured_media":259564,"comment_status":"open","ping_status":"closed","sticky":false,"template":"","format":"standard","meta":{"om_disable_all_campaigns":false,"jnews-multi-image_gallery":[],"jnews_single_post":[],"jnews_primary_category":[],"jnews_social_meta":[],"footnotes":""},"categories":[43],"tags":[],"class_list":["post-259563","post","type-post","status-publish","format-standard","has-post-thumbnail","hentry","category-gourmet"],"_links":{"self":[{"href":"https:\/\/dimensionturistica.com\/es\/wp-json\/wp\/v2\/posts\/259563","targetHints":{"allow":["GET"]}}],"collection":[{"href":"https:\/\/dimensionturistica.com\/es\/wp-json\/wp\/v2\/posts"}],"about":[{"href":"https:\/\/dimensionturistica.com\/es\/wp-json\/wp\/v2\/types\/post"}],"author":[{"embeddable":true,"href":"https:\/\/dimensionturistica.com\/es\/wp-json\/wp\/v2\/users\/2"}],"replies":[{"embeddable":true,"href":"https:\/\/dimensionturistica.com\/es\/wp-json\/wp\/v2\/comments?post=259563"}],"version-history":[{"count":0,"href":"https:\/\/dimensionturistica.com\/es\/wp-json\/wp\/v2\/posts\/259563\/revisions"}],"wp:featuredmedia":[{"embeddable":true,"href":"https:\/\/dimensionturistica.com\/es\/wp-json\/wp\/v2\/media\/259564"}],"wp:attachment":[{"href":"https:\/\/dimensionturistica.com\/es\/wp-json\/wp\/v2\/media?parent=259563"}],"wp:term":[{"taxonomy":"category","embeddable":true,"href":"https:\/\/dimensionturistica.com\/es\/wp-json\/wp\/v2\/categories?post=259563"},{"taxonomy":"post_tag","embeddable":true,"href":"https:\/\/dimensionturistica.com\/es\/wp-json\/wp\/v2\/tags?post=259563"}],"curies":[{"name":"wp","href":"https:\/\/api.w.org\/{rel}","templated":true}]}}