{"id":259390,"date":"2022-01-14T00:24:24","date_gmt":"2022-01-14T00:24:24","guid":{"rendered":"https:\/\/dimensionturistica.com\/es\/?p=259390"},"modified":"2022-01-14T00:24:25","modified_gmt":"2022-01-14T00:24:25","slug":"brasil-prorroga-hasta-febrero-suspension-de-operaciones-de-cruceros","status":"publish","type":"post","link":"https:\/\/dimensionturistica.com\/es\/brasil-prorroga-hasta-febrero-suspension-de-operaciones-de-cruceros\/","title":{"rendered":"Brasil prorroga hasta febrero suspensi\u00f3n de operaciones de cruceros"},"content":{"rendered":"<p> <br \/>\n<\/p>\n<div data-id=\"44014e52\" data-element_type=\"widget\" data-widget_type=\"theme-post-excerpt.default\">\n<p>\n\t\t\tBrasilia, 13 ene (Prensa Latina) La Asociaci\u00f3n Brasile\u00f1a de Cruceros (CLIA) anunci\u00f3 hoy que prorroga hasta el pr\u00f3ximo 4 de febrero la suspensi\u00f3n de las operaciones en los puertos de esta naci\u00f3n sudamericana ante el aumento de casos de Covid-19.\t\t<\/p>\n<\/p><\/div>\n\n<p><em> &#8221; Fuentes www.prensa-latina.cu &#8221; <\/em><\/p>\n","protected":false},"excerpt":{"rendered":"<p>Brasilia, 13 ene (Prensa Latina) La Asociaci\u00f3n Brasile\u00f1a de Cruceros (CLIA) anunci\u00f3 hoy que prorroga hasta el pr\u00f3ximo 4 de febrero la suspensi\u00f3n de las operaciones en los puertos de esta naci\u00f3n sudamericana ante el aumento de casos de Covid-19. &#8221; Fuentes www.prensa-latina.cu &#8221;<\/p>\n","protected":false},"author":4,"featured_media":221258,"comment_status":"open","ping_status":"closed","sticky":false,"template":"","format":"standard","meta":{"om_disable_all_campaigns":false,"jnews-multi-image_gallery":[],"jnews_single_post":[],"jnews_primary_category":[],"jnews_social_meta":[],"footnotes":""},"categories":[41],"tags":[1824,543,715,35201,544],"class_list":["post-259390","post","type-post","status-publish","format-standard","has-post-thumbnail","hentry","category-cruceros","tag-brasil","tag-cruceros","tag-economia","tag-nota-informativa","tag-turismo"],"_links":{"self":[{"href":"https:\/\/dimensionturistica.com\/es\/wp-json\/wp\/v2\/posts\/259390","targetHints":{"allow":["GET"]}}],"collection":[{"href":"https:\/\/dimensionturistica.com\/es\/wp-json\/wp\/v2\/posts"}],"about":[{"href":"https:\/\/dimensionturistica.com\/es\/wp-json\/wp\/v2\/types\/post"}],"author":[{"embeddable":true,"href":"https:\/\/dimensionturistica.com\/es\/wp-json\/wp\/v2\/users\/4"}],"replies":[{"embeddable":true,"href":"https:\/\/dimensionturistica.com\/es\/wp-json\/wp\/v2\/comments?post=259390"}],"version-history":[{"count":0,"href":"https:\/\/dimensionturistica.com\/es\/wp-json\/wp\/v2\/posts\/259390\/revisions"}],"wp:featuredmedia":[{"embeddable":true,"href":"https:\/\/dimensionturistica.com\/es\/wp-json\/wp\/v2\/media\/221258"}],"wp:attachment":[{"href":"https:\/\/dimensionturistica.com\/es\/wp-json\/wp\/v2\/media?parent=259390"}],"wp:term":[{"taxonomy":"category","embeddable":true,"href":"https:\/\/dimensionturistica.com\/es\/wp-json\/wp\/v2\/categories?post=259390"},{"taxonomy":"post_tag","embeddable":true,"href":"https:\/\/dimensionturistica.com\/es\/wp-json\/wp\/v2\/tags?post=259390"}],"curies":[{"name":"wp","href":"https:\/\/api.w.org\/{rel}","templated":true}]}}