{"id":259274,"date":"2022-01-13T19:29:09","date_gmt":"2022-01-13T19:29:09","guid":{"rendered":"https:\/\/dimensionturistica.com\/es\/?p=259274"},"modified":"2022-01-13T19:29:09","modified_gmt":"2022-01-13T19:29:09","slug":"el-festival-que-le-pondra-sabor-a-san-pedro-de-atacama","status":"publish","type":"post","link":"https:\/\/dimensionturistica.com\/es\/el-festival-que-le-pondra-sabor-a-san-pedro-de-atacama\/","title":{"rendered":"el festival que le pondr\u00e1 sabor a San Pedro de Atacama"},"content":{"rendered":"<p> <br \/>\n<\/p>\n<div>\n<p>\u00bfConoces En su salsa? Es el <strong>competition gastron\u00f3mico m\u00e1s importante del<\/strong> <strong>Norte de Chile<\/strong>\u00a0y el que este verano 2022 est\u00e1 de vuelta con todo su sabor.<\/p>\n<p>Esta versi\u00f3n llegar\u00e1 hasta\u00a0<strong>San Pedro de Atacama<\/strong>, donde lo podr\u00e1s disfrutar el <strong>s\u00e1bado 14 de enero<\/strong> y con la gracia de contar con <strong>entrada gratuita<\/strong>.<\/p>\n<figure id=\"attachment_161458\" style=\"width: 900px\" class=\"wp-caption alignnone\"><img decoding=\"async\" class=\"size-full wp-image-161458\" src=\"https:\/\/finde.latercera.com\/wp-content\/uploads\/2022\/01\/En-su-salsa-feria-listo-.jpg\" alt=\"\" width=\"900\" height=\"600\" srcset=\"https:\/\/finde.latercera.com\/wp-content\/uploads\/2022\/01\/En-su-salsa-feria-listo-.jpg 900w, https:\/\/finde.latercera.com\/wp-content\/uploads\/2022\/01\/En-su-salsa-feria-listo--768x512.jpg 768w\" sizes=\"(max-width: 900px) 100vw, 900px\"\/><figcaption class=\"wp-caption-text\">Foto: Competition En su salsa<\/figcaption><\/figure>\n<p>Solo tienes que ir hasta la plaza de la ciudad nortina, donde desde el mediod\u00eda y hasta cerca de las 10 PM encontrar\u00e1s con\u00a0distintos <strong>stands de comida<\/strong> de los restaurantes de San Pedro ofreciendo sus preparaciones, varias con ingredientes t\u00edpicos de la regi\u00f3n.<\/p>\n<p>Adem\u00e1s, habr\u00e1 una muestra de <strong>cocina de pueblos originarios<\/strong>, junto con un<strong> bazar artesan\u00eda y productos de la zona<\/strong>.<\/p>\n<h2>Clases con los cooks del momento<\/h2>\n<figure id=\"attachment_101151\" style=\"width: 900px\" class=\"wp-caption alignnone\"><img decoding=\"async\" class=\"size-full wp-image-101151\" src=\"https:\/\/finde.latercera.com\/wp-content\/uploads\/2019\/07\/Gustavo-S\u00e1ez-ok.jpg\" alt=\"\" width=\"900\" height=\"601\" srcset=\"https:\/\/finde.latercera.com\/wp-content\/uploads\/2019\/07\/Gustavo-S\u00e1ez-ok.jpg 900w, https:\/\/finde.latercera.com\/wp-content\/uploads\/2019\/07\/Gustavo-S\u00e1ez-ok-768x513.jpg 768w\" sizes=\"(max-width: 900px) 100vw, 900px\"\/><figcaption class=\"wp-caption-text\">Foto: Gustavo S\u00e1ez<\/figcaption><\/figure>\n<p>Tambi\u00e9n con un escenario, con Mar\u00eda Jimena Pereyra a cargo de la conducci\u00f3n, y donde se\u00a0dar\u00e1n distintas<strong> clases de cocina<\/strong>\u00a0con reconocidos cooks y a las que te podr\u00e1s sumar free of charge.<\/p>\n<p>Como la de pasteler\u00eda\u00a0que dar\u00e1 a las 2.30 PM <a target=\"_blank\" href=\"https:\/\/www.gustavosaez.cl\/\" rel=\"noopener\">Gustavo S\u00e1ez<\/a>\u00a0(foto superior), el mismo que\u00a0gan\u00f3 el t\u00edtulo de Finest Pastry Chef en 2016 por The World\u2019s 50 Finest Eating places y campe\u00f3n latinoamericano de la Copa del Mundo de Pasteler\u00eda en 2018.<\/p>\n<p>O la de <strong>Javier Avil\u00e9s<\/strong>, el chef detr\u00e1s de la\u00a0<a target=\"_blank\" href=\"https:\/\/finde.latercera.com\/comer\/pulperia-santa-elvira-restaurante-matta\/\" rel=\"noopener\">Pulper\u00eda Santa Elvira<\/a>, en el barrio Matta Sur, que comenzar\u00e1 a las 6 PM.<\/p>\n<p>No te pierdas las 8 PM la clase de <strong>Carolina Baz\u00e1n<\/strong>\u00a0(foto principal), la premiada chef detr\u00e1s de Ambros\u00eda y <a target=\"_blank\" href=\"https:\/\/finde.latercera.com\/comer\/ambrosia-bistro-delivery-fin-de-semana\/\" rel=\"noopener\">Ambros\u00eda Bistr\u00f3<\/a>\u00a0y que es parte del programa de CHV <em>El disc\u00edpulo del chef<\/em>.<\/p>\n<p>Adem\u00e1s, En tu salsa tendr\u00e1 m\u00fasica en vivo, con artistas como el cantautor\u00a0<strong>Nano Stern<\/strong>, quien se subir\u00e1 al mismo escenario a las 9 PM.<\/p>\n<p>Puedes ver m\u00e1s detalles del competition en su <a target=\"_blank\" href=\"https:\/\/festivalensusalsa.cl\/\" rel=\"noopener\">p\u00e1gina web\u00a0<\/a>o en el Instagram <a target=\"_blank\" href=\"https:\/\/www.instagram.com\/lachimba.antofagasta\/?hl=es\" rel=\"noopener\">@lachimba.antofagasta\u00a0<\/a><\/p>\n<p>El evento cuenta con el auspicio de Antofagasta Minerals, la colaboraci\u00f3n de CCU, la Municipalidad de San Pedro de Atacama, FIA y la Seremi de Agricultura.<\/p>\n<\/p><\/div>\n<p><script>\n!function(f,b,e,v,n,t,s)\n{if(f.fbq)return;n=f.fbq=function(){n.callMethod?\nn.callMethod.apply(n,arguments):n.queue.push(arguments)};\nif(!f._fbq)f._fbq=n;n.push=n;n.loaded=!0;n.version='2.0';\nn.queue=[];t=b.createElement(e);t.async=!0;\nt.src=v;s=b.getElementsByTagName(e)[0];\ns.parentNode.insertBefore(t,s)}(window, document,'script',\n'https:\/\/connect.facebook.net\/en_US\/fbevents.js');\nfbq('init', '337244956761913');\nfbq('track', 'PageView');\n<\/script><script>(function(d, s, id) {\n    var js, fjs = d.getElementsByTagName(s)[0];\n    if (d.getElementById(id)) return;\n    js = d.createElement(s); js.id = id;\n    js.src = \"\/\/connect.facebook.net\/es_LA\/sdk.js#xfbml=1&version=v2.8\";\n    fjs.parentNode.insertBefore(js, fjs);\n    }(document, 'script', 'facebook-jssdk'));\n  <\/script><script async defer src=\"https:\/\/platform.instagram.com\/en_US\/embeds.js\"><\/script><br \/>\n<br \/><\/p>\n<p><em> \u2018 The preceding article may include information circulated by third parties \u2019 <\/em><\/p>\n<p><em> \u2018 Some details of this article were extracted from the following source finde.latercera.com \u2019 <\/em><\/p>\n","protected":false},"excerpt":{"rendered":"<p>\u00bfConoces En su salsa? Es el competition gastron\u00f3mico m\u00e1s importante del Norte de Chile\u00a0y el que este verano 2022 est\u00e1 de vuelta con todo su sabor. Esta versi\u00f3n llegar\u00e1 hasta\u00a0San Pedro de Atacama, donde lo podr\u00e1s disfrutar el s\u00e1bado 14 de enero y con la gracia de contar con entrada gratuita. Foto: Competition En su [&hellip;]<\/p>\n","protected":false},"author":2,"featured_media":259275,"comment_status":"open","ping_status":"closed","sticky":false,"template":"","format":"standard","meta":{"om_disable_all_campaigns":false,"jnews-multi-image_gallery":[],"jnews_single_post":[],"jnews_primary_category":[],"jnews_social_meta":[],"footnotes":""},"categories":[43],"tags":[],"class_list":["post-259274","post","type-post","status-publish","format-standard","has-post-thumbnail","hentry","category-gourmet"],"_links":{"self":[{"href":"https:\/\/dimensionturistica.com\/es\/wp-json\/wp\/v2\/posts\/259274","targetHints":{"allow":["GET"]}}],"collection":[{"href":"https:\/\/dimensionturistica.com\/es\/wp-json\/wp\/v2\/posts"}],"about":[{"href":"https:\/\/dimensionturistica.com\/es\/wp-json\/wp\/v2\/types\/post"}],"author":[{"embeddable":true,"href":"https:\/\/dimensionturistica.com\/es\/wp-json\/wp\/v2\/users\/2"}],"replies":[{"embeddable":true,"href":"https:\/\/dimensionturistica.com\/es\/wp-json\/wp\/v2\/comments?post=259274"}],"version-history":[{"count":0,"href":"https:\/\/dimensionturistica.com\/es\/wp-json\/wp\/v2\/posts\/259274\/revisions"}],"wp:featuredmedia":[{"embeddable":true,"href":"https:\/\/dimensionturistica.com\/es\/wp-json\/wp\/v2\/media\/259275"}],"wp:attachment":[{"href":"https:\/\/dimensionturistica.com\/es\/wp-json\/wp\/v2\/media?parent=259274"}],"wp:term":[{"taxonomy":"category","embeddable":true,"href":"https:\/\/dimensionturistica.com\/es\/wp-json\/wp\/v2\/categories?post=259274"},{"taxonomy":"post_tag","embeddable":true,"href":"https:\/\/dimensionturistica.com\/es\/wp-json\/wp\/v2\/tags?post=259274"}],"curies":[{"name":"wp","href":"https:\/\/api.w.org\/{rel}","templated":true}]}}