{"id":259046,"date":"2022-01-13T11:53:07","date_gmt":"2022-01-13T11:53:07","guid":{"rendered":"https:\/\/dimensionturistica.com\/es\/?p=259046"},"modified":"2022-01-13T11:53:08","modified_gmt":"2022-01-13T11:53:08","slug":"iberia-incorpora-a-ricardo-goizueta-de-tourmundial-y-viajes-el-corte-ingles","status":"publish","type":"post","link":"https:\/\/dimensionturistica.com\/es\/iberia-incorpora-a-ricardo-goizueta-de-tourmundial-y-viajes-el-corte-ingles\/","title":{"rendered":"Iberia incorpora a Ricardo Goizueta de Tourmundial y Viajes El Corte Ingl\u00e9s"},"content":{"rendered":"<p> <br \/>\n<\/p>\n<div>\n<p>A finales de diciembre de 2021, el Consejo de Administraci\u00f3n de Iberia acord\u00f3 incorporar a su seno y al de su matriz IB Opco Holding a Ricardo Goizueta, presidente de Tourmundial y consejero de Viajes El Corte Ingl\u00e9s, nombramiento que est\u00e1 pendiente de inscripci\u00f3n en el Registro Mercantil. Goizueta entra en el Consejo de Iberia como su vicepresidente y, adem\u00e1s, presidir\u00e1 la Comisi\u00f3n de Seguridad y formar\u00e1 parte de las comisiones de Auditor\u00eda y Retribuciones. Sustituye a Jorge Pont, miembro del Consejo de Iberia desde la privatizaci\u00f3n de la compa\u00f1\u00eda en 1999.<\/p>\n<\/div>\n<div>\n<p>Licenciado en Ciencias Econ\u00f3micas y Empresariales por la Universidad Complutense de Madrid, Ricardo Goizueta ha desarrollado casi toda su carrera profesional en El Corte Ingl\u00e9s, en Espa\u00f1a y Estados Unidos. En la empresa es director del \u00e1rea digital, responsable de la Estrategia de Clientes y, desde 2020, presidente de Tourmundial y consejero de Viajes El Corte Ingl\u00e9s.<\/p>\n<p>El Consejo de Iberia est\u00e1 formado por nueve miembros m\u00e1s un secretario: por parte de Garanair, V\u00edctor del Pozo, Consejero Delegado de El Corte Ingl\u00e9s; \u00d3scar Fern\u00e1ndez de Llano, Director Financiero de El Corte Ingl\u00e9s, y Ricardo Goizueta, presidente de Tourmundial y consejero de Viajes El Corte Ingl\u00e9s.<\/p>\n<p>Por parte de IAG, Carolina Martinoli, Directora de Personas, Asuntos Corporativos y Sostenibilidad; y por parte de Iberia, su Presidente y CEO, Javier S\u00e1nchez-Prieto; su Directora Comercial y de Desarrollo de Crimson y Alianzas, Mar\u00eda Jes\u00fas L\u00f3pez Sol\u00e1s; su Director Financiero, Jos\u00e9 Antonio Barrionuevo; su Director de Operaciones, Rafael Jim\u00e9nez Hoyos, y su Director Corporativo, Juan Cierco. El secretario del Consejo de Adiministraci\u00f3n de Iberia es Pedro Garc\u00eda-Torres, m\u00e1ximo responsable de Authorized de la aerol\u00ednea.<\/p>\n<div class=\"wysiwyg-photo\"><img decoding=\"async\" title=\"\" src=\"https:\/\/static.hosteltur.com\/app\/public\/uploads\/img\/articles\/2022\/01\/13\/L_124140_iberia-goitiza-2.jpg\" alt=\"\" data-id=\"234521\"\/>  <\/div>\n<\/div>\n\n<p><em> &#8221; Fuentes www.hosteltur.com &#8221; <\/em><\/p>\n","protected":false},"excerpt":{"rendered":"<p>A finales de diciembre de 2021, el Consejo de Administraci\u00f3n de Iberia acord\u00f3 incorporar a su seno y al de su matriz IB Opco Holding a Ricardo Goizueta, presidente de Tourmundial y consejero de Viajes El Corte Ingl\u00e9s, nombramiento que est\u00e1 pendiente de inscripci\u00f3n en el Registro Mercantil. Goizueta entra en el Consejo de Iberia [&hellip;]<\/p>\n","protected":false},"author":4,"featured_media":259047,"comment_status":"open","ping_status":"closed","sticky":false,"template":"","format":"standard","meta":{"om_disable_all_campaigns":false,"jnews-multi-image_gallery":[],"jnews_single_post":[],"jnews_primary_category":[],"jnews_social_meta":[],"footnotes":""},"categories":[39],"tags":[1555],"class_list":["post-259046","post","type-post","status-publish","format-standard","has-post-thumbnail","hentry","category-viajes","tag-transportes"],"_links":{"self":[{"href":"https:\/\/dimensionturistica.com\/es\/wp-json\/wp\/v2\/posts\/259046","targetHints":{"allow":["GET"]}}],"collection":[{"href":"https:\/\/dimensionturistica.com\/es\/wp-json\/wp\/v2\/posts"}],"about":[{"href":"https:\/\/dimensionturistica.com\/es\/wp-json\/wp\/v2\/types\/post"}],"author":[{"embeddable":true,"href":"https:\/\/dimensionturistica.com\/es\/wp-json\/wp\/v2\/users\/4"}],"replies":[{"embeddable":true,"href":"https:\/\/dimensionturistica.com\/es\/wp-json\/wp\/v2\/comments?post=259046"}],"version-history":[{"count":0,"href":"https:\/\/dimensionturistica.com\/es\/wp-json\/wp\/v2\/posts\/259046\/revisions"}],"wp:featuredmedia":[{"embeddable":true,"href":"https:\/\/dimensionturistica.com\/es\/wp-json\/wp\/v2\/media\/259047"}],"wp:attachment":[{"href":"https:\/\/dimensionturistica.com\/es\/wp-json\/wp\/v2\/media?parent=259046"}],"wp:term":[{"taxonomy":"category","embeddable":true,"href":"https:\/\/dimensionturistica.com\/es\/wp-json\/wp\/v2\/categories?post=259046"},{"taxonomy":"post_tag","embeddable":true,"href":"https:\/\/dimensionturistica.com\/es\/wp-json\/wp\/v2\/tags?post=259046"}],"curies":[{"name":"wp","href":"https:\/\/api.w.org\/{rel}","templated":true}]}}