{"id":259014,"date":"2022-01-13T10:28:56","date_gmt":"2022-01-13T10:28:56","guid":{"rendered":"https:\/\/dimensionturistica.com\/es\/?p=259014"},"modified":"2022-01-13T10:28:56","modified_gmt":"2022-01-13T10:28:56","slug":"prohibidos-las-agencias-de-viaje-y-los-guias-turisticos-privados-en-cuba-responde-el-gobierno-a-emprendedores","status":"publish","type":"post","link":"https:\/\/dimensionturistica.com\/es\/prohibidos-las-agencias-de-viaje-y-los-guias-turisticos-privados-en-cuba-responde-el-gobierno-a-emprendedores\/","title":{"rendered":"Prohibidos las agencias de viaje y los gu\u00edas tur\u00edsticos privados en Cuba, responde el Gobierno a emprendedores"},"content":{"rendered":"<p> <br \/>\n<\/p>\n<div itemprop=\"articleBody\">\n<p>La ministra de <a rel=\"nofollow noopener\" target=\"_blank\" href=\"https:\/\/diariodecuba.com\/etiquetas\/ministerio-del-trabajo.html\">Trabajo y Seguridad Social<\/a>, Mar\u00eda Elena Feit\u00f3 Cabrera, <b>ratific\u00f3 la prohibici\u00f3n del ejercicio privado del servicio de gu\u00edas de turismo y agencias de viaje<\/b> en una carta enviada a un grupo de cubanos que reclamaban la legalizaci\u00f3n de estas ocupaciones, inform\u00f3 el cuentapropista cubano Rogers Guilarte <a rel=\"nofollow noopener\" target=\"_blank\" href=\"https:\/\/www.facebook.com\/rioger.guilarte\/posts\/4931731713546414\">en sus redes sociales.<\/a><\/p>\n<p>Guilarte, quien se desempe\u00f1aba como gu\u00eda tur\u00edstico, <a rel=\"nofollow noopener\" target=\"_blank\" href=\"https:\/\/www.facebook.com\/photo?fbid=4931440523575533&amp;set=pcb.4931731713546414\">public\u00f3 la carta<\/a> enviada por Feit\u00f3 Cabrera a seis promotores de esta actividad econ\u00f3mica, en la cual la funcionaria afirm\u00f3 que <b>estas labores est\u00e1n &#8220;asociadas a productos tur\u00edsticos desarrollados y comercializados por las entidades del sistema empresarial del turismo en Cuba&#8221;.<\/b><\/p>\n<p>&#8220;De acuerdo con la pol\u00edtica del <a rel=\"nofollow noopener\" target=\"_blank\" href=\"https:\/\/diariodecuba.com\/etiquetas\/mintur.html\">Ministerio de Turismo<\/a>, <b>no se permiten comercializarse por personas naturales, ni autorizarse a ejercer por las micro, peque\u00f1as y medianas empresas privadas<\/b>, las cooperativas no agropecuarias y los trabajadores por cuenta propia&#8221;, agreg\u00f3 la misiva.<\/p>\n<p>La carta responde a una reuni\u00f3n sostenida por las autoridades cubanas el pasado 23 de septiembre con &#8220;un grupo de promotores de gu\u00edas de <a rel=\"nofollow noopener\" target=\"_blank\" href=\"https:\/\/diariodecuba.com\/etiquetas\/turismo.html?__cf_chl_jschl_tk__=pmd_KUkgwGZGhmJTJVSuOnf7YT6sgoACKkDA7lDBjdSg6Lk-1631016049-0-gqNtZGzNAeWjcnBszQh9\">turismo<\/a>&#8220;, en la cual <b>reclamaron el derecho a ejercer la actividad econ\u00f3mica de forma privada.<\/b><\/p>\n<p>Guilarte, en una publicaci\u00f3n realizada en el grupo de Fb &#8220;Gu\u00edas Tur\u00edsticos por su legalizaci\u00f3n como TCP&#8221;, afirm\u00f3 que <a rel=\"nofollow noopener\" target=\"_blank\" href=\"https:\/\/diariodecuba.com\/etiquetas\/cuentapropismo.html?__cf_chl_jschl_tk__=pmd_01ccdd9168b972296279868a2843a4807357f5d6-1626968800-0-gqNtZGzNAfijcnBszQgi\">un grupo de trabajadores privados<\/a> dedicados a dicha ocupaci\u00f3n <b>comenzaron a exigir la legalizaci\u00f3n del ejercicio en febrero del pasado a\u00f1o<\/b> mediante cartas enviadas a la Presidencia Cuba, el Consejo de Estado y de Ministros, la Asamblea Nacional Cuba, los ministerios de Trabajo y Seguridad Social y Ministerio de Turismo.<\/p>\n<p>A ra\u00edz de las peticiones tuvieron lugar dos reuniones: &#8220;una conjunta con la participaci\u00f3n de viceministros de los citados ministerios y una segunda con los asesores del ministro de Turismo, Juan Carlos Garc\u00eda Granda, donde se expusieron todas las razones de peso incluidas comparaciones con pa\u00edses socialistas (como Vietnam) <b>para que la actividad fuese liberada y se estableciera una pol\u00edtica tributaria acorde, que diera adem\u00e1s, la posibilidad de empleo a muchos profesionales jubilados y j\u00f3venes madres<\/b> que no pueden ejercer al ritmo de las empresas tur\u00edsticas del Estado&#8221;, afirm\u00f3 Guilarte.<\/p>\n<p>&#8220;Hoy, nos enfrentamos a esta carta con redacci\u00f3n malograda y conceptos errados, donde se habla de &#8216;pertenencia&#8217; en lugar de pertinencia y <b>se nos tilda de &#8216;promotores de gu\u00edas de turismo&#8217; cuando somos, en nuestra mayor\u00eda, gu\u00edas formados y preparados<\/b> (sin falsas modestias) por instituciones de ense\u00f1anza de gran prestigio, con un c\u00famulo de experiencias y a\u00f1os en el gremio que solo podr\u00edan ser ignorados por quienes no poseen un entendimiento vasto de nuestras cualidades profesionales&#8221;, agreg\u00f3.<\/p>\n<p>El cuentapropista cubano <b>calific\u00f3 la respuesta de la ministra como un &#8220;acto deliberado de incongruencia gubernamental&#8221;<\/b>, pues cuestion\u00f3 que mientras <a rel=\"nofollow noopener\" target=\"_blank\" href=\"https:\/\/diariodecuba.com\/etiquetas\/miguel-diaz-canel.html\">Miguel D\u00edaz-Canel<\/a>\u00a0&#8220;insta a destrabar, escuchar e impulsar&#8221;, otros funcionarios &#8220;obstaculizan, aletargan o destruyen las esperanzas de ciudadanos (\u2026) de contribuir desde un empleo digno y legal con la responsabilidad de aportar al crecimiento de la naci\u00f3n&#8221;.<\/p>\n<p>&#8220;Resulta inaceptable, indignante y decepcionante a sobremanera percibir que las &#8216;evaluaciones&#8217; que supuestamente tomar\u00edan en cuenta las necesidades de este gremio que no pretende competir con los grandes conglomerados del Estado en la actividad tur\u00edstica, <b>fueron solo un juego de letan\u00edas para llevarnos al punto donde estamos y desde donde interpretamos, se apuesta a rendirnos por cansancio&#8221;<\/b>, a\u00f1adi\u00f3 el gu\u00eda de turismo cubano.<\/p>\n<p>Guilarte afirm\u00f3 que <b>seguir\u00e1n exigiendo la aprobaci\u00f3n de dichas actividades como parte del sector privado<\/b>, porque les &#8220;sobran argumentos&#8221; y les &#8220;faltan razones&#8221; para aceptar la respuesta del Gobierno que &#8220;describe al Ministerio de Turismo como un monolito inamovible que no puede ni pretende atemperarse a los tiempos que corren, con las necesidades de ciudadanos que s\u00f3lo pretenden llevar comida a la mesa de sus familias&#8221;.<\/p>\n<p><strong>El turismo y las actividades asociadas a \u00e9l es uno de los m\u00e1s lucrativos negocios del Gobierno y del conglomerado militar GAESA<\/strong>. En las \u00faltimas d\u00e9cadas, <strong>el emprendimiento privado ha significado una competencia <\/strong>para esos negocios.<\/p>\n<p><b>La pol\u00e9mica entre los trabajadores privados vinculados al turismo y el Gobierno comenz\u00f3 en febrero de 2021<\/b>, cuando aparecieron los turoperadores y agencias de viaje en el listado de los <a rel=\"nofollow noopener\" target=\"_blank\" href=\"https:\/\/diariodecuba.com\/cuba\/1613054989_28758.html\">124 grupos de actividades econ\u00f3micas prohibidas<\/a> para ejercer &#8220;por cuenta propia&#8221;.<\/p>\n<p>Sin embargo, en junio del pasado a\u00f1o a trav\u00e9s de la <a rel=\"nofollow noopener\" target=\"_blank\" href=\"https:\/\/www.gacetaoficial.gob.cu\/es\/resolucion-132-de-2021-de-ministerio-de-turismo%22%20%5Ct%20%22_blank\">Resoluci\u00f3n 132\/21<\/a> del Ministerio de Turismo qued\u00f3 establecido que &#8220;<b>las agencias de viajes nacionales&#8221; ser\u00e1n las \u00fanicas autorizadas a realizar gestiones como la emisi\u00f3n, recepci\u00f3n y\u00a0atenci\u00f3n de turistas<\/b>, la representaci\u00f3n de turoperadores extranjeros, y el dise\u00f1o y comercializaci\u00f3n de paquetes tur\u00edsticos.<\/p>\n<p>Luego, en <a rel=\"nofollow noopener\" target=\"_blank\" href=\"http:\/\/media.cubadebate.cu\/wp-content\/uploads\/2021\/08\/goc-2021-o94-Actores-Economicos.pdf\">la Gaceta Oficial No.94<\/a> del 19 de agosto reaparecieron las actividades de agencias de viajes y servicios de turoperadores <b>entre las prohibidas para el sector privado. <\/b><\/p>\n<\/div>\n\n<p><em> &#8221; Fuentes diariodecuba.com &#8221; <\/em><\/p>\n","protected":false},"excerpt":{"rendered":"<p>La ministra de Trabajo y Seguridad Social, Mar\u00eda Elena Feit\u00f3 Cabrera, ratific\u00f3 la prohibici\u00f3n del ejercicio privado del servicio de gu\u00edas de turismo y agencias de viaje en una carta enviada a un grupo de cubanos que reclamaban la legalizaci\u00f3n de estas ocupaciones, inform\u00f3 el cuentapropista cubano Rogers Guilarte en sus redes sociales. Guilarte, quien [&hellip;]<\/p>\n","protected":false},"author":4,"featured_media":259015,"comment_status":"open","ping_status":"closed","sticky":false,"template":"","format":"standard","meta":{"om_disable_all_campaigns":false,"jnews-multi-image_gallery":[],"jnews_single_post":[],"jnews_primary_category":[],"jnews_social_meta":[],"footnotes":""},"categories":[40],"tags":[39037,715,544],"class_list":["post-259014","post","type-post","status-publish","format-standard","has-post-thumbnail","hentry","category-industria","tag-cuentapropismo","tag-economia","tag-turismo"],"_links":{"self":[{"href":"https:\/\/dimensionturistica.com\/es\/wp-json\/wp\/v2\/posts\/259014","targetHints":{"allow":["GET"]}}],"collection":[{"href":"https:\/\/dimensionturistica.com\/es\/wp-json\/wp\/v2\/posts"}],"about":[{"href":"https:\/\/dimensionturistica.com\/es\/wp-json\/wp\/v2\/types\/post"}],"author":[{"embeddable":true,"href":"https:\/\/dimensionturistica.com\/es\/wp-json\/wp\/v2\/users\/4"}],"replies":[{"embeddable":true,"href":"https:\/\/dimensionturistica.com\/es\/wp-json\/wp\/v2\/comments?post=259014"}],"version-history":[{"count":0,"href":"https:\/\/dimensionturistica.com\/es\/wp-json\/wp\/v2\/posts\/259014\/revisions"}],"wp:featuredmedia":[{"embeddable":true,"href":"https:\/\/dimensionturistica.com\/es\/wp-json\/wp\/v2\/media\/259015"}],"wp:attachment":[{"href":"https:\/\/dimensionturistica.com\/es\/wp-json\/wp\/v2\/media?parent=259014"}],"wp:term":[{"taxonomy":"category","embeddable":true,"href":"https:\/\/dimensionturistica.com\/es\/wp-json\/wp\/v2\/categories?post=259014"},{"taxonomy":"post_tag","embeddable":true,"href":"https:\/\/dimensionturistica.com\/es\/wp-json\/wp\/v2\/tags?post=259014"}],"curies":[{"name":"wp","href":"https:\/\/api.w.org\/{rel}","templated":true}]}}