{"id":258733,"date":"2022-01-12T18:28:30","date_gmt":"2022-01-12T18:28:30","guid":{"rendered":"https:\/\/dimensionturistica.com\/es\/?p=258733"},"modified":"2022-01-12T18:28:31","modified_gmt":"2022-01-12T18:28:31","slug":"david-collado-dominicana-reapertura-dinamismo-emprendimiento","status":"publish","type":"post","link":"https:\/\/dimensionturistica.com\/es\/david-collado-dominicana-reapertura-dinamismo-emprendimiento\/","title":{"rendered":"David Collado: \u201cDominicana reapertura, dinamismo, emprendimiento\u201d"},"content":{"rendered":"<p> <br \/>\n<\/p>\n<div>\n<p><strong>David Collado Morales, ministro de Turismo de Rep\u00fablica Dominicana<\/strong>, llega a Espa\u00f1a con la convicci\u00f3n de la importancia de participar en una de las ferias m\u00e1s importantes del orbe dedicadas al turismo. Sus declaraciones a la prensa as\u00ed lo demuestran.<\/p>\n<p><strong>Art\u00edculo relacionado:<\/strong>\u00a0<a rel=\"nofollow noopener\" target=\"_blank\" href=\"https:\/\/www.caribbeannewsdigital.com\/es\/fitur\/fitur-2022-sera-una-edicion-memorable\">FITUR 2022 ser\u00e1 una edici\u00f3n memorable<\/a><\/p>\n<p>Interrogado acerca de lo que significa para su naci\u00f3n ser <strong>pa\u00eds socio FITUR<\/strong>, el funcionario reconoci\u00f3 la val\u00eda del evento al cual asistir\u00e1 en persona el presidente de la naci\u00f3n caribe\u00f1a con el objetivo de participar personalmente en toda la agenda de la feria. Resalt\u00f3 adem\u00e1s el significado de esta 42\u00aa. edici\u00f3n que se efectuar\u00e1 en el a\u00f1o que ha de ser marcado por la <strong>recuperaci\u00f3n del sector<\/strong>.<\/p>\n<p>\u201cRep\u00fablica Dominicana cree en la recuperaci\u00f3n, cree en el emprendimiento, cree en este tipo de actividades, y apoya firmemente la valent\u00eda que ha tenido IFEMA en realizar esta feria. Nuestro pa\u00eds jug\u00f3 a la apertura y los resultados est\u00e1n ah\u00ed.\u201d<\/p>\n<p>Seg\u00fan afirm\u00f3 Collado Morales, el \u00faltimo cuatrimestre del 2021 marc\u00f3 un r\u00e9cord en la historia del turismo del pa\u00eds. En medio del azote de la pandemia y con mercados emisores importantes como Canad\u00e1 con restricciones de viajes, Rep\u00fablica Dominicana sali\u00f3 adelante y el \u00e9xito se debi\u00f3 en gran medida a las <strong>alianzas<\/strong> entre el sector p\u00fablico y el privado.<\/p>\n<p>Su presencia en FITUR ser\u00e1 adem\u00e1s con un<strong> stand<\/strong> de igual tama\u00f1o que los presentados en a\u00f1os anteriores, lo cual a su entender \u201cda una se\u00f1al clara de liderazgo en la regi\u00f3n, de cu\u00e1l es la creencia del pa\u00eds de salir hacia adelante, de que no ten\u00edamos otra opci\u00f3n.\u201d<\/p>\n<p>Y es que seg\u00fan datos ofrecidos por el ministro el turismo representa para su pa\u00eds un <strong>15% del PIB<\/strong>, otorga <strong>899 mil empleos<\/strong> y genera m\u00e1s de <strong>7 mil millones de d\u00f3lares en divisas<\/strong> cada a\u00f1o. Estas cifras no incluyen los beneficios que el sector ofrece a los emprendedores y a toda la cadena de valor que depende de este importante sector.\u00a0<\/p>\n<p>\u201cLa pandemia nos oblig\u00f3 a usar esta mascarilla pero nos ense\u00f1\u00f3 a mirarnos a los ojos y a unir voluntades y con el apoyo de la <strong>OMT, <\/strong>de<strong> FITUR, <\/strong>de<strong> Iberia<\/strong> hemos salido hacia adelante, ese es el testimonio de la Rep\u00fablica Dominicana\u201d<\/p>\n<p>Otro de los objetivos de Dominicana para esta feria es trasladar el mensaje de que la naci\u00f3n se encuentra<strong> abierta al mundo<\/strong>, es un <strong>destino seguro<\/strong> y ha servido de ejemplo en el <strong>manejo del turismo en medio de una pandemia<\/strong> lo cual lo convierte en un s\u00edmbolo de la recuperaci\u00f3n mundial del sector.<\/p>\n<p>El representante dominicano coment\u00f3 adem\u00e1s c\u00f3mo han mantenido un <strong>monitoreo permanente <\/strong>para saber si la entrada de turismo internacional tendr\u00eda repercusi\u00f3n negativa en la salud de los dominicanos. Para ello, coment\u00f3, han realizado casi tres millones de pruebas y la positividad apenas fue de un 1 %. En los aeropuertos realizan, adem\u00e1s, pruebas aleatorias y la positividad de 0.39 %, lo cual evidencia que, si el turista va a viajar y se siente mal, cancela el vuelo. \u00a0<\/p>\n<p>El arriesgarse, asegura Collado, ha significado para ellos que instituciones internacionales los consideren la <strong>econom\u00eda m\u00e1s fuerte en toda Latinoam\u00e9rica<\/strong>, gracias a la recuperaci\u00f3n r\u00e1pida del turismo.<\/p>\n<p>Aspiran a llevar su oferta tur\u00edstica a otro nivel y mostrar los muchos encantos que tienen y que trascienden el concepto de sol y playa. La <strong>gastronom\u00eda, la cultura, el ecoturismo<\/strong> son tambi\u00e9n incentivos para los viajeros, as\u00ed como el<strong> cari\u00f1o <\/strong>y la<strong> amabilidad<\/strong> de la gente, los cuales considera el principal tesoro.<\/p>\n<p>Estar en <strong>FITUR<\/strong> contribuye a colocar a Rep\u00fablica Dominicana en la mira, repercute de manera positiva mundialmente, adem\u00e1s de ser un <strong>orgullo<\/strong> por considerarse una de las principales ferias tur\u00edsticas del mundo. Es, en definitiva, una se\u00f1al clara de que la Rep\u00fablica Dominicana no se va a parar.<\/p>\n<p>Motivados por las importantes declaraciones del ministro de Turismo, <em><strong>Caribbean Information Digital<\/strong><\/em>, dialog\u00f3 con en exclusiva con <strong>David Collado Morales.<\/strong><\/p>\n<p><em><strong>\u00bfCu\u00e1l es el \u00edndice de vacunaci\u00f3n de la poblaci\u00f3n en Rep\u00fablica Dominicana y qu\u00e9 tipo de vacuna se est\u00e1 administrando?<\/strong><\/em><\/p>\n<p>Toda la industria del turismo, que es lo que respecta a mis funciones, est\u00e1 totalmente vacunada con tres dosis y vamos a una cuarta dosis. Estamos usando Sinovac y tambi\u00e9n Pfizer, y esta combinaci\u00f3n de dos Sinovac y una Pfizer, ha registrado en Rep\u00fablica Dominicana que son muy pocas las personas, por no decir ninguna, que han tenido que ser sometidas a internamiento y que han fallecido. Es una de las f\u00f3rmulas que ha sido mucho m\u00e1s efectiva en el pa\u00eds y se ha comprobado a nivel mundial.<\/p>\n<p><em><strong>Usted hac\u00eda menci\u00f3n a que la recuperaci\u00f3n del sector tur\u00edstico y de los empleos en el pa\u00eds ha sido very important y es una de las posiciones de Estado. El apoyo del Presidente de la Rep\u00fablica a que esto sucediese \u00bfha ayudado directamente al Ministerio de Turismo para que los inversores piensen que tienen que seguir invirtiendo en la Rep\u00fablica Dominicana?<\/strong><\/em><\/p>\n<p>Claro,\u00a0 la determinaci\u00f3n firme del Presidente de la Rep\u00fablica de apoyar las iniciativas que vienen del Gabinete de Turismo ha sido elementary. La misma creaci\u00f3n del gabinete de Turismo es una innovaci\u00f3n, por primera vez\u00a0 la Rep\u00fablica Dominicana tiene en un gabinete todas las instituciones que tienen que ver de manera directa e indirecta con el turismo: los aeropuertos, los que controlan los vuelos a\u00e9reos, la junta de Aviaci\u00f3n civil, el Ministerio de Defensa, Salud P\u00fablica, forman parte de este gabinete,\u00a0 donde mensualmente vemos cu\u00e1les son los retos, cu\u00e1les son las circunstancias que se presentan y por eso hemos podido tomar decisiones r\u00e1pidas y por eso hemos podido recuperar nuestro pa\u00eds. Ha sido elementary la decisi\u00f3n y la voluntad del Presidente de la Rep\u00fablica de apoyar la recuperaci\u00f3n del turismo.<\/p>\n<p><em><strong>El presidente de Iberia dec\u00eda que hoy la Rep\u00fablica Dominicana tiene mejores datos que en el 2019, pero los visitantes que han tenido fundamentalmente han sido norteamericanos, que es el pa\u00eds que estaba abierto \u00bfCu\u00e1ntos vuelos ten\u00edan de Estados Unidos?<\/strong><\/em><\/p>\n<p>Al inicio ten\u00edamos, hasta julio, con la recuperaci\u00f3n de nuestro turismo el 80% period americano; pero en el mes de diciembre, que ha sido el mes hist\u00f3ricamente con mayor visita de extranjeros a Rep\u00fablica Dominicana, fue entre Canad\u00e1 y Estados Unidos un 60%.<\/p>\n<p>Tenemos una gran diversidad en el mercado europeo. Francia est\u00e1 entre los primeros 6 pa\u00edses que visitaron a la Rep\u00fablica Dominicana, Rusia tambi\u00e9n ha emergido fuertemente y Espa\u00f1a es fuerte para la naci\u00f3n.<\/p>\n<p>Nuestro turismo est\u00e1 diversificado, y con el Centro de Inteligencia que tenemos ahora, vemos si viajan en familia, si son turistas de extremo, si son culturales, si son adultos: tenemos toda la informaci\u00f3n, toda la information de lo que entra a Rep\u00fablica Dominicana diariamente y esto nos hace ser mucho m\u00e1s efectivos en nuestra promoci\u00f3n internacional tambi\u00e9n.<\/p>\n<p><em><strong>Diez millones de turistas period la frase \u00bfPodr\u00e1 ser una realidad en un futuro pr\u00f3ximo? \u00bfCalculan ustedes en cu\u00e1nto tiempo?<\/strong><\/em><\/p>\n<p>Estamos confiados de que va a ser una realidad 10 millones de turistas si el mundo no tiene un cambio radical o algo afecta, porque acabamos de ver como el mes de diciembre fue el mejor mes del turismo en nuestro pa\u00eds. Acabamos de ver c\u00f3mo sucedi\u00f3 lo mismo con noviembre, octubre y con septiembre.<\/p>\n<p>Tomemos en cuenta que en el mundo se cancelaron m\u00e1s de 7 mil vuelos en el mes de diciembre, en Rep\u00fablica Dominicana se cancelaron m\u00e1s de 60 vuelos, y, como sea, llegamos a los 728 000 extranjeros, lo que indica claramente que nosotros \u00edbamos rumbo a unos 900 000 extranjeros si esto no hubiera sucedido.<\/p>\n<p><em><strong>Por \u00faltimo, \u00bfel turismo nacional c\u00f3mo ha influido en el mantenimiento de las instalaciones hoteleras del pa\u00eds?<\/strong><\/em><\/p>\n<p>Fue la jugada principal que hicimos: jugamos al turismo interno. La Asociaci\u00f3n de Hoteles y Restaurantes en Rep\u00fablica Dominicana me dec\u00eda que el turismo interno s\u00f3lo representaba un 3% y nosotros jugamos al turismo interno con el Banco Standard, con el banco de Reserva, y hubo un momento que el turismo interno estaba representando un 50%.<\/p>\n<p>El turismo interno de nuestro pa\u00eds fue lo que ayud\u00f3 a que los hoteles pudieran abrir, a mantener la maquinaria, la rueda dando vueltas y hoy en d\u00eda que ya tenemos un mercado extranjero importante, sigue siendo entre el 25 y el 30%.<\/p>\n<p><em><strong>La pregunta econ\u00f3mica \u00bfqu\u00e9 hoteles y qu\u00e9 inversiones nuevas se van a abrir despu\u00e9s de haber estado trabajando durante esta pandemia?<\/strong><\/em><\/p>\n<p>Solo en diciembre que recuerde, Gabriel Escarrer de hoteles Meli\u00e1, acaba de anunciar una inversi\u00f3n de 400 millones de euros en Rep\u00fablica Dominicana inici\u00e1ndolo de inmediato. Los Chapur acaban de anunciar una inversi\u00f3n de unos 300 millones de d\u00f3lares. No se ha parado. La confianza que ha generado este gobierno en la inversi\u00f3n extranjera es significativa y las inversiones que tenemos son de m\u00e1s de 9mil 300 habitaciones nuevas ya aprobadas en Confotur.<\/p>\n<p><strong>Le puede interesar:\u00a0<\/strong><\/p>\n<p>\u00a0<a rel=\"nofollow noopener\" target=\"_blank\" href=\"https:\/\/www.caribbeannewsdigital.com\/es\/entrevistas\/fitur-un-compromiso-con-la-reactivacion-mundial-del-turismo\" hreflang=\"es\">FITUR: un compromiso con la reactivaci\u00f3n mundial del turismo<\/a><\/p>\n<\/div>\n<p><script>!function(f,b,e,v,n,t,s){if(f.fbq)return;n=f.fbq=function(){n.callMethod?n.callMethod.apply(n,arguments):n.queue.push(arguments)};if(!f._fbq)f._fbq=n;n.push=n;n.loaded=!0;n.version='2.0';n.queue=[];t=b.createElement(e);t.async=!0;t.src=v;s=b.getElementsByTagName(e)[0];s.parentNode.insertBefore(t,s)}(window,document,'script','https:\/\/connect.facebook.net\/en_US\/fbevents.js');fbq('init','1464046990282831',[],{\"agent\":\"pldrupal-8-8.8.6\"});fbq('track','PageView',[]);<\/script><script>!function(f,b,e,v,n,t,s){if(f.fbq)return;n=f.fbq=function(){n.callMethod?n.callMethod.apply(n,arguments):n.queue.push(arguments)};if(!f._fbq)f._fbq=n;n.push=n;n.loaded=!0;n.version='2.0';n.queue=[];t=b.createElement(e);t.async=!0;t.src=v;s=b.getElementsByTagName(e)[0];s.parentNode.insertBefore(t,s)}(window,document,'script','https:\/\/connect.facebook.net\/en_US\/fbevents.js');fbq('init','1464046990282831');fbq('track','PageView');<\/script><br \/>\n<br \/><\/p>\n<p><em> &#8221; Fuentes www.caribbeannewsdigital.com &#8221; <\/em><\/p>\n","protected":false},"excerpt":{"rendered":"<p>David Collado Morales, ministro de Turismo de Rep\u00fablica Dominicana, llega a Espa\u00f1a con la convicci\u00f3n de la importancia de participar en una de las ferias m\u00e1s importantes del orbe dedicadas al turismo. Sus declaraciones a la prensa as\u00ed lo demuestran. Art\u00edculo relacionado:\u00a0FITUR 2022 ser\u00e1 una edici\u00f3n memorable Interrogado acerca de lo que significa para su [&hellip;]<\/p>\n","protected":false},"author":4,"featured_media":0,"comment_status":"open","ping_status":"closed","sticky":false,"template":"","format":"standard","meta":{"om_disable_all_campaigns":false,"jnews-multi-image_gallery":[],"jnews_single_post":[],"jnews_primary_category":[],"jnews_social_meta":[],"footnotes":""},"categories":[40],"tags":[4593,1430,544],"class_list":["post-258733","post","type-post","status-publish","format-standard","hentry","category-industria","tag-fitur","tag-republica-dominicana","tag-turismo"],"_links":{"self":[{"href":"https:\/\/dimensionturistica.com\/es\/wp-json\/wp\/v2\/posts\/258733","targetHints":{"allow":["GET"]}}],"collection":[{"href":"https:\/\/dimensionturistica.com\/es\/wp-json\/wp\/v2\/posts"}],"about":[{"href":"https:\/\/dimensionturistica.com\/es\/wp-json\/wp\/v2\/types\/post"}],"author":[{"embeddable":true,"href":"https:\/\/dimensionturistica.com\/es\/wp-json\/wp\/v2\/users\/4"}],"replies":[{"embeddable":true,"href":"https:\/\/dimensionturistica.com\/es\/wp-json\/wp\/v2\/comments?post=258733"}],"version-history":[{"count":0,"href":"https:\/\/dimensionturistica.com\/es\/wp-json\/wp\/v2\/posts\/258733\/revisions"}],"wp:attachment":[{"href":"https:\/\/dimensionturistica.com\/es\/wp-json\/wp\/v2\/media?parent=258733"}],"wp:term":[{"taxonomy":"category","embeddable":true,"href":"https:\/\/dimensionturistica.com\/es\/wp-json\/wp\/v2\/categories?post=258733"},{"taxonomy":"post_tag","embeddable":true,"href":"https:\/\/dimensionturistica.com\/es\/wp-json\/wp\/v2\/tags?post=258733"}],"curies":[{"name":"wp","href":"https:\/\/api.w.org\/{rel}","templated":true}]}}