{"id":258041,"date":"2022-01-11T14:08:38","date_gmt":"2022-01-11T14:08:38","guid":{"rendered":"https:\/\/dimensionturistica.com\/es\/?p=258041"},"modified":"2022-01-11T14:08:39","modified_gmt":"2022-01-11T14:08:39","slug":"los-35-millones-de-euros-otorgados-para-poner-en-marcha-el-plan-de-sostenibilidad-turistica-el-logro-mas-importante-del-pasado-ano","status":"publish","type":"post","link":"https:\/\/dimensionturistica.com\/es\/los-35-millones-de-euros-otorgados-para-poner-en-marcha-el-plan-de-sostenibilidad-turistica-el-logro-mas-importante-del-pasado-ano\/","title":{"rendered":"Los 3,5 millones de euros otorgados para poner en marcha el Plan de Sostenibilidad Tur\u00edstica el logro m\u00e1s importante del pasado a\u00f1o"},"content":{"rendered":"<p> <br \/>\n<\/p>\n<div>\n<h2>Seg\u00fan indico la concejala de Turismo, Industria y Comercio, Mar\u00eda Jes\u00fas L\u00f3pez<\/h2>\n<p>Y lleg\u00f3 el turno de la concejala de Comercio, Turismo e Industria, Mar\u00eda Jes\u00fas L\u00f3pez, que inici\u00f3 su intervenci\u00f3n hablando de satisfacci\u00f3n por el trabajo realizado durante pasado s\u00e1bado, iniciado con la parcela de Industria hablando de las ventas de parcelas del Pol\u00edgono San Rafael, asegurando que se hab\u00edan realizado algunas naves, poniendo como ejemplo de la habilidad de un industrial que al mismo tiempo que compraba una nave, \u201cesta nave le sali\u00f3 gratis pues al mismo tiempo que adquir\u00eda esta nave present\u00f3 un proyecto al PRODER \u201cCampos de Hell\u00edn\u201d que le asignaron 80.000 euros y la nave solo le cost\u00f3 50.000 euros\u201d Negocio redondo. Lo que, asegur\u00f3, demuestra que hay empresarios que apuestas por Hell\u00edn y lo hacen bien, (y tan bien).<\/p>\n<p>M\u00e1s adelante, y sobre este tema se refiri\u00f3 al Mercado Municipal donde indic\u00f3 que \u201cpoco a poco va suscitando inter\u00e9s ten\u00edamos dos puestos nuevos asignados, uno desisti\u00f3, pero en el mismo puesto se va a poner una panader\u00eda-pasteler\u00eda y se est\u00e1 viendo que el casco antiguo hay gente que apuesta por el mercado tradicional haci\u00e9ndolo cada vez m\u00e1s gourmet, m\u00e1s especial, por eso si quieres algo especial ven al Mercado Municipal de Hell\u00edn\u201d.<\/p>\n<p>Ya metida en el \u00e1rea de Turismo la concejala de AEH record\u00f3 la presencia de FITUR el a\u00f1o pasado donde Hell\u00edn estuvo representado por dos stands, lo que period muy interesante para que las administraciones sobre todo la Junta de Comunidades se fije en este municipio, como tambi\u00e9n otros sitios visibles de la mano de SEGITUR donde inclu\u00eda a Hell\u00edn dentro de las ciudades de Destino Tur\u00edstico Inteligente, junto con poblaciones tan importantes en este sentido como Benidorm o Gij\u00f3n.<\/p>\n<p>Tras hablar del convencimiento de que \u201chemos puesto las bases para dar un gran paso hacia un futuro repleto de posibilidades por el enorme potencial y recursos que disponemos\u201d. Apunt\u00f3 como un gran logro la concesi\u00f3n del Gobierno de Espa\u00f1a de 3,5 millones de euros para poner en marcha el Plan de Sostenibilidad Tur\u00edstica, en el municipio de Hell\u00edn; la adhesi\u00f3n a la Pink de Oficinas de Turismo de Castilla-La Mancha; la Campa\u00f1a \u201cSaborea Hell\u00edn\u201d de promoci\u00f3n gastron\u00f3mica.<\/p>\n<p>A prop\u00f3sito de esta \u00faltima iniciativa, indic\u00f3 la necesidad de tener en Hell\u00edn una<br \/>Asociaci\u00f3n de Hosteler\u00eda y Turismo que fuese la mejor de toda Castilla-La Mancha, que explote los recursos para ayudas a extender lo que se estaba realizando por eso se hab\u00eda dise\u00f1ado la campa\u00f1a \u201cSaborea Hell\u00edn\u201d, que se pudo degustar en algunos restaurantes de la ciudad.<\/p>\n<\/p><\/div>\n\n<p><em> &#8221; Fuentes elfarodehellin.com &#8221; <\/em><\/p>\n","protected":false},"excerpt":{"rendered":"<p>Seg\u00fan indico la concejala de Turismo, Industria y Comercio, Mar\u00eda Jes\u00fas L\u00f3pez Y lleg\u00f3 el turno de la concejala de Comercio, Turismo e Industria, Mar\u00eda Jes\u00fas L\u00f3pez, que inici\u00f3 su intervenci\u00f3n hablando de satisfacci\u00f3n por el trabajo realizado durante pasado s\u00e1bado, iniciado con la parcela de Industria hablando de las ventas de parcelas del Pol\u00edgono [&hellip;]<\/p>\n","protected":false},"author":4,"featured_media":258042,"comment_status":"open","ping_status":"closed","sticky":false,"template":"","format":"standard","meta":{"om_disable_all_campaigns":false,"jnews-multi-image_gallery":[],"jnews_single_post":[],"jnews_primary_category":[],"jnews_social_meta":[],"footnotes":""},"categories":[40],"tags":[603],"class_list":["post-258041","post","type-post","status-publish","format-standard","has-post-thumbnail","hentry","category-industria","tag-ayuntamiento"],"_links":{"self":[{"href":"https:\/\/dimensionturistica.com\/es\/wp-json\/wp\/v2\/posts\/258041","targetHints":{"allow":["GET"]}}],"collection":[{"href":"https:\/\/dimensionturistica.com\/es\/wp-json\/wp\/v2\/posts"}],"about":[{"href":"https:\/\/dimensionturistica.com\/es\/wp-json\/wp\/v2\/types\/post"}],"author":[{"embeddable":true,"href":"https:\/\/dimensionturistica.com\/es\/wp-json\/wp\/v2\/users\/4"}],"replies":[{"embeddable":true,"href":"https:\/\/dimensionturistica.com\/es\/wp-json\/wp\/v2\/comments?post=258041"}],"version-history":[{"count":0,"href":"https:\/\/dimensionturistica.com\/es\/wp-json\/wp\/v2\/posts\/258041\/revisions"}],"wp:featuredmedia":[{"embeddable":true,"href":"https:\/\/dimensionturistica.com\/es\/wp-json\/wp\/v2\/media\/258042"}],"wp:attachment":[{"href":"https:\/\/dimensionturistica.com\/es\/wp-json\/wp\/v2\/media?parent=258041"}],"wp:term":[{"taxonomy":"category","embeddable":true,"href":"https:\/\/dimensionturistica.com\/es\/wp-json\/wp\/v2\/categories?post=258041"},{"taxonomy":"post_tag","embeddable":true,"href":"https:\/\/dimensionturistica.com\/es\/wp-json\/wp\/v2\/tags?post=258041"}],"curies":[{"name":"wp","href":"https:\/\/api.w.org\/{rel}","templated":true}]}}