{"id":257148,"date":"2022-01-09T15:30:05","date_gmt":"2022-01-09T15:30:05","guid":{"rendered":"https:\/\/dimensionturistica.com\/es\/?p=257148"},"modified":"2022-01-09T15:32:36","modified_gmt":"2022-01-09T15:32:36","slug":"ediciones-del-lirio-prepara-la-presentacion-del-titulo-la-amplitud-de-la-vida","status":"publish","type":"post","link":"https:\/\/dimensionturistica.com\/es\/ediciones-del-lirio-prepara-la-presentacion-del-titulo-la-amplitud-de-la-vida\/","title":{"rendered":"Ediciones Del Lirio prepara la presentaci\u00f3n del t\u00edtulo La amplitud de la vida"},"content":{"rendered":"<p>Por Mireya Vega<\/p>\n<p>La amplitud de la vida, de Maite Careaga Tag\u00fce\u00f1a (Ciudad de M\u00e9xico, 1970-2020) es el nuevo libro que public\u00f3 Ediciones del Lirio en coedici\u00f3n con la Universidad de los Andes y la Escuela de Gobierno Alberto Lleras Camargo que ser\u00e1 presentado el 21 de enero a las 16:30 horas, en el Museo Kaluz, ubicado en Av. Hidalgo 85, Centro Hist\u00f3rico. Contar\u00e1 con la participaci\u00f3n de Sandra<img decoding=\"async\" class=\"size-medium wp-image-257156 alignright\" src=\"https:\/\/dimensionturistica.com\/es\/wp-content\/uploads\/2022\/01\/ESCRITORA-300x280.jpg\" alt=\"\" width=\"300\" height=\"280\" srcset=\"https:\/\/dimensionturistica.com\/es\/wp-content\/uploads\/2022\/01\/ESCRITORA-300x280.jpg 300w, https:\/\/dimensionturistica.com\/es\/wp-content\/uploads\/2022\/01\/ESCRITORA.jpg 720w\" sizes=\"(max-width: 300px) 100vw, 300px\" \/> Garc\u00eda Jaramillo, Teresa Espinasa, Javier Careaga, Blanca del Valle Perochena y moderar\u00e1 Rub\u00e9n Mendieta.<br \/>\nFallecida antes de la publicaci\u00f3n de este t\u00edtulo, la autora ten\u00eda la intenci\u00f3n de escribir dos libros, uno donde plasmar\u00eda su historia personal a trav\u00e9s de cartas dirigidas a sus hijas mellizas y a su hijo, que se convirti\u00f3 en este libro, pues una de sus mayores aspiraciones era que su experiencia de autodescubrimiento y sus reflexiones aportaran al mundo, que los lectores se preguntaran a s\u00ed mismos por la amplitud de la vida y no tanto por su longitud, de ah\u00ed la propuesta que hace en esta obra. El otro en torno a la espiral del liderazgo consciente, que buscaba habilitar en las personas y en la sociedad la capacidad individual para tomar acci\u00f3n positiva independientemente de las circunstancias o su posici\u00f3n dentro de la situaci\u00f3n.<br \/>\nFue as\u00ed como la tambi\u00e9n doctora en Ciencia Pol\u00edtica por la Universidad de Stanford en California, dispuso el desarrollo y contenido de La amplitud de la vida para el que escribi\u00f3 un gran n\u00famero de cap\u00edtulos, dejando un bosquejo de aquellos que no pudo concluir personalmente, aunque dej\u00f3 claro el camino a seguir para que este se publicara conforme a sus planes. De manera que un grupo de personas revisaron y organizaron sus art\u00edculos, chats, notas cartas y correos electr\u00f3nicos para concretarlo.<br \/>\nIntegrado los cap\u00edtulos \u201cEl a\u00f1o en que las pesadillas se volvieron realidad\u201d, \u201c\u00bfPuedes resistir la tentaci\u00f3n de hacer las cosas que te enferman?\u201d, \u201c\u00bfCu\u00e1les son las cosas que me enferman?\u201d, \u201cLos alimentos del cuerpo y del alma\u201d, \u201cEso que sana\u201d, \u201cLos hilos ancestrales de mi telara\u00f1a vital\u201d, \u201cEL amor que me rodea\u201d y \u201c\u00bfPuedo ser yo completa?\u201d, cuenta con una nota preliminar y un Pr\u00f3logo escrito por Carlos Caballero Arg\u00e1ez, as\u00ed como un Ep\u00edlogo de Javier Careaga Tag\u00fce\u00f1a.<br \/>\nCabe se\u00f1alar que en Universidad de los Andes Careaga Tag\u00fce\u00f1a desempe\u00f1\u00f3 un papel importante al implementar contenidos para la c\u00e1tedra de liderazgo, de manera que profundizaba en temas como la neurociencia, empat\u00eda, consciencia y cambios personales para comprender la naturaleza de esta capacidad.<br \/>\nAnte un diagn\u00f3stico inminente Maite Careaga se convirti\u00f3 en una paciente profesional que<img decoding=\"async\" class=\" wp-image-257157 alignleft\" src=\"https:\/\/dimensionturistica.com\/es\/wp-content\/uploads\/2022\/01\/LIBROESCRITOR-188x300.png\" alt=\"\" width=\"246\" height=\"393\" srcset=\"https:\/\/dimensionturistica.com\/es\/wp-content\/uploads\/2022\/01\/LIBROESCRITOR-188x300.png 188w, https:\/\/dimensionturistica.com\/es\/wp-content\/uploads\/2022\/01\/LIBROESCRITOR.png 402w\" sizes=\"(max-width: 246px) 100vw, 246px\" \/> investigaba y cuestionaba a sus m\u00e9dicos. Es muy interesante y aleccionador el comentario de Maite en el sentido de que su pasado profesional, su entrenamiento para ayudar a otros a desarrollar habilidades emocionales y sociales, as\u00ed como la lectura de un libro que la liber\u00f3 de pensarse como una estad\u00edstica y que reforz\u00f3 su capacidad para pensar en curarse, para creer en los tratamientos, convirtieron \u201c(su) proceso de sanaci\u00f3n en un proyecto de liderazgo consciente\u201d, se\u00f1ala en el Pr\u00f3logo Carlos Caballero Arg\u00e1ez.<br \/>\n\u201cMaite escribe que se ha reencontrado gracias a que ha podido abrirse \u2018en la amplitud total del momento presente\u2019. Y a\u00f1ade \u2018Abrirnos a la amplitud de nuestras vidas nos lleva a explorar y experimentar cosas inc\u00f3modas, dolorosas, no deseadas, pero tambi\u00e9n a poder verlas con nuevos ojos para encontrar tesoros y, en medio del proceso, abrirles la puerta, la puerta inmensa de nuestra conciencia, del amor que somos.\u2019\u201d<br \/>\n\u201cLa amplitud entre otras cosas, es ese espacio de balance entre lo femenino y lo masculino, en el que todo sucede en medio de la bondad, la entrega y la gratitud. De alguna manera lo que he urgado y comprendido sobre mi pasado me permite reconstruir el presente -con un entendimiento real y actualizado de mi vida- para desde ah\u00ed crear el futuro: un futuro que surge d\u00eda a d\u00eda desde la amplitud\u201d, explica ella.<br \/>\nLa presentaci\u00f3n del 21 de enero tambi\u00e9n se transmitir\u00e1 por redes sociales a trav\u00e9s de https:\/\/www.facebook.com\/edicionesdellirio y el t\u00edtulo estar\u00e1 a la venta en librer\u00edas El P\u00e9ndulo, S\u00f3tano, Fondo de Cultura Econ\u00f3mica y en el sitio www.edicionesdellirio.com.mx.<br \/>\nPor Mireya Vega<\/p>\n<p>&nbsp;<\/p>\n","protected":false},"excerpt":{"rendered":"<p>Por Mireya Vega La amplitud de la vida, de Maite Careaga Tag\u00fce\u00f1a (Ciudad de M\u00e9xico, 1970-2020) es el nuevo libro que public\u00f3 Ediciones del Lirio en coedici\u00f3n con la Universidad de los Andes y la Escuela de Gobierno Alberto Lleras Camargo que ser\u00e1 presentado el 21 de enero a las 16:30 horas, en el Museo [&hellip;]<\/p>\n","protected":false},"author":1,"featured_media":257155,"comment_status":"open","ping_status":"closed","sticky":false,"template":"","format":"standard","meta":{"om_disable_all_campaigns":false,"jnews-multi-image_gallery":[],"jnews_single_post":{"source_name":"","source_url":"","via_name":"","via_url":"","override_template":"0","override":[{"template":"1","single_blog_custom":"","parallax":"1","fullscreen":"1","layout":"right-sidebar","sidebar":"default-sidebar","second_sidebar":"default-sidebar","sticky_sidebar":"1","share_position":"top","share_float_style":"share-monocrhome","show_share_counter":"1","show_view_counter":"1","show_featured":"1","show_post_meta":"1","show_post_author":"1","show_post_author_image":"1","show_post_date":"1","post_date_format":"default","post_date_format_custom":"Y\/m\/d","show_post_category":"1","show_post_reading_time":"0","post_reading_time_wpm":"300","show_zoom_button":"0","zoom_button_out_step":"2","zoom_button_in_step":"3","show_post_tag":"1","show_prev_next_post":"1","show_popup_post":"1","number_popup_post":"1","show_author_box":"0","show_post_related":"0","show_inline_post_related":"0"}],"override_image_size":"0","image_override":[{"single_post_thumbnail_size":"crop-500","single_post_gallery_size":"crop-500"}],"trending_post":"0","trending_post_position":"meta","trending_post_label":"Trending","sponsored_post":"0","sponsored_post_label":"Sponsored by","sponsored_post_name":"","sponsored_post_url":"","sponsored_post_logo_enable":"0","sponsored_post_logo":"","sponsored_post_desc":"","disable_ad":"0"},"jnews_primary_category":{"id":""},"jnews_social_meta":{"fb_title":"","fb_description":"","fb_image":"","twitter_title":"","twitter_description":"","twitter_image":""},"footnotes":""},"categories":[40],"tags":[],"class_list":["post-257148","post","type-post","status-publish","format-standard","has-post-thumbnail","hentry","category-industria"],"_links":{"self":[{"href":"https:\/\/dimensionturistica.com\/es\/wp-json\/wp\/v2\/posts\/257148","targetHints":{"allow":["GET"]}}],"collection":[{"href":"https:\/\/dimensionturistica.com\/es\/wp-json\/wp\/v2\/posts"}],"about":[{"href":"https:\/\/dimensionturistica.com\/es\/wp-json\/wp\/v2\/types\/post"}],"author":[{"embeddable":true,"href":"https:\/\/dimensionturistica.com\/es\/wp-json\/wp\/v2\/users\/1"}],"replies":[{"embeddable":true,"href":"https:\/\/dimensionturistica.com\/es\/wp-json\/wp\/v2\/comments?post=257148"}],"version-history":[{"count":0,"href":"https:\/\/dimensionturistica.com\/es\/wp-json\/wp\/v2\/posts\/257148\/revisions"}],"wp:featuredmedia":[{"embeddable":true,"href":"https:\/\/dimensionturistica.com\/es\/wp-json\/wp\/v2\/media\/257155"}],"wp:attachment":[{"href":"https:\/\/dimensionturistica.com\/es\/wp-json\/wp\/v2\/media?parent=257148"}],"wp:term":[{"taxonomy":"category","embeddable":true,"href":"https:\/\/dimensionturistica.com\/es\/wp-json\/wp\/v2\/categories?post=257148"},{"taxonomy":"post_tag","embeddable":true,"href":"https:\/\/dimensionturistica.com\/es\/wp-json\/wp\/v2\/tags?post=257148"}],"curies":[{"name":"wp","href":"https:\/\/api.w.org\/{rel}","templated":true}]}}