{"id":256824,"date":"2022-01-08T17:22:59","date_gmt":"2022-01-08T17:22:59","guid":{"rendered":"https:\/\/dimensionturistica.com\/es\/?p=256824"},"modified":"2022-01-08T17:22:59","modified_gmt":"2022-01-08T17:22:59","slug":"riviera-maya-en-franca-recuperacion-con-apertura-de-nuevos-hoteles-y-alza-en-ocupacion","status":"publish","type":"post","link":"https:\/\/dimensionturistica.com\/es\/riviera-maya-en-franca-recuperacion-con-apertura-de-nuevos-hoteles-y-alza-en-ocupacion\/","title":{"rendered":"Riviera Maya en franca recuperaci\u00f3n con apertura de nuevos hoteles y alza en ocupaci\u00f3n"},"content":{"rendered":"<p><img decoding=\"async\" class=\"size-medium wp-image-256855 alignleft\" src=\"https:\/\/dimensionturistica.com\/es\/wp-content\/uploads\/2022\/01\/riviera-maya-300x225.jpg\" alt=\"\" width=\"300\" height=\"225\" srcset=\"https:\/\/dimensionturistica.com\/es\/wp-content\/uploads\/2022\/01\/riviera-maya-300x225.jpg 300w, https:\/\/dimensionturistica.com\/es\/wp-content\/uploads\/2022\/01\/riviera-maya-768x576.jpg 768w, https:\/\/dimensionturistica.com\/es\/wp-content\/uploads\/2022\/01\/riviera-maya-750x563.jpg 750w, https:\/\/dimensionturistica.com\/es\/wp-content\/uploads\/2022\/01\/riviera-maya.jpg 1000w\" sizes=\"(max-width: 300px) 100vw, 300px\" \/>Aunque sin alcanzar las cifras de ocupaci\u00f3n registradas antes de la pandemia, la Riviera Maya avanz\u00f3 en el 2021 hacia una franca recuperaci\u00f3n tur\u00edstica con la apertura de cuatro nuevos hoteles de gran lujo y la incorporaci\u00f3n de 1,380 habitaciones a su oferta de alojamiento y contempla para este a\u00f1o inversiones hoteleras por 477 millones de d\u00f3lares.<br \/>\nEl Presidente de la Asociaci\u00f3n de Hoteles de la Riviera Maya (AHRM), Toni Chaves aplaudi\u00f3 la decisi\u00f3n del Presidente Andr\u00e9s Manuel L\u00f3pez Obrador por trabajar en forma conjunta con los hoteleros y empresarios del destino para buscar un nuevo trazo del Tren Maya que tenga las menores afectaciones durante el proceso de construcci\u00f3n, especialmente al tr\u00e1fico vial que pueda ocasionar a los miles de turistas y trabajadores que a diario utilizan esa importante carretera.<br \/>\n\u201cEl nuevo trazo ya se nos present\u00f3 y estamos trabajando en peque\u00f1as modificaciones acordadas entre FONATUR y las Asociaciones de Hoteles de Riviera Maya y Tulum. Estamos en la mejor disposici\u00f3n de continuar el di\u00e1logo por el bien de la conectividad que beneficiar\u00e1 al desarrollo y crecimiento tur\u00edstico del Caribe Mexicano. Si nos va bien en Quintana Roo, le va bien a M\u00e9xico en materia econ\u00f3mica y tur\u00edstica\u201d, puntualiz\u00f3.<br \/>\nPor otra parte, Manuel Paredes, Director Ejecutivo de la AHRM, revel\u00f3 que en este 2022 se<img decoding=\"async\" class=\"size-medium wp-image-256856 alignright\" src=\"https:\/\/dimensionturistica.com\/es\/wp-content\/uploads\/2022\/01\/investir-playa-del-carmen-et-tulum-300x225.jpg\" alt=\"\" width=\"300\" height=\"225\" srcset=\"https:\/\/dimensionturistica.com\/es\/wp-content\/uploads\/2022\/01\/investir-playa-del-carmen-et-tulum-300x225.jpg 300w, https:\/\/dimensionturistica.com\/es\/wp-content\/uploads\/2022\/01\/investir-playa-del-carmen-et-tulum-1024x768.jpg 1024w, https:\/\/dimensionturistica.com\/es\/wp-content\/uploads\/2022\/01\/investir-playa-del-carmen-et-tulum-768x576.jpg 768w, https:\/\/dimensionturistica.com\/es\/wp-content\/uploads\/2022\/01\/investir-playa-del-carmen-et-tulum-750x563.jpg 750w, https:\/\/dimensionturistica.com\/es\/wp-content\/uploads\/2022\/01\/investir-playa-del-carmen-et-tulum.jpg 1080w\" sizes=\"(max-width: 300px) 100vw, 300px\" \/> prev\u00e9 la apertura de 3 nuevos desarrollos hoteleros, como son el Hilton (400 mdd), Valent\u00edn Imperial (66 mdd) y El Esplendor by Wynham Tulum (11 mdd), con una oferta superior a las 2 mil habitaciones.<br \/>\nEl directivo precis\u00f3 que el destino cerr\u00f3 el 2021 con un promedio de ocupaci\u00f3n de un 52 por ciento, 20 puntos por encima del 32 por ciento registrado el a\u00f1o pasado, pero por debajo del 79 por ciento del 2019.<br \/>\nEn el pasado mes de diciembre, el destino cerr\u00f3 con una ocupaci\u00f3n de casi un 76 por ciento en la demanda de cuartos debido a la gran afluencia de visitantes nacionales e internacionales que llegaron para celebrar fin de a\u00f1o a trav\u00e9s de las 2,686 llegadas a\u00e9reas nacionales y 5,696 internacionales.<br \/>\nDe igual forma, la Riviera Maya cerr\u00f3 el a\u00f1o pasado con 52 mil habitaciones en operaci\u00f3n (43 mil 771 de Solidaridad y 8,390 de Tulum) y se recuperaron empleos hasta alcanzar los 86 mil directos con la apertura de nuevos hoteles de gran lujo como Nickelodeon Hotels &amp; Resorts Riviera Maya e Xcaret Arte, entre otros.<br \/>\nToni Chaves destac\u00f3 que el reto para este a\u00f1o ser\u00e1n no bajar la guardia, sin reforzar los protocolos de seguridad para seguir manteniendo a la Riviera Maya como un destino seguro frente al COVID-19 y a las nuevas variantes como \u00d3micron y otras que pudieran surgir en el presente a\u00f1o.<br \/>\n\u201cConfiamos en seguir trabajando unidos gobierno, sociedad y empresarios para actuar con responsabilidad como lo hemos hecho hasta ahora ante una pandemia que a\u00fan no termina\u201d, coment\u00f3 Toni Chaves, quien adelant\u00f3 que asistir\u00e1n a la pr\u00f3xima Feria Internacional de Turismo (FITUR), a celebrarse en Espa\u00f1a, en la que tienen confirmada reuniones con algunos de los principales tour operadores.<br \/>\nFinalmente, el dirigente empresarial destac\u00f3 los buenos resultados que se han obtenido al trabajar en forma coordinada con los tres niveles de gobierno al lograr que el Ayuntamiento de Solidaridad pusiera orden en la 5ta. Avenida as\u00ed como lograr con el apoyo del gobierno federal de una mayor presencia de la Guardia Nacional que contribuya a la seguridad de turistas y habitantes de uno de los principales destinos tur\u00edsticos de M\u00e9xico y del mundo.<\/p>\n","protected":false},"excerpt":{"rendered":"<p>Aunque sin alcanzar las cifras de ocupaci\u00f3n registradas antes de la pandemia, la Riviera Maya avanz\u00f3 en el 2021 hacia una franca recuperaci\u00f3n tur\u00edstica con la apertura de cuatro nuevos hoteles de gran lujo y la incorporaci\u00f3n de 1,380 habitaciones a su oferta de alojamiento y contempla para este a\u00f1o inversiones hoteleras por 477 millones [&hellip;]<\/p>\n","protected":false},"author":1,"featured_media":256854,"comment_status":"open","ping_status":"closed","sticky":false,"template":"","format":"standard","meta":{"om_disable_all_campaigns":false,"jnews-multi-image_gallery":[],"jnews_single_post":{"source_name":"","source_url":"","via_name":"","via_url":"","override_template":"0","override":[{"template":"1","single_blog_custom":"","parallax":"1","fullscreen":"1","layout":"right-sidebar","sidebar":"default-sidebar","second_sidebar":"default-sidebar","sticky_sidebar":"1","share_position":"top","share_float_style":"share-monocrhome","show_share_counter":"1","show_view_counter":"1","show_featured":"1","show_post_meta":"1","show_post_author":"1","show_post_author_image":"1","show_post_date":"1","post_date_format":"default","post_date_format_custom":"Y\/m\/d","show_post_category":"1","show_post_reading_time":"0","post_reading_time_wpm":"300","show_zoom_button":"0","zoom_button_out_step":"2","zoom_button_in_step":"3","show_post_tag":"1","show_prev_next_post":"1","show_popup_post":"1","number_popup_post":"1","show_author_box":"0","show_post_related":"0","show_inline_post_related":"0"}],"override_image_size":"0","image_override":[{"single_post_thumbnail_size":"crop-500","single_post_gallery_size":"crop-500"}],"trending_post":"0","trending_post_position":"meta","trending_post_label":"Trending","sponsored_post":"0","sponsored_post_label":"Sponsored by","sponsored_post_name":"","sponsored_post_url":"","sponsored_post_logo_enable":"0","sponsored_post_logo":"","sponsored_post_desc":"","disable_ad":"0"},"jnews_primary_category":{"id":""},"jnews_social_meta":{"fb_title":"","fb_description":"","fb_image":"","twitter_title":"","twitter_description":"","twitter_image":""},"footnotes":""},"categories":[39],"tags":[],"class_list":["post-256824","post","type-post","status-publish","format-standard","has-post-thumbnail","hentry","category-viajes"],"_links":{"self":[{"href":"https:\/\/dimensionturistica.com\/es\/wp-json\/wp\/v2\/posts\/256824","targetHints":{"allow":["GET"]}}],"collection":[{"href":"https:\/\/dimensionturistica.com\/es\/wp-json\/wp\/v2\/posts"}],"about":[{"href":"https:\/\/dimensionturistica.com\/es\/wp-json\/wp\/v2\/types\/post"}],"author":[{"embeddable":true,"href":"https:\/\/dimensionturistica.com\/es\/wp-json\/wp\/v2\/users\/1"}],"replies":[{"embeddable":true,"href":"https:\/\/dimensionturistica.com\/es\/wp-json\/wp\/v2\/comments?post=256824"}],"version-history":[{"count":0,"href":"https:\/\/dimensionturistica.com\/es\/wp-json\/wp\/v2\/posts\/256824\/revisions"}],"wp:featuredmedia":[{"embeddable":true,"href":"https:\/\/dimensionturistica.com\/es\/wp-json\/wp\/v2\/media\/256854"}],"wp:attachment":[{"href":"https:\/\/dimensionturistica.com\/es\/wp-json\/wp\/v2\/media?parent=256824"}],"wp:term":[{"taxonomy":"category","embeddable":true,"href":"https:\/\/dimensionturistica.com\/es\/wp-json\/wp\/v2\/categories?post=256824"},{"taxonomy":"post_tag","embeddable":true,"href":"https:\/\/dimensionturistica.com\/es\/wp-json\/wp\/v2\/tags?post=256824"}],"curies":[{"name":"wp","href":"https:\/\/api.w.org\/{rel}","templated":true}]}}