{"id":256392,"date":"2022-01-07T17:36:44","date_gmt":"2022-01-07T17:36:44","guid":{"rendered":"https:\/\/dimensionturistica.com\/es\/?p=256392"},"modified":"2022-01-07T17:36:44","modified_gmt":"2022-01-07T17:36:44","slug":"minerva-foods-se-expande-en-colombia-abre-oficina-en-casanare","status":"publish","type":"post","link":"https:\/\/dimensionturistica.com\/es\/minerva-foods-se-expande-en-colombia-abre-oficina-en-casanare\/","title":{"rendered":"Minerva Foods se expande en Colombia; abre oficina en Casanare"},"content":{"rendered":"<p> <br \/>\n<\/p>\n<div>\n<div class=\"td-post-featured-image\"><img decoding=\"async\" width=\"696\" height=\"392\" class=\"entry-thumb\" src=\"https:\/\/www.valoraanalitik.com\/wp-content\/uploads\/2022\/01\/Minerva-foods-696x392.jpg\" srcset=\"https:\/\/www.valoraanalitik.com\/wp-content\/uploads\/2022\/01\/Minerva-foods-696x392.jpg 696w, https:\/\/www.valoraanalitik.com\/wp-content\/uploads\/2022\/01\/Minerva-foods-300x169.jpg 300w, https:\/\/www.valoraanalitik.com\/wp-content\/uploads\/2022\/01\/Minerva-foods-1024x576.jpg 1024w, https:\/\/www.valoraanalitik.com\/wp-content\/uploads\/2022\/01\/Minerva-foods-150x84.jpg 150w, https:\/\/www.valoraanalitik.com\/wp-content\/uploads\/2022\/01\/Minerva-foods-768x432.jpg 768w, https:\/\/www.valoraanalitik.com\/wp-content\/uploads\/2022\/01\/Minerva-foods-1068x601.jpg 1068w, https:\/\/www.valoraanalitik.com\/wp-content\/uploads\/2022\/01\/Minerva-foods-747x420.jpg 747w, https:\/\/www.valoraanalitik.com\/wp-content\/uploads\/2022\/01\/Minerva-foods.jpg 1200w\" sizes=\"(max-width: 696px) 100vw, 696px\" alt=\"\" title=\"Minerva-foods\"\/><\/div>\n<p>Minerva Meals, empresa dedicada a la comercializaci\u00f3n de ganado gordo en Colombia y a exportaciones de carne vacuna en Am\u00e9rica del Sur, <strong>lleg\u00f3 al departamento de Casanare con su nueva sede de compra<\/strong>. <strong><a target=\"_blank\" href=\"https:\/\/www.valoraanalitik.com\/noticias-empresariales\/\" rel=\"noreferrer noopener\">Para m\u00e1s informaci\u00f3n de empresas haga clic aqu\u00ed<\/a><\/strong>.<\/p>\n<p>La nueva oficina, seg\u00fan la compa\u00f1\u00eda, estar\u00e1 ubicada en la sede de la C\u00e1mara de Comercio de Casanare.<\/p>\n<p>De esta manera la compa\u00f1\u00eda estar\u00e1 cerca de los productores locales para brindar asesor\u00eda y acompa\u00f1amiento en el proceso de compra de ganado, intensificando la relaci\u00f3n con sus proveedores.<\/p>\n<p>\u201cPara Minerva Foods es motivo de orgullo llegar al Casanare, segundo hato ganadero m\u00e1s grande del pa\u00eds y con grandes oportunidades de tecnificaci\u00f3n y expansi\u00f3n\u201d, se\u00f1al\u00f3 Leandro Protzen, COO de Minerva Meals en Colombia.<\/p>\n<h3 id=\"h-recomendado-minerva-foods-presentaria-menor-riesgo-de-vinculacion-con-la-deforestacion\">Recomendado: <a target=\"_blank\" href=\"https:\/\/www.valoraanalitik.com\/2021\/02\/01\/minerva-foods-presentaria-menor-riesgo-de-vinculacion-con-la-deforestacion\/\" rel=\"noreferrer noopener\">Minerva Foods presentar\u00eda menor riesgo de vinculaci\u00f3n con la deforestaci\u00f3n<\/a><\/h3>\n<p>Y a\u00f1adi\u00f3 que \u201cestamos seguros que nuestra llegada aportar\u00e1 al desarrollo y fortalecimiento de la ganader\u00eda local, llevar\u00e1 conocimiento a los ganaderos de la zona y seguir\u00e1 posicionando la carne colombiana de la mejor calidad en los mercados internacionales\u201d.<\/p>\n<p>Cabe recordar que Minerva Meals arrib\u00f3 al pa\u00eds en 2015 con la adquisici\u00f3n del frigor\u00edfico Pink C\u00e1rnica, ubicado en Ci\u00e9naga de Oro, C\u00f3rdoba.<\/p>\n<p>En 2020, ampli\u00f3 su presencia en Colombia con la compra del Frigor\u00edfico Vijagual, en Bucaramanga (Santander) posicion\u00e1ndose como una compa\u00f1\u00eda con una destacada capacidad instalada en el territorio colombiano para el procesamiento de carne bovina.<\/p>\n<h3>Recomendado: <a target=\"_blank\" href=\"https:\/\/www.valoraanalitik.com\/2020\/08\/08\/athena-foods-adquiere-en-colombia-planta-de-sacrificio-de-ganado-en-santander\/\" rel=\"noreferrer noopener\">Athena Foods adquiere en Colombia planta de sacrificio de ganado en Santander<\/a><\/h3>\n<p>En la actualidad Minerva Meals genera m\u00e1s de 1.500 empleos directos en Colombia y cerca de 7.000 empleos indirectos, de los cuales se destacan su amplia la de proveedores ubicados en las principales regiones ganaderas del pa\u00eds.<\/p>\n<p>Desde Colombia, Minerva Meals llega a mercados internacionales como Chile, Rusia, Arabia Saudita, Emiratos \u00c1rabes Unidos, entre otros.<\/p>\n<div class=\"code-block code-block-7\" style=\"margin: 8px auto; text-align: center; display: block; clear: both;\">\n<a target=\"_blank\" href=\"https:\/\/news.google.com\/publications\/CAAiEKLndMd6COgf5Pbrf2fLiNQqFAgKIhCi53THegjoH-T2639ny4jU?oc=3&amp;ceid=CO:es-419\" rel=\"noopener\"><img decoding=\"async\" width=\"100%\" loading=\"lazy\" alt=\"Convierta a ValoraAnalitik en su fuente de noticias\" title=\"Convierta a ValoraAnalitik en su fuente de noticias\" class=\"lazyload\" src=\"https:\/\/www.valoraanalitik.com\/wp-content\/uploads\/2020\/06\/convierta-valora.jpg\"\/><\/a><\/div>\n<\/div>\n\n<p><em> \u2018 The preceding article may include information circulated by third parties \u2019 <\/em><\/p>\n<p><em> \u2018 Some details of this article were extracted from the following source www.valoraanalitik.com \u2019 <\/em><\/p>\n","protected":false},"excerpt":{"rendered":"<p>Minerva Meals, empresa dedicada a la comercializaci\u00f3n de ganado gordo en Colombia y a exportaciones de carne vacuna en Am\u00e9rica del Sur, lleg\u00f3 al departamento de Casanare con su nueva sede de compra. Para m\u00e1s informaci\u00f3n de empresas haga clic aqu\u00ed. La nueva oficina, seg\u00fan la compa\u00f1\u00eda, estar\u00e1 ubicada en la sede de la C\u00e1mara [&hellip;]<\/p>\n","protected":false},"author":2,"featured_media":0,"comment_status":"open","ping_status":"closed","sticky":false,"template":"","format":"standard","meta":{"om_disable_all_campaigns":false,"jnews-multi-image_gallery":[],"jnews_single_post":[],"jnews_primary_category":[],"jnews_social_meta":[],"footnotes":""},"categories":[43],"tags":[],"class_list":["post-256392","post","type-post","status-publish","format-standard","hentry","category-gourmet"],"_links":{"self":[{"href":"https:\/\/dimensionturistica.com\/es\/wp-json\/wp\/v2\/posts\/256392","targetHints":{"allow":["GET"]}}],"collection":[{"href":"https:\/\/dimensionturistica.com\/es\/wp-json\/wp\/v2\/posts"}],"about":[{"href":"https:\/\/dimensionturistica.com\/es\/wp-json\/wp\/v2\/types\/post"}],"author":[{"embeddable":true,"href":"https:\/\/dimensionturistica.com\/es\/wp-json\/wp\/v2\/users\/2"}],"replies":[{"embeddable":true,"href":"https:\/\/dimensionturistica.com\/es\/wp-json\/wp\/v2\/comments?post=256392"}],"version-history":[{"count":0,"href":"https:\/\/dimensionturistica.com\/es\/wp-json\/wp\/v2\/posts\/256392\/revisions"}],"wp:attachment":[{"href":"https:\/\/dimensionturistica.com\/es\/wp-json\/wp\/v2\/media?parent=256392"}],"wp:term":[{"taxonomy":"category","embeddable":true,"href":"https:\/\/dimensionturistica.com\/es\/wp-json\/wp\/v2\/categories?post=256392"},{"taxonomy":"post_tag","embeddable":true,"href":"https:\/\/dimensionturistica.com\/es\/wp-json\/wp\/v2\/tags?post=256392"}],"curies":[{"name":"wp","href":"https:\/\/api.w.org\/{rel}","templated":true}]}}