{"id":256203,"date":"2022-01-07T11:58:52","date_gmt":"2022-01-07T11:58:52","guid":{"rendered":"https:\/\/dimensionturistica.com\/es\/?p=256203"},"modified":"2022-01-07T11:58:52","modified_gmt":"2022-01-07T11:58:52","slug":"la-nacion-turistas-generaron-us-33-millones","status":"publish","type":"post","link":"https:\/\/dimensionturistica.com\/es\/la-nacion-turistas-generaron-us-33-millones\/","title":{"rendered":"La Naci\u00f3n \/ Turistas generaron US$ 33 millones"},"content":{"rendered":"<p> <br \/>\n<\/p>\n<div>\n<p class=\"paragraph\">La ministra de la Senatur, Sof\u00eda Montiel, inform\u00f3 acerca de los n\u00fameros dej\u00f3 el 2021 para el sector, los cuales son muy auspiciosos, al igual que las medidas de reducci\u00f3n tributaria que fueron extendidas por el gobierno nacional.<\/p>\n<p class=\"paragraph\">Manifest\u00f3 que la ampliaci\u00f3n para seguir pagando el 50% del IVA hasta marzo, beneficio que ya se hab\u00eda extendido el a\u00f1o anterior en el marco de la disaster por la pandemia para los sectores de turismo, eventos, gastronom\u00eda y hoteler\u00eda; es muy importante como apoyo econ\u00f3mico. \u201cEsta ayuda es bastante auspiciosa porque sabemos que el impacto en la econom\u00eda fue duro y por eso necesitamos dar tiempo, de modo a que el sector pueda recuperarse nuevamente\u201d, expres\u00f3 en entrevista con Paraguay TV.<\/p>\n<p class=\"paragraph\">Con relaci\u00f3n a los buenos n\u00fameros que dej\u00f3 el 2021, Montiel detall\u00f3 que ingresaron unos 94.846 turistas internacionales, seg\u00fan una recopilaci\u00f3n del Observatorio Tur\u00edstico de la Senatur, en base a datos de Migraciones.<\/p>\n<p class=\"paragraph\">De los casi 95 mil turistas que llegaron de enero a diciembre del a\u00f1o pasado, 64.759 ingresaron por v\u00eda terrestre, 30.083 lo hicieron por v\u00eda a\u00e9rea, y 4 por la v\u00eda fluvial, siendo el mes de diciembre el que experiment\u00f3 un crecimiento sostenido desde setiembre, superando los 5.000 turistas para llegar al \u00faltimo mes con 33.194. Lo que vuelve interesante a la llegada de los turistas internacionales es la generaci\u00f3n de ingresos que durante todo el a\u00f1o movilizaron unos US$ 33 millones estimativos.<\/p>\n<p class=\"paragraph\"><b>PROCEDENCIA DE LOS EXTRANJEROS<\/b><\/p>\n<p class=\"paragraph\">En cuanto al origen de los turistas, se destaca en primer lugar los de Argentina, con 35.755 personas; Brasil con 28.200; Alemania con 4.793; seguido de EEUU con 4.612; Bolivia, Espa\u00f1a y, en menor medida, de Colombia, Uruguay, Chile y Per\u00fa. Como sector est\u00e1n con mucha esperanza y optimismo de que la reactivaci\u00f3n pueda ser sostenible, al tiempo de ser conscientes de que todo depende del nivel de vacunaci\u00f3n, de los cuidados necesarios que debe tener cada visitante al llegar a un lugar.<\/p>\n<p class=\"paragraph\">Montiel se\u00f1al\u00f3 que para ellos, tanto los lugares tur\u00edsticos como prestadores de servicios fueron entrenados y que cuentan con las condiciones para el cumplimiento de los protocolos sanitarios, pero es preciso que los turistas y visitantes sean responsables.<\/p>\n<\/div>\n<p><script>!function(f,b,e,v,n,t,s)\n          {if(f.fbq)return;n=f.fbq=function(){n.callMethod?\n          n.callMethod.apply(n,arguments):n.queue.push(arguments)};\n          if(!f._fbq)f._fbq=n;n.push=n;n.loaded=!0;n.version='2.0';\n          n.queue=[];t=b.createElement(e);t.async=!0;\n          t.src=v;s=b.getElementsByTagName(e)[0];\n          s.parentNode.insertBefore(t,s)}(window, document,'script',\n          'https:\/\/connect.facebook.net\/en_US\/fbevents.js');\n          fbq('init', '291189108605310');\n          fbq('track', 'PageView');<\/script><br \/>\n<br \/><\/p>\n<p><em> &#8221; Fuentes www.lanacion.com.py &#8221; <\/em><\/p>\n","protected":false},"excerpt":{"rendered":"<p>La ministra de la Senatur, Sof\u00eda Montiel, inform\u00f3 acerca de los n\u00fameros dej\u00f3 el 2021 para el sector, los cuales son muy auspiciosos, al igual que las medidas de reducci\u00f3n tributaria que fueron extendidas por el gobierno nacional. Manifest\u00f3 que la ampliaci\u00f3n para seguir pagando el 50% del IVA hasta marzo, beneficio que ya se [&hellip;]<\/p>\n","protected":false},"author":4,"featured_media":256204,"comment_status":"open","ping_status":"closed","sticky":false,"template":"","format":"standard","meta":{"om_disable_all_campaigns":false,"jnews-multi-image_gallery":[],"jnews_single_post":[],"jnews_primary_category":[],"jnews_social_meta":[],"footnotes":""},"categories":[40],"tags":[544],"class_list":["post-256203","post","type-post","status-publish","format-standard","has-post-thumbnail","hentry","category-industria","tag-turismo"],"_links":{"self":[{"href":"https:\/\/dimensionturistica.com\/es\/wp-json\/wp\/v2\/posts\/256203","targetHints":{"allow":["GET"]}}],"collection":[{"href":"https:\/\/dimensionturistica.com\/es\/wp-json\/wp\/v2\/posts"}],"about":[{"href":"https:\/\/dimensionturistica.com\/es\/wp-json\/wp\/v2\/types\/post"}],"author":[{"embeddable":true,"href":"https:\/\/dimensionturistica.com\/es\/wp-json\/wp\/v2\/users\/4"}],"replies":[{"embeddable":true,"href":"https:\/\/dimensionturistica.com\/es\/wp-json\/wp\/v2\/comments?post=256203"}],"version-history":[{"count":0,"href":"https:\/\/dimensionturistica.com\/es\/wp-json\/wp\/v2\/posts\/256203\/revisions"}],"wp:featuredmedia":[{"embeddable":true,"href":"https:\/\/dimensionturistica.com\/es\/wp-json\/wp\/v2\/media\/256204"}],"wp:attachment":[{"href":"https:\/\/dimensionturistica.com\/es\/wp-json\/wp\/v2\/media?parent=256203"}],"wp:term":[{"taxonomy":"category","embeddable":true,"href":"https:\/\/dimensionturistica.com\/es\/wp-json\/wp\/v2\/categories?post=256203"},{"taxonomy":"post_tag","embeddable":true,"href":"https:\/\/dimensionturistica.com\/es\/wp-json\/wp\/v2\/tags?post=256203"}],"curies":[{"name":"wp","href":"https:\/\/api.w.org\/{rel}","templated":true}]}}