{"id":256056,"date":"2022-01-07T03:09:23","date_gmt":"2022-01-07T03:09:23","guid":{"rendered":"https:\/\/dimensionturistica.com\/es\/?p=256056"},"modified":"2022-01-07T03:09:24","modified_gmt":"2022-01-07T03:09:24","slug":"la-nacion-argentina-no-descarta-volver-a-cerrar-fronteras","status":"publish","type":"post","link":"https:\/\/dimensionturistica.com\/es\/la-nacion-argentina-no-descarta-volver-a-cerrar-fronteras\/","title":{"rendered":"La Naci\u00f3n \/ Argentina no descarta volver a cerrar fronteras"},"content":{"rendered":"<p> <br \/>\n<\/p>\n<div>\n<p class=\"paragraph\">Seg\u00fan una reciente publicaci\u00f3n de TN Noticias de Argentina, para la jefa de Gabinete del Ministerio de Salud de la Naci\u00f3n de ese pa\u00eds, Sonia Tarragona, no se puede descartar que el gobierno (argentino) vuelva a cerrar sus fronteras.<\/p>\n<p class=\"paragraph\">Esto tras los nuevos casos de contagios del covid-19 por la variante \u00d3micron, que bate nuevos r\u00e9cords por su amplia capacidad de contagiar a un alto n\u00famero de personas en poco tiempo.<\/p>\n<p class=\"paragraph\">\u201cClaro que estamos preocupados, en cuestiones de fronteras en este momento no estamos evaluando ninguna restricci\u00f3n, pero tampoco podemos descartarlo. Hace un mes ninguno esperaba que pudi\u00e9ramos tener una explosi\u00f3n de casos as\u00ed. La pandemia nos tiene en alerta todo el tiempo y no se puede descartar un cierre de fronteras u otras restricciones en los pr\u00f3ximos meses\u201d, advirti\u00f3 en contacto con TN.<\/p>\n<p class=\"paragraph\">El vecino pa\u00eds fue el que mantuvo cerrados por m\u00e1s tiempo sus pasos fronterizos desde la aparici\u00f3n del covid-19 en la regi\u00f3n, en marzo del 2020, para reci\u00e9n liberarlos a principios del mes de noviembre para el turismo extranjero debido a una mejor\u00eda en la situaci\u00f3n epidemiol\u00f3gica en ese entonces.<\/p>\n<p class=\"paragraph\"><b>PASOS FRONTERIZOS<\/b><\/p>\n<p class=\"paragraph\">Dicha apertura con Paraguay solo habilit\u00f3 al principio el cruce por el Puente Internacional San Roque Gonz\u00e1lez de Santa Cruz entre las ciudades de Encarnaci\u00f3n y Posadas, dejando en espera incluso hasta antes de Navidad para el paso de mayor afluencia entre Puerto Falc\u00f3n-Clorinda, que fue habilitado finalmente el 14 de diciembre.<\/p>\n<p class=\"paragraph\">Esta noticia no ser\u00e1 del agrado de muchos compatriotas, ya sea para aquellos que vinieron de visita luego de un largo tiempo a pasar con familiares las fiestas o disfrutar de las vacaciones, as\u00ed como para los sectores del transporte internacional de pasajeros, agencias de viajes y actividades afines que estuvieron parados por casi dos a\u00f1os sin poder operar debido al cierre de frontera.<\/p>\n<p class=\"paragraph\">Ante la probabilidad de aplicaci\u00f3n de m\u00e1s restricciones, la funcionaria de Estado de la Argentina mencion\u00f3 al medio que desde hace tiempo la decisi\u00f3n qued\u00f3 en manos de los gobernadores de cada provincia debido a que la realidad en distintas jurisdicciones es muy diferente y que las recomendaciones nacionales son el piso o el m\u00ednimo.<\/p>\n<p class=\"paragraph\"><b>\u00d3MICRON SIGUE PROPAG\u00c1NDOSE<\/b><\/p>\n<p class=\"paragraph\"><i><b>Melbourne, Australia. <\/b><\/i><i><b>AFP.<\/b><\/i><\/p>\n<p class=\"paragraph\">La variante \u00d3micron del coronavirus sigue extendi\u00e9ndose como un reguero de p\u00f3lvora por todo el mundo y provocando cifras r\u00e9cord de nuevos contagios diarios que obligan a decretar cierres y nuevas restricciones cuando est\u00e1n a punto de cumplirse dos a\u00f1os de pandemia. El mi\u00e9rcoles, Estados Unidos, el pa\u00eds m\u00e1s enlutado del mundo con m\u00e1s de 832.000 fallecidos por covid-19, registr\u00f3 unos 600.000 nuevos casos. Estas cifras obligaron a posponer la gala de entrega de los prestigiosos premios de la m\u00fasica Grammy, prevista para el 31 de enero, mientras el competition de cine Sundance, previsto del 20 al 30 de enero en Utah, se realizar\u00e1 en l\u00ednea.<\/p>\n<p class=\"paragraph\">En Am\u00e9rica Latina, Per\u00fa, el pa\u00eds con la mayor tasa de mortalidad por covid-19 en el mundo (612 decesos por cada 100.000 habitantes en un pa\u00eds de 33 millones de habitantes), registr\u00f3 el mi\u00e9rcoles 8.687 nuevos casos confirmados en un d\u00eda, la cifra m\u00e1s alta en ocho meses.<\/p>\n<\/div>\n<p><script>!function(f,b,e,v,n,t,s)\n          {if(f.fbq)return;n=f.fbq=function(){n.callMethod?\n          n.callMethod.apply(n,arguments):n.queue.push(arguments)};\n          if(!f._fbq)f._fbq=n;n.push=n;n.loaded=!0;n.version='2.0';\n          n.queue=[];t=b.createElement(e);t.async=!0;\n          t.src=v;s=b.getElementsByTagName(e)[0];\n          s.parentNode.insertBefore(t,s)}(window, document,'script',\n          'https:\/\/connect.facebook.net\/en_US\/fbevents.js');\n          fbq('init', '291189108605310');\n          fbq('track', 'PageView');<\/script><br \/>\n<br \/><\/p>\n<p><em> &#8221; Fuentes www.lanacion.com.py &#8221; <\/em><\/p>\n","protected":false},"excerpt":{"rendered":"<p>Seg\u00fan una reciente publicaci\u00f3n de TN Noticias de Argentina, para la jefa de Gabinete del Ministerio de Salud de la Naci\u00f3n de ese pa\u00eds, Sonia Tarragona, no se puede descartar que el gobierno (argentino) vuelva a cerrar sus fronteras. Esto tras los nuevos casos de contagios del covid-19 por la variante \u00d3micron, que bate nuevos [&hellip;]<\/p>\n","protected":false},"author":4,"featured_media":256057,"comment_status":"open","ping_status":"closed","sticky":false,"template":"","format":"standard","meta":{"om_disable_all_campaigns":false,"jnews-multi-image_gallery":[],"jnews_single_post":[],"jnews_primary_category":[],"jnews_social_meta":[],"footnotes":""},"categories":[40],"tags":[768],"class_list":["post-256056","post","type-post","status-publish","format-standard","has-post-thumbnail","hentry","category-industria","tag-argentina"],"_links":{"self":[{"href":"https:\/\/dimensionturistica.com\/es\/wp-json\/wp\/v2\/posts\/256056","targetHints":{"allow":["GET"]}}],"collection":[{"href":"https:\/\/dimensionturistica.com\/es\/wp-json\/wp\/v2\/posts"}],"about":[{"href":"https:\/\/dimensionturistica.com\/es\/wp-json\/wp\/v2\/types\/post"}],"author":[{"embeddable":true,"href":"https:\/\/dimensionturistica.com\/es\/wp-json\/wp\/v2\/users\/4"}],"replies":[{"embeddable":true,"href":"https:\/\/dimensionturistica.com\/es\/wp-json\/wp\/v2\/comments?post=256056"}],"version-history":[{"count":0,"href":"https:\/\/dimensionturistica.com\/es\/wp-json\/wp\/v2\/posts\/256056\/revisions"}],"wp:featuredmedia":[{"embeddable":true,"href":"https:\/\/dimensionturistica.com\/es\/wp-json\/wp\/v2\/media\/256057"}],"wp:attachment":[{"href":"https:\/\/dimensionturistica.com\/es\/wp-json\/wp\/v2\/media?parent=256056"}],"wp:term":[{"taxonomy":"category","embeddable":true,"href":"https:\/\/dimensionturistica.com\/es\/wp-json\/wp\/v2\/categories?post=256056"},{"taxonomy":"post_tag","embeddable":true,"href":"https:\/\/dimensionturistica.com\/es\/wp-json\/wp\/v2\/tags?post=256056"}],"curies":[{"name":"wp","href":"https:\/\/api.w.org\/{rel}","templated":true}]}}